{"id":4213,"date":"2018-06-05T13:10:00","date_gmt":"2018-06-05T12:10:00","guid":{"rendered":"https:\/\/www.slavonski-planinari.hr\/arhiva\/?p=4213"},"modified":"2023-01-25T13:12:09","modified_gmt":"2023-01-25T12:12:09","slug":"25-antunovski-piknik","status":"publish","type":"post","link":"https:\/\/www.slavonski-planinari.hr\/arhiva\/25-antunovski-piknik\/","title":{"rendered":"25. Antunovski piknik"},"content":{"rendered":"<p>[et_pb_section fb_built=&#8221;1&#8243; theme_builder_area=&#8221;post_content&#8221; _builder_version=&#8221;4.19.4&#8243; _module_preset=&#8221;default&#8221;][et_pb_row _builder_version=&#8221;4.19.4&#8243; _module_preset=&#8221;default&#8221; theme_builder_area=&#8221;post_content&#8221;][et_pb_column _builder_version=&#8221;4.19.4&#8243; _module_preset=&#8221;default&#8221; type=&#8221;4_4&#8243; theme_builder_area=&#8221;post_content&#8221;][et_pb_text _builder_version=&#8221;4.19.4&#8243; _module_preset=&#8221;default&#8221; theme_builder_area=&#8221;post_content&#8221; hover_enabled=&#8221;0&#8243; sticky_enabled=&#8221;0&#8243;]<\/p>\n<div class=\"itemIntroText\">\n<p>\u010cast i zadovoljstvo nam je pozvati Vas ovim putem na na\u0161u tradicionalnu manifestaciju, 25. Antunovski piknik koji se odr\u017eava povodom Dana grada Na\u0161ica na izleti\u0161tu Paulinovac na Krndiji, 10. lipnja u nedjelju.<\/p>\n<\/div>\n<div class=\"itemFullText\">\n<p>Okupljanje je do 9 sati kada se kre\u0107e na staze.<\/p>\n<p>NPP &#8211; Na\u0161i\u010dki planinarski put kojim djelomi\u010dno prolaze staze za Piknik ove godine slavi 50 godina postojanja i 11. je utemeljena obilaznica u Hrvatskoj davne 1968. godine.<\/p>\n<p>Svim gostima nakon hoda\u010dkih tura bit \u0107e uru\u010dene zahvalnice.<\/p>\n<p>Nakon obilaska staza, uprili\u010dit \u0107emo dru\u017eenje uz ro\u0161tilj, glazbu i pi\u0107e po promotivnim cijenama.<\/p>\n<p>\u017deljno Vas i\u0161\u010dekujemo na na\u0161oj lijepoj Krndiji uz srda\u010dan planinarski pozdrav.<\/p>\n<p>Detalji su na slu\u017ebenom plakatu.<\/p>\n<p><img loading=\"lazy\" decoding=\"async\" src=\"https:\/\/www.slavonski-planinari.hr\/arhiva\/wp-content\/uploads\/2023\/01\/25antunovski-piknik.jpg\" width=\"500\" height=\"707\" alt=\"\" class=\"wp-image-4215 aligncenter size-full\" srcset=\"https:\/\/www.slavonski-planinari.hr\/arhiva\/wp-content\/uploads\/2023\/01\/25antunovski-piknik.jpg 500w, https:\/\/www.slavonski-planinari.hr\/arhiva\/wp-content\/uploads\/2023\/01\/25antunovski-piknik-480x679.jpg 480w\" sizes=\"(min-width: 0px) and (max-width: 480px) 480px, (min-width: 481px) 500px, 100vw\" \/><\/p>\n<p style=\"text-align: right;\">Hrvoje Tr\u017ei\u0107, predsjednik PD &#8220;Krndija&#8221; Na\u0161ice<\/p>\n<\/div>\n<p>[\/et_pb_text][\/et_pb_column][\/et_pb_row][\/et_pb_section]<\/p>\n","protected":false},"excerpt":{"rendered":"<p>\u010cast i zadovoljstvo nam je pozvati Vas ovim putem na na\u0161u tradicionalnu manifestaciju, 25. Antunovski piknik koji se odr\u017eava povodom Dana grada Na\u0161ica na izleti\u0161tu Paulinovac na Krndiji, 10. lipnja u nedjelju. Okupljanje je do 9 sati kada se kre\u0107e na staze. NPP &#8211; Na\u0161i\u010dki planinarski put kojim djelomi\u010dno prolaze staze za Piknik ove godine [&hellip;]<\/p>\n","protected":false},"author":1,"featured_media":0,"comment_status":"closed","ping_status":"open","sticky":false,"template":"","format":"standard","meta":{"_et_pb_use_builder":"on","_et_pb_old_content":"","_et_gb_content_width":"1080","footnotes":""},"categories":[32],"tags":[],"class_list":["post-4213","post","type-post","status-publish","format-standard","hentry","category-32"],"_links":{"self":[{"href":"https:\/\/www.slavonski-planinari.hr\/arhiva\/wp-json\/wp\/v2\/posts\/4213","targetHints":{"allow":["GET"]}}],"collection":[{"href":"https:\/\/www.slavonski-planinari.hr\/arhiva\/wp-json\/wp\/v2\/posts"}],"about":[{"href":"https:\/\/www.slavonski-planinari.hr\/arhiva\/wp-json\/wp\/v2\/types\/post"}],"author":[{"embeddable":true,"href":"https:\/\/www.slavonski-planinari.hr\/arhiva\/wp-json\/wp\/v2\/users\/1"}],"replies":[{"embeddable":true,"href":"https:\/\/www.slavonski-planinari.hr\/arhiva\/wp-json\/wp\/v2\/comments?post=4213"}],"version-history":[{"count":0,"href":"https:\/\/www.slavonski-planinari.hr\/arhiva\/wp-json\/wp\/v2\/posts\/4213\/revisions"}],"wp:attachment":[{"href":"https:\/\/www.slavonski-planinari.hr\/arhiva\/wp-json\/wp\/v2\/media?parent=4213"}],"wp:term":[{"taxonomy":"category","embeddable":true,"href":"https:\/\/www.slavonski-planinari.hr\/arhiva\/wp-json\/wp\/v2\/categories?post=4213"},{"taxonomy":"post_tag","embeddable":true,"href":"https:\/\/www.slavonski-planinari.hr\/arhiva\/wp-json\/wp\/v2\/tags?post=4213"}],"curies":[{"name":"wp","href":"https:\/\/api.w.org\/{rel}","templated":true}]}}