{"id":4195,"date":"2018-05-13T12:55:00","date_gmt":"2018-05-13T11:55:00","guid":{"rendered":"https:\/\/www.slavonski-planinari.hr\/arhiva\/?p=4195"},"modified":"2023-01-25T12:58:27","modified_gmt":"2023-01-25T11:58:27","slug":"13-viroviticki-susreti-planinar","status":"publish","type":"post","link":"https:\/\/www.slavonski-planinari.hr\/arhiva\/13-viroviticki-susreti-planinar\/","title":{"rendered":"13. viroviti\u010dki susreti planinar"},"content":{"rendered":"<p>[et_pb_section fb_built=&#8221;1&#8243; theme_builder_area=&#8221;post_content&#8221; _builder_version=&#8221;4.19.4&#8243; _module_preset=&#8221;default&#8221;][et_pb_row _builder_version=&#8221;4.19.4&#8243; _module_preset=&#8221;default&#8221; theme_builder_area=&#8221;post_content&#8221;][et_pb_column _builder_version=&#8221;4.19.4&#8243; _module_preset=&#8221;default&#8221; type=&#8221;4_4&#8243; theme_builder_area=&#8221;post_content&#8221;][et_pb_text _builder_version=&#8221;4.19.4&#8243; _module_preset=&#8221;default&#8221; theme_builder_area=&#8221;post_content&#8221; hover_enabled=&#8221;0&#8243; sticky_enabled=&#8221;0&#8243;]<\/p>\n<div class=\"itemIntroText\">\n<p><img loading=\"lazy\" decoding=\"async\" src=\"https:\/\/www.slavonski-planinari.hr\/arhiva\/wp-content\/uploads\/2023\/01\/viro-susret.jpg\" width=\"170\" height=\"113\" alt=\"\" class=\"wp-image-4198 alignleft size-full\" \/>Dragi prijatelji, pozivamo vas i ove godine da nam se pridru\u017eite na tradicionalnom obilje\u017eavanju susreta planinara, a time i upoznavanja viroviti\u010dkog dijela Bilogore pod nazivom &#8220;13. viroviti\u010dki susreti planinara&#8221;, koji \u0107e se odr\u017eati 3.6.2018.<\/p>\n<p>&nbsp;<\/p>\n<p>&nbsp;<\/p>\n<p>&nbsp;<\/p>\n<\/div>\n<div class=\"itemFullText\">\n<p><strong>Program susreta<\/strong><\/p>\n<ul>\n<li>okupljanje kod planinarske ku\u0107e Brusevi do 9 sati<\/li>\n<li>u 9:30 polazak na du\u017eu stazu (3 i pol sata)<\/li>\n<li>u 9:45 polazak na kra\u0107u stazu (2 i pol sada)<\/li>\n<li>od 13:00 ru\u010dak i dru\u017eenje uz glazbu<\/li>\n<\/ul>\n<p style=\"text-align: center;\"><img loading=\"lazy\" decoding=\"async\" src=\"https:\/\/www.slavonski-planinari.hr\/arhiva\/wp-content\/uploads\/2023\/01\/brusevi.jpg\" width=\"650\" height=\"574\" alt=\"\" class=\"wp-image-4197 aligncenter size-full\" srcset=\"https:\/\/www.slavonski-planinari.hr\/arhiva\/wp-content\/uploads\/2023\/01\/brusevi.jpg 650w, https:\/\/www.slavonski-planinari.hr\/arhiva\/wp-content\/uploads\/2023\/01\/brusevi-480x424.jpg 480w\" sizes=\"(min-width: 0px) and (max-width: 480px) 480px, (min-width: 481px) 650px, 100vw\" \/><br \/>Staze nisu zahtjevne i prilago\u0111ene su svim uzrastima.<\/p>\n<p>Molimo da va\u0161 dolazak prijavite do 30. svibnja na broj mobitela 098 1684 839 (Vlado) ili na mail<span>\u00a0<\/span><span id=\"cloak801bb6fb63d9bffc99cf5aba4ed2b2e2\"><a href=\"mailto:hpdpapuk.vtc@gmail.com\">hpdpapuk.vtc@gmail.com<\/a><\/span><\/p>\n<p>Radujemo se va\u0161em dolasku.<\/p>\n<\/div>\n<p>[\/et_pb_text][\/et_pb_column][\/et_pb_row][\/et_pb_section]<\/p>\n","protected":false},"excerpt":{"rendered":"<p>Dragi prijatelji, pozivamo vas i ove godine da nam se pridru\u017eite na tradicionalnom obilje\u017eavanju susreta planinara, a time i upoznavanja viroviti\u010dkog dijela Bilogore pod nazivom &#8220;13. viroviti\u010dki susreti planinara&#8221;, koji \u0107e se odr\u017eati 3.6.2018. &nbsp; &nbsp; &nbsp; Program susreta okupljanje kod planinarske ku\u0107e Brusevi do 9 sati u 9:30 polazak na du\u017eu stazu (3 i [&hellip;]<\/p>\n","protected":false},"author":1,"featured_media":0,"comment_status":"closed","ping_status":"open","sticky":false,"template":"","format":"standard","meta":{"_et_pb_use_builder":"on","_et_pb_old_content":"","_et_gb_content_width":"1080","footnotes":""},"categories":[32],"tags":[],"class_list":["post-4195","post","type-post","status-publish","format-standard","hentry","category-32"],"_links":{"self":[{"href":"https:\/\/www.slavonski-planinari.hr\/arhiva\/wp-json\/wp\/v2\/posts\/4195","targetHints":{"allow":["GET"]}}],"collection":[{"href":"https:\/\/www.slavonski-planinari.hr\/arhiva\/wp-json\/wp\/v2\/posts"}],"about":[{"href":"https:\/\/www.slavonski-planinari.hr\/arhiva\/wp-json\/wp\/v2\/types\/post"}],"author":[{"embeddable":true,"href":"https:\/\/www.slavonski-planinari.hr\/arhiva\/wp-json\/wp\/v2\/users\/1"}],"replies":[{"embeddable":true,"href":"https:\/\/www.slavonski-planinari.hr\/arhiva\/wp-json\/wp\/v2\/comments?post=4195"}],"version-history":[{"count":0,"href":"https:\/\/www.slavonski-planinari.hr\/arhiva\/wp-json\/wp\/v2\/posts\/4195\/revisions"}],"wp:attachment":[{"href":"https:\/\/www.slavonski-planinari.hr\/arhiva\/wp-json\/wp\/v2\/media?parent=4195"}],"wp:term":[{"taxonomy":"category","embeddable":true,"href":"https:\/\/www.slavonski-planinari.hr\/arhiva\/wp-json\/wp\/v2\/categories?post=4195"},{"taxonomy":"post_tag","embeddable":true,"href":"https:\/\/www.slavonski-planinari.hr\/arhiva\/wp-json\/wp\/v2\/tags?post=4195"}],"curies":[{"name":"wp","href":"https:\/\/api.w.org\/{rel}","templated":true}]}}