{"id":4188,"date":"2018-05-11T12:51:00","date_gmt":"2018-05-11T11:51:00","guid":{"rendered":"https:\/\/www.slavonski-planinari.hr\/arhiva\/?p=4188"},"modified":"2023-01-25T12:54:55","modified_gmt":"2023-01-25T11:54:55","slug":"in-memoriam-gaso","status":"publish","type":"post","link":"https:\/\/www.slavonski-planinari.hr\/arhiva\/in-memoriam-gaso\/","title":{"rendered":"In Memoriam &#8211; Ga\u0161o"},"content":{"rendered":"<p>[et_pb_section fb_built=&#8221;1&#8243; _builder_version=&#8221;4.19.4&#8243; _module_preset=&#8221;default&#8221; global_colors_info=&#8221;{}&#8221;][et_pb_row _builder_version=&#8221;4.19.4&#8243; _module_preset=&#8221;default&#8221; global_colors_info=&#8221;{}&#8221;][et_pb_column type=&#8221;4_4&#8243; _builder_version=&#8221;4.19.4&#8243; _module_preset=&#8221;default&#8221; global_colors_info=&#8221;{}&#8221;][et_pb_text _builder_version=&#8221;4.19.4&#8243; _module_preset=&#8221;default&#8221; hover_enabled=&#8221;0&#8243; global_colors_info=&#8221;{}&#8221; sticky_enabled=&#8221;0&#8243;]<\/p>\n<div class=\"itemIntroText\">\n<p style=\"text-align: justify;\"><img loading=\"lazy\" decoding=\"async\" src=\"https:\/\/www.slavonski-planinari.hr\/arhiva\/wp-content\/uploads\/2023\/01\/gaso1.jpg\" width=\"170\" height=\"133\" alt=\"\" class=\"wp-image-4190 alignleft size-full\" \/>Po\u0161tovani prijatelji planinari, pro\u0161le subote nas je zauvijek napustio dragi prijatelj Gabrijel Damjanovi\u0107 &#8211; Ga\u0161o iz Na\u0161ica.<\/p>\n<\/div>\n<div class=\"itemFullText\">\n<p style=\"text-align: justify;\">Tko god je \u010de\u0161\u0107e na Krndiji ili Papuku znao je Ga\u0161u. Hodao je s prijateljima ali \u010desto i sam.<\/p>\n<p style=\"text-align: justify;\">Kru\u017ena tura od 30 &#8211; 40 km, gore -dolje, u istom danu, bila je njegova standardna rutina.<\/p>\n<p style=\"text-align: justify;\">\n<p style=\"text-align: justify;\">\n<p style=\"text-align: justify;\">\n<p style=\"text-align: justify;\">\n<div class=\"gmail_default\" style=\"text-align: justify;\">O njemu nije bilo izvje\u0161taja na Skup\u0161tinama ali su ostale lijepe uspomene na neplanirane susrete i razgovore te velika zahvalnost na nigdje zabilje\u017een trud na odr\u017eavanju prohodnosti putova, informacijama o stanju na terenu &#8230;<\/div>\n<div class=\"gmail_default\" style=\"text-align: justify;\"><\/div>\n<div class=\"gmail_default\" style=\"text-align: justify;\"><\/div>\n<div class=\"gmail_default\" style=\"text-align: justify;\">Zaslu\u017eio je, itekako, da se ovdje ne\u0161to napi\u0161e o njemu.<\/div>\n<div class=\"gmail_default\" style=\"text-align: justify;\"><\/div>\n<div class=\"gmail_default\" style=\"text-align: justify;\"><\/div>\n<div class=\"gmail_default\" style=\"text-align: justify;\">Bio je dobri duh Krndije i Papuka.<\/div>\n<div class=\"gmail_default\" style=\"text-align: justify;\"><\/div>\n<div class=\"gmail_default\" style=\"text-align: justify;\"><\/div>\n<div class=\"gmail_default\" style=\"text-align: justify;\"><img loading=\"lazy\" decoding=\"async\" src=\"https:\/\/www.slavonski-planinari.hr\/arhiva\/wp-content\/uploads\/2023\/01\/gaso2.jpg\" width=\"600\" height=\"450\" alt=\"\" class=\"wp-image-4191 aligncenter size-full\" srcset=\"https:\/\/www.slavonski-planinari.hr\/arhiva\/wp-content\/uploads\/2023\/01\/gaso2.jpg 600w, https:\/\/www.slavonski-planinari.hr\/arhiva\/wp-content\/uploads\/2023\/01\/gaso2-480x360.jpg 480w\" sizes=\"(min-width: 0px) and (max-width: 480px) 480px, (min-width: 481px) 600px, 100vw\" \/><\/div>\n<p style=\"text-align: justify;\">Po\u010divaj u miru nebeskom Gabri na\u0111i gore neka nova brda kojima \u0107e\u0161 se veseliti kao \u0161to si se veselio i ovima ovdje<\/p>\n<\/div>\n<p>[\/et_pb_text][\/et_pb_column][\/et_pb_row][\/et_pb_section]<\/p>\n","protected":false},"excerpt":{"rendered":"<p>Po\u0161tovani prijatelji planinari, pro\u0161le subote nas je zauvijek napustio dragi prijatelj Gabrijel Damjanovi\u0107 &#8211; Ga\u0161o iz Na\u0161ica. Tko god je \u010de\u0161\u0107e na Krndiji ili Papuku znao je Ga\u0161u. Hodao je s prijateljima ali \u010desto i sam. Kru\u017ena tura od 30 &#8211; 40 km, gore -dolje, u istom danu, bila je njegova standardna rutina. O njemu [&hellip;]<\/p>\n","protected":false},"author":1,"featured_media":0,"comment_status":"closed","ping_status":"open","sticky":false,"template":"","format":"standard","meta":{"_et_pb_use_builder":"on","_et_pb_old_content":"","_et_gb_content_width":"1080","footnotes":""},"categories":[32],"tags":[],"class_list":["post-4188","post","type-post","status-publish","format-standard","hentry","category-32"],"_links":{"self":[{"href":"https:\/\/www.slavonski-planinari.hr\/arhiva\/wp-json\/wp\/v2\/posts\/4188","targetHints":{"allow":["GET"]}}],"collection":[{"href":"https:\/\/www.slavonski-planinari.hr\/arhiva\/wp-json\/wp\/v2\/posts"}],"about":[{"href":"https:\/\/www.slavonski-planinari.hr\/arhiva\/wp-json\/wp\/v2\/types\/post"}],"author":[{"embeddable":true,"href":"https:\/\/www.slavonski-planinari.hr\/arhiva\/wp-json\/wp\/v2\/users\/1"}],"replies":[{"embeddable":true,"href":"https:\/\/www.slavonski-planinari.hr\/arhiva\/wp-json\/wp\/v2\/comments?post=4188"}],"version-history":[{"count":0,"href":"https:\/\/www.slavonski-planinari.hr\/arhiva\/wp-json\/wp\/v2\/posts\/4188\/revisions"}],"wp:attachment":[{"href":"https:\/\/www.slavonski-planinari.hr\/arhiva\/wp-json\/wp\/v2\/media?parent=4188"}],"wp:term":[{"taxonomy":"category","embeddable":true,"href":"https:\/\/www.slavonski-planinari.hr\/arhiva\/wp-json\/wp\/v2\/categories?post=4188"},{"taxonomy":"post_tag","embeddable":true,"href":"https:\/\/www.slavonski-planinari.hr\/arhiva\/wp-json\/wp\/v2\/tags?post=4188"}],"curies":[{"name":"wp","href":"https:\/\/api.w.org\/{rel}","templated":true}]}}