{"id":4171,"date":"2018-04-27T12:41:00","date_gmt":"2018-04-27T11:41:00","guid":{"rendered":"https:\/\/www.slavonski-planinari.hr\/arhiva\/?p=4171"},"modified":"2023-01-25T12:42:57","modified_gmt":"2023-01-25T11:42:57","slug":"21-planinarski-pohod-vro-bljesak","status":"publish","type":"post","link":"https:\/\/www.slavonski-planinari.hr\/arhiva\/21-planinarski-pohod-vro-bljesak\/","title":{"rendered":"21. planinarski pohod VRO &#8220;Bljesak&#8221;"},"content":{"rendered":"<p>[et_pb_section fb_built=&#8221;1&#8243; theme_builder_area=&#8221;post_content&#8221; _builder_version=&#8221;4.19.4&#8243; _module_preset=&#8221;default&#8221;][et_pb_row _builder_version=&#8221;4.19.4&#8243; _module_preset=&#8221;default&#8221; theme_builder_area=&#8221;post_content&#8221;][et_pb_column _builder_version=&#8221;4.19.4&#8243; _module_preset=&#8221;default&#8221; type=&#8221;4_4&#8243; theme_builder_area=&#8221;post_content&#8221;][et_pb_text _builder_version=&#8221;4.19.4&#8243; _module_preset=&#8221;default&#8221; theme_builder_area=&#8221;post_content&#8221; hover_enabled=&#8221;0&#8243; sticky_enabled=&#8221;0&#8243;]<\/p>\n<div class=\"itemIntroText\">\n<p>Planinarsko dru\u0161tvo Zmajevac, Novska, s rado\u0161\u0107u vas poziva na 21. planinarski pohod \u201cPlaninarskim putom VRO \u201cBljesak\u201d koji \u0107e se odr\u017eati 1. svibnja 2018.<\/p>\n<\/div>\n<div class=\"itemFullText\">\n<p>Staza je lagana i prikladna za obiteljske \u0161etnje, prolazi \u0161umom, ure\u0111enim planinarskim putom. Vrijeme hoda je cca. 4 sataa, a ukupno trajanje pohoda 6 sati u \u0161to su ura\u010dunati odmori i ru\u010dak.<\/p>\n<p>Satnicu i detalje pogledajte ovdje:<\/p>\n<p><img loading=\"lazy\" decoding=\"async\" src=\"https:\/\/www.slavonski-planinari.hr\/arhiva\/wp-content\/uploads\/2023\/01\/bljesak18.jpg\" width=\"600\" height=\"846\" alt=\"\" class=\"wp-image-4173 aligncenter size-full\" srcset=\"https:\/\/www.slavonski-planinari.hr\/arhiva\/wp-content\/uploads\/2023\/01\/bljesak18.jpg 600w, https:\/\/www.slavonski-planinari.hr\/arhiva\/wp-content\/uploads\/2023\/01\/bljesak18-480x677.jpg 480w\" sizes=\"(min-width: 0px) and (max-width: 480px) 480px, (min-width: 481px) 600px, 100vw\" \/><\/p>\n<\/div>\n<p>[\/et_pb_text][\/et_pb_column][\/et_pb_row][\/et_pb_section]<\/p>\n","protected":false},"excerpt":{"rendered":"<p>Planinarsko dru\u0161tvo Zmajevac, Novska, s rado\u0161\u0107u vas poziva na 21. planinarski pohod \u201cPlaninarskim putom VRO \u201cBljesak\u201d koji \u0107e se odr\u017eati 1. svibnja 2018. Staza je lagana i prikladna za obiteljske \u0161etnje, prolazi \u0161umom, ure\u0111enim planinarskim putom. Vrijeme hoda je cca. 4 sataa, a ukupno trajanje pohoda 6 sati u \u0161to su ura\u010dunati odmori i ru\u010dak. [&hellip;]<\/p>\n","protected":false},"author":1,"featured_media":0,"comment_status":"closed","ping_status":"open","sticky":false,"template":"","format":"standard","meta":{"_et_pb_use_builder":"on","_et_pb_old_content":"","_et_gb_content_width":"1080","footnotes":""},"categories":[32],"tags":[],"class_list":["post-4171","post","type-post","status-publish","format-standard","hentry","category-32"],"_links":{"self":[{"href":"https:\/\/www.slavonski-planinari.hr\/arhiva\/wp-json\/wp\/v2\/posts\/4171","targetHints":{"allow":["GET"]}}],"collection":[{"href":"https:\/\/www.slavonski-planinari.hr\/arhiva\/wp-json\/wp\/v2\/posts"}],"about":[{"href":"https:\/\/www.slavonski-planinari.hr\/arhiva\/wp-json\/wp\/v2\/types\/post"}],"author":[{"embeddable":true,"href":"https:\/\/www.slavonski-planinari.hr\/arhiva\/wp-json\/wp\/v2\/users\/1"}],"replies":[{"embeddable":true,"href":"https:\/\/www.slavonski-planinari.hr\/arhiva\/wp-json\/wp\/v2\/comments?post=4171"}],"version-history":[{"count":0,"href":"https:\/\/www.slavonski-planinari.hr\/arhiva\/wp-json\/wp\/v2\/posts\/4171\/revisions"}],"wp:attachment":[{"href":"https:\/\/www.slavonski-planinari.hr\/arhiva\/wp-json\/wp\/v2\/media?parent=4171"}],"wp:term":[{"taxonomy":"category","embeddable":true,"href":"https:\/\/www.slavonski-planinari.hr\/arhiva\/wp-json\/wp\/v2\/categories?post=4171"},{"taxonomy":"post_tag","embeddable":true,"href":"https:\/\/www.slavonski-planinari.hr\/arhiva\/wp-json\/wp\/v2\/tags?post=4171"}],"curies":[{"name":"wp","href":"https:\/\/api.w.org\/{rel}","templated":true}]}}