{"id":4154,"date":"2018-04-25T12:37:00","date_gmt":"2018-04-25T11:37:00","guid":{"rendered":"https:\/\/www.slavonski-planinari.hr\/arhiva\/?p=4154"},"modified":"2023-01-25T12:41:15","modified_gmt":"2023-01-25T11:41:15","slug":"planinarenje-uz-poeziju-foto","status":"publish","type":"post","link":"https:\/\/www.slavonski-planinari.hr\/arhiva\/planinarenje-uz-poeziju-foto\/","title":{"rendered":"Planinarenje uz poeziju [FOTO]"},"content":{"rendered":"<p>[et_pb_section fb_built=&#8221;1&#8243; theme_builder_area=&#8221;post_content&#8221; _builder_version=&#8221;4.19.4&#8243; _module_preset=&#8221;default&#8221;][et_pb_row _builder_version=&#8221;4.19.4&#8243; _module_preset=&#8221;default&#8221; theme_builder_area=&#8221;post_content&#8221;][et_pb_column _builder_version=&#8221;4.19.4&#8243; _module_preset=&#8221;default&#8221; type=&#8221;4_4&#8243; theme_builder_area=&#8221;post_content&#8221;][et_pb_text _builder_version=&#8221;4.19.4&#8243; _module_preset=&#8221;default&#8221; theme_builder_area=&#8221;post_content&#8221; hover_enabled=&#8221;0&#8243; sticky_enabled=&#8221;0&#8243;]<\/p>\n<div class=\"itemIntroText\">\n<p style=\"text-align: justify;\">U nedjelju 22. travnja 2018. u organizaciji Planinarskog dru\u0161tva Dilj gora ve\u0107 8. godinu zaredom odr\u017eao se tradicionalni planinarski pohod Od Ivane do Tadije, a koji je slu\u017ebeno uvr\u0161ten u program doga\u0111aja U svijetu bajki Ivane Brli\u0107 Ma\u017eurani\u0107.<\/p>\n<\/div>\n<div class=\"itemFullText\">\n<p style=\"text-align: justify;\">Ispred planinarskog doma \u0110uro Pilar u Brodskom Vinogorju okupilo se oko 300 planinara svih uzrasta. Pored doma\u0107ih planinara iz Slavonskog Broda, pohodu se pridru\u017eio i veliki broj planinara iz cijele Hrvatske: Po\u017eege, Pakraca, Na\u0161ica, Bjelovara, Feri\u010danaca, Pleternice, Kutjeva, Velike, kao i iz brojnih gradova Bosne i Hercegovine.<\/p>\n<p style=\"text-align: justify;\">Svi su do\u0161li sa \u017eeljom da u\u017eivaju u prirodi pitome i predivne Dilj gore prolaze\u0107i stazama i \u0161umama kojima su nekada hodali i iz koje su crpili inspiraciju veliki knji\u017eevnici kojima je ovaj pohod posve\u0107en: Ivana Brli\u0107 Ma\u017eurani\u0107 i Dragutin Tadijanovi\u0107.<\/p>\n<p style=\"text-align: center;\">Pozdravljam te, zelena \u0161umo, velika.<br \/>Pozdravljam te u ovo jutro mirisno,<br \/>Kad se granje po te\u0161kom rosom savija<br \/>Blistaju\u0107i na sun\u010danoj svjetlosti.<br \/>Korijenje tvoje crnu zemlju sapinje,<br \/>A stabla stoje \u010dvrsto kao divovi.<br \/>O, \u0161umo, zelena \u0161umo!<br \/>Ja volim miris tvojih cvjetova,<br \/>I \u0161u\u0161tanje li\u0161\u0107a na granama.<br \/>O, kako volim tvoje hladne izvore,<br \/>I mahovinu, i bilje, i ko\u0161ute.<br \/>Volim te kao majku, \u0161umo.<br \/>Tebe i tvoje ptice.<br \/>(Dragutin Tadijanovi\u0107, Rastu\u0161je lipanj 1921.)<\/p>\n<p style=\"text-align: justify;\">Staza je vodila od planinarskog doma do ljetnikovca Brli\u0107evac, u kojemu je nekada boravila i pisala Ivana Brli\u0107 Ma\u017eurani\u0107, zatim do antene, gdje se grupa podijelila, te su najmla\u0111i nastavili prema \u0160umi Striborovoj igrati se na izleti\u0161tu s likovima iz Ivaninih bajki.<\/p>\n<p style=\"text-align: justify;\">Ostali su preko izvora Sv. Petke do\u0161li do Rastu\u0161ja i posjetili rodnu ku\u0107u Dragutina Tadijanovi\u0107a, gdje ih je do\u010dekao njegov ne\u0107ak Miroslav Bjelobrk, koji je sve planinare upoznao s nekim zanimljivim detaljima Tadijinog \u017eivota, te su svi mogli pogledati izlo\u017ebu fotografija o Tadijonom \u017eivotu. Pro\u010ditale su se i neke njegove pjesme upravo u dvori\u0161tu s pogledom na \u0161ume i prirodu koja ga je inspirirala za mnoga njegova djela.<\/p>\n<p style=\"text-align: justify;\">Posebna go\u0161\u0107a ove manifestacije bila je putopjesnikinja Maja Klari\u0107, kojoj se ideja ove manifestacije koja spaja planinarenje i knji\u017eevnost toliko svidjela da je doputovala \u010dak iz \u0160ibenika kako bi bila dio ovoga inspirativnog dana. Nakon povratka planinara u planinarki dom, svi zainteresirani mogli su poslu\u0161ati Maju kako predstavlja svoje knjige, s posebnim naglaskom na Vrijeme badema i u\u017eivati u stihovima njene poezije.<\/p>\n<p style=\"text-align: justify;\">Zahvaljujemo svima koji su se odazvali i svojom prisutnosti i osmijesima podr\u017eali ovu manifestaciju.<\/p>\n<p style=\"text-align: justify;\">Posebno hvala HGSS Stanici Slavonski Brod koji su osiguravali pohod, kao i u\u010diteljicama Osnovne \u0161kole Vladimir Nazor iz Gornje Vrbe, koje svake godine na ovu manifestaciju dovedu svoje u\u010denike koji \u010desto upravo ovdje naprave svoje prve planinarske korake.<\/p>\n<p style=\"text-align: center;\">Foncabadon<br \/>Duboko u planini<br \/>Na visini koja je do\u0161la postepeno<br \/>Korak po korak odvu\u010den gore<br \/>Gdje je ti\u0161ina druk\u010dija<br \/>I prote\u017ee se u nedogled<br \/>Do vrhova i iznad njih<br \/>Do predjela u daljini kojima ne vidimo kraj<br \/>I ne vidimo mjesto iz kojeg smo krenuli , izgubljeno<br \/>U daljini, gdje je hladno\u0107a druk\u010dija<br \/>I druk\u010dije nas se doti\u010de<br \/>Gdje zrak druk\u010dije miri\u0161e i ve\u010deri su<br \/>Udobnom prazninom ispunjene, u planini<br \/>(Maja Klari\u0107, pjesma objavljena u knjizi Vrijeme badema, 2016. )<\/p>\n<p style=\"text-align: right;\">Tekst i fotografije: Planinarsko dru\u0161tvo Dilj gora<\/p>\n<\/div>\n<p>[\/et_pb_text][et_pb_gallery _builder_version=&#8221;4.19.4&#8243; _module_preset=&#8221;default&#8221; theme_builder_area=&#8221;post_content&#8221; gallery_ids=&#8221;4156,4157,4158,4159,4160,4161,4162,4163,4164,4165,4166,4167,4168,4169&#8243; posts_number=&#8221;14&#8243; show_title_and_caption=&#8221;off&#8221; hover_enabled=&#8221;0&#8243; sticky_enabled=&#8221;0&#8243;][\/et_pb_gallery][\/et_pb_column][\/et_pb_row][\/et_pb_section]<\/p>\n","protected":false},"excerpt":{"rendered":"<p>U nedjelju 22. travnja 2018. u organizaciji Planinarskog dru\u0161tva Dilj gora ve\u0107 8. godinu zaredom odr\u017eao se tradicionalni planinarski pohod Od Ivane do Tadije, a koji je slu\u017ebeno uvr\u0161ten u program doga\u0111aja U svijetu bajki Ivane Brli\u0107 Ma\u017eurani\u0107. Ispred planinarskog doma \u0110uro Pilar u Brodskom Vinogorju okupilo se oko 300 planinara svih uzrasta. Pored doma\u0107ih [&hellip;]<\/p>\n","protected":false},"author":1,"featured_media":0,"comment_status":"closed","ping_status":"open","sticky":false,"template":"","format":"standard","meta":{"_et_pb_use_builder":"on","_et_pb_old_content":"","_et_gb_content_width":"1080","footnotes":""},"categories":[32],"tags":[],"class_list":["post-4154","post","type-post","status-publish","format-standard","hentry","category-32"],"_links":{"self":[{"href":"https:\/\/www.slavonski-planinari.hr\/arhiva\/wp-json\/wp\/v2\/posts\/4154","targetHints":{"allow":["GET"]}}],"collection":[{"href":"https:\/\/www.slavonski-planinari.hr\/arhiva\/wp-json\/wp\/v2\/posts"}],"about":[{"href":"https:\/\/www.slavonski-planinari.hr\/arhiva\/wp-json\/wp\/v2\/types\/post"}],"author":[{"embeddable":true,"href":"https:\/\/www.slavonski-planinari.hr\/arhiva\/wp-json\/wp\/v2\/users\/1"}],"replies":[{"embeddable":true,"href":"https:\/\/www.slavonski-planinari.hr\/arhiva\/wp-json\/wp\/v2\/comments?post=4154"}],"version-history":[{"count":0,"href":"https:\/\/www.slavonski-planinari.hr\/arhiva\/wp-json\/wp\/v2\/posts\/4154\/revisions"}],"wp:attachment":[{"href":"https:\/\/www.slavonski-planinari.hr\/arhiva\/wp-json\/wp\/v2\/media?parent=4154"}],"wp:term":[{"taxonomy":"category","embeddable":true,"href":"https:\/\/www.slavonski-planinari.hr\/arhiva\/wp-json\/wp\/v2\/categories?post=4154"},{"taxonomy":"post_tag","embeddable":true,"href":"https:\/\/www.slavonski-planinari.hr\/arhiva\/wp-json\/wp\/v2\/tags?post=4154"}],"curies":[{"name":"wp","href":"https:\/\/api.w.org\/{rel}","templated":true}]}}