{"id":4139,"date":"2018-03-31T12:27:00","date_gmt":"2018-03-31T11:27:00","guid":{"rendered":"https:\/\/www.slavonski-planinari.hr\/arhiva\/?p=4139"},"modified":"2023-01-25T12:28:54","modified_gmt":"2023-01-25T11:28:54","slug":"22-04-2018-od-ivane-do-tadije","status":"publish","type":"post","link":"https:\/\/www.slavonski-planinari.hr\/arhiva\/22-04-2018-od-ivane-do-tadije\/","title":{"rendered":"22.04.2018. &#8211; Od Ivane do Tadije"},"content":{"rendered":"<p>[et_pb_section fb_built=&#8221;1&#8243; theme_builder_area=&#8221;post_content&#8221; _builder_version=&#8221;4.19.4&#8243; _module_preset=&#8221;default&#8221;][et_pb_row _builder_version=&#8221;4.19.4&#8243; _module_preset=&#8221;default&#8221; theme_builder_area=&#8221;post_content&#8221;][et_pb_column _builder_version=&#8221;4.19.4&#8243; _module_preset=&#8221;default&#8221; type=&#8221;4_4&#8243; theme_builder_area=&#8221;post_content&#8221;][et_pb_text _builder_version=&#8221;4.19.4&#8243; _module_preset=&#8221;default&#8221; theme_builder_area=&#8221;post_content&#8221; hover_enabled=&#8221;0&#8243; sticky_enabled=&#8221;0&#8243;]<\/p>\n<ul>\n<li style=\"text-align: justify;\">22.04. nedjelja &#8211; Od Ivane do Tadije, HPD Dilj gora, Sl.Brod<br \/>(Ivan Pehar, 0914473091, e-mail:<span>\u00a0<\/span><span id=\"cloak593c78c5b3da4595a41f7f6e106e31bd\"><a href=\"mailto:pd.diljgora@gmail.com\">pd.diljgora@gmail.com<\/a><\/span>)<\/li>\n<\/ul>\n<p style=\"text-align: justify;\"><img loading=\"lazy\" decoding=\"async\" src=\"https:\/\/www.slavonski-planinari.hr\/arhiva\/wp-content\/uploads\/2023\/01\/ivana.jpg\" width=\"139\" height=\"105\" alt=\"\" class=\"wp-image-3394 alignleft size-full\" srcset=\"https:\/\/www.slavonski-planinari.hr\/arhiva\/wp-content\/uploads\/2023\/01\/ivana.jpg 338w, https:\/\/www.slavonski-planinari.hr\/arhiva\/wp-content\/uploads\/2023\/01\/ivana-300x227.jpg 300w\" sizes=\"(max-width: 139px) 100vw, 139px\" \/>S rado\u0161\u0107u Vas pozivamo na planinarski pohod &#8220;Od Ivane do Tadije&#8221; koji organiziramo za planinare, gra\u0111ane, mlade, djecu i sve koji \u017eele s nama prohodati stazama \u010darobne Diljske prirode koja je inspirirala na\u0161e knji\u017eevnike 22. travnja 2018. godine.<\/p>\n<p style=\"text-align: justify;\">Okupljanje planinara i drugih sudionika pohoda je ispred planinarskog doma \u201e\u0110uro Pilar\u201c u Brodskom Vinogorju od 9,00 do 9,30 sati uz \u010daj dobrodo\u0161lice.<\/p>\n<p style=\"text-align: justify;\">Poslije pozdravnog govora doma\u0107ina kre\u0107emo na stazu uz stru\u010dno vo\u0111enje na\u0161ih planinarskih vodi\u010da. Cjelokupna staza \u0107e se obi\u0107i s pauzama za oko 5 sati, ali postoji mogu\u0107nost za skra\u0107enu verziju odnosno vi\u0161e pravaca hodanja. Staze nisu prezahtjevne i prilago\u0111ene su i po\u010detnicima u planinarenju.<\/p>\n<p style=\"text-align: justify;\"><strong>a)<\/strong><span>\u00a0<\/span>Planinarski dom \u2013 Brli\u0107evac (ljetnikovac obitelji Brli\u0107 gdje je boravila i pisala Ivana Brli\u0107-Ma\u017eurani\u0107) \u2013 Sveta Petka (izvor i izleti\u0161te) \u2013 Rastu\u0161je (rodna ku\u0107a Dragutina Tadijanovi\u0107a &#8211; obilazak 5 kn) \u2013 \u0160uma Striborova (ure\u0111eno dje\u010dje igrali\u0161te s likovima od drveta iz bajki I.B. Ma\u017eurani\u0107) \u2013 planinarski dom<br \/><strong>b)<\/strong><span>\u00a0<\/span>Planinarski dom \u2013 Brli\u0107evac \u2013 antena \u2013 planinarski dom<br \/><strong>c)<\/strong><span>\u00a0<\/span>Planinarski dom &#8211; \u0161uma Striborova \u2013 planinarski dom<\/p>\n<p style=\"text-align: justify;\">Po povratku svih sudionika koji se o\u010dekuje oko 14,00 sati u ponudi je obrok po planinarskim cijenama, nakon \u010dega nastavljamo veselo planinarsko dru\u017eenje uz glazbu.<\/p>\n<p style=\"text-align: justify;\">\n<p style=\"text-align: justify;\"><strong>Iznena\u0111enje pohoda<\/strong><\/p>\n<p style=\"text-align: justify;\">Na pohodu \u0107e nam se pridru\u017eiti Maja Klari\u0107, poznata putopjesnikinja.<\/p>\n<p style=\"text-align: justify;\">Naime, kako ovaj planinarski pohod spaja svijet planinarenja i knji\u017eevnosti, nakon povratka u planinarski dom oko 15,00 sati svi sudionici mo\u0107i \u0107e sudjelovati u dru\u017eenju s Majom Klari\u0107, \u010duti predivne stihove njene poezije, kao i predstavljanju knjige<span>\u00a0<\/span><em>Vrijeme badema<\/em><span>\u00a0<\/span>koja je do\u017eivjela veliki uspjeh (o Caminu de Santiagu).<\/p>\n<p style=\"text-align: justify;\">Maja je poznata kako u planinarskim, tako i u knji\u017eevnim krugovima, dosada ima izdane 4 knjige, a njena putovanja i zapise o njima prati veliki broj zaljubljenika u putovanja, planinarenje i poeziju, te je njena pjesma iz zbirke<span>\u00a0<\/span><em>\u017divot u ruksaku<\/em><span>\u00a0<\/span>uvr\u0161tena u \u010ditanku 8. razreda.<\/p>\n<p style=\"text-align: justify;\">Veselimo se va\u0161em dolasku!<\/p>\n<p style=\"text-align: center;\">Pozdravljam te, zelena \u0161umo, velika.<br \/>Pozdravljam te u ovo jutro mirisno,<br \/>kad se granje pod te\u0161kom rosom savija,<br \/>blistaju\u0107i na sun\u010danoj svjetlosti.<br \/>Korijenje tvoje crnu zemlju sapinje,<br \/>a stabla stoje \u010dvrsto kao divovi.<br \/>O \u0161umo, zelena \u0161umo!<br \/>Ja volim miris tvojih cvjetova.<br \/>I \u0161u\u0161tanja li\u0161\u0107a na granama.<br \/>O, kako volim tvoje hladne izvore<br \/>i mahovinu, i bilje, i ko\u0161ute.<br \/>Volim te kao majku, \u0161umo.<br \/>Tebe i tvoje ptice.<br \/>( Dragutin Tadijanovi\u0107, Rastu\u0161je 1921.)<\/p>\n<p>[\/et_pb_text][\/et_pb_column][\/et_pb_row][\/et_pb_section]<\/p>\n","protected":false},"excerpt":{"rendered":"<p>22.04. nedjelja &#8211; Od Ivane do Tadije, HPD Dilj gora, Sl.Brod(Ivan Pehar, 0914473091, e-mail:\u00a0pd.diljgora@gmail.com) S rado\u0161\u0107u Vas pozivamo na planinarski pohod &#8220;Od Ivane do Tadije&#8221; koji organiziramo za planinare, gra\u0111ane, mlade, djecu i sve koji \u017eele s nama prohodati stazama \u010darobne Diljske prirode koja je inspirirala na\u0161e knji\u017eevnike 22. travnja 2018. godine. Okupljanje planinara i [&hellip;]<\/p>\n","protected":false},"author":1,"featured_media":0,"comment_status":"closed","ping_status":"open","sticky":false,"template":"","format":"standard","meta":{"_et_pb_use_builder":"on","_et_pb_old_content":"","_et_gb_content_width":"1080","footnotes":""},"categories":[32],"tags":[],"class_list":["post-4139","post","type-post","status-publish","format-standard","hentry","category-32"],"_links":{"self":[{"href":"https:\/\/www.slavonski-planinari.hr\/arhiva\/wp-json\/wp\/v2\/posts\/4139","targetHints":{"allow":["GET"]}}],"collection":[{"href":"https:\/\/www.slavonski-planinari.hr\/arhiva\/wp-json\/wp\/v2\/posts"}],"about":[{"href":"https:\/\/www.slavonski-planinari.hr\/arhiva\/wp-json\/wp\/v2\/types\/post"}],"author":[{"embeddable":true,"href":"https:\/\/www.slavonski-planinari.hr\/arhiva\/wp-json\/wp\/v2\/users\/1"}],"replies":[{"embeddable":true,"href":"https:\/\/www.slavonski-planinari.hr\/arhiva\/wp-json\/wp\/v2\/comments?post=4139"}],"version-history":[{"count":0,"href":"https:\/\/www.slavonski-planinari.hr\/arhiva\/wp-json\/wp\/v2\/posts\/4139\/revisions"}],"wp:attachment":[{"href":"https:\/\/www.slavonski-planinari.hr\/arhiva\/wp-json\/wp\/v2\/media?parent=4139"}],"wp:term":[{"taxonomy":"category","embeddable":true,"href":"https:\/\/www.slavonski-planinari.hr\/arhiva\/wp-json\/wp\/v2\/categories?post=4139"},{"taxonomy":"post_tag","embeddable":true,"href":"https:\/\/www.slavonski-planinari.hr\/arhiva\/wp-json\/wp\/v2\/tags?post=4139"}],"curies":[{"name":"wp","href":"https:\/\/api.w.org\/{rel}","templated":true}]}}