{"id":4123,"date":"2018-03-12T12:16:00","date_gmt":"2018-03-12T11:16:00","guid":{"rendered":"https:\/\/www.slavonski-planinari.hr\/arhiva\/?p=4123"},"modified":"2023-01-25T12:20:00","modified_gmt":"2023-01-25T11:20:00","slug":"krenula-opca-planinarska-skola-u-slavonskom-brodu","status":"publish","type":"post","link":"https:\/\/www.slavonski-planinari.hr\/arhiva\/krenula-opca-planinarska-skola-u-slavonskom-brodu\/","title":{"rendered":"Krenula Op\u0107a planinarska \u0161kola u Slavonskom Brodu"},"content":{"rendered":"<p>[et_pb_section fb_built=&#8221;1&#8243; theme_builder_area=&#8221;post_content&#8221; _builder_version=&#8221;4.19.4&#8243; _module_preset=&#8221;default&#8221;][et_pb_row _builder_version=&#8221;4.19.4&#8243; _module_preset=&#8221;default&#8221; theme_builder_area=&#8221;post_content&#8221;][et_pb_column _builder_version=&#8221;4.19.4&#8243; _module_preset=&#8221;default&#8221; type=&#8221;4_4&#8243; theme_builder_area=&#8221;post_content&#8221;][et_pb_text _builder_version=&#8221;4.19.4&#8243; _module_preset=&#8221;default&#8221; theme_builder_area=&#8221;post_content&#8221; hover_enabled=&#8221;0&#8243; sticky_enabled=&#8221;0&#8243;]<\/p>\n<div class=\"itemIntroText\">\n<p style=\"text-align: justify;\"><img loading=\"lazy\" decoding=\"async\" src=\"https:\/\/www.slavonski-planinari.hr\/arhiva\/wp-content\/uploads\/2023\/01\/ops_brod.jpg\" width=\"170\" height=\"128\" alt=\"\" class=\"wp-image-4125 alignleft size-full\" \/>Nakon vi\u0161emjese\u010dne pripreme i planiranja u \u010detvrtak 22. velja\u010de 2018. prvim predavanjem u prostorijama Planinarskog doma \u0110uro Pilar zapo\u010dela je Op\u0107a planinarska \u0161kola u organizaciji Planinarskog dru\u0161tva Dilj gora iz Slavonskog Broda, a sve sukladno Pravilniku o op\u0107oj planinarskoj \u0161koli u Hrvatskom planinarskom savezu.<\/p>\n<p style=\"text-align: justify;\">Pored \u010dlanova planinarskog dru\u0161tva, u izvedbi \u0161kole sudjeluje i Stanica planinarskih vodi\u010da Slavonija, te \u010dlanovi HGSS Stanice Slavonski Brod, HGSS Stanice Vinkovci i stru\u010dni suradnici iz Natura Slavonice &#8211; Javne ustanove za upravljanje za\u0161ti\u0107enim dijelovima prirode Brodsko-posavske \u017eupanije.<\/p>\n<p style=\"text-align: justify;\">\n<\/div>\n<div class=\"itemFullText\">\n<p style=\"text-align: justify;\">\u0160kola daje osnovno obrazovanje i temelj je za stjecanje op\u0107ih znanja i vje\u0161tina iz podru\u010dja planinarstva. Prvenstveni cilj \u0161kole je da polaznici steknu osnove za sigurnije kretanje u planini i bolje snala\u017eenje u slu\u010daju nezgode, da se upoznaju s planinarskom opremom, kao i prirodom i stazama po kojima \u0107e planinariti, a uz sve to i oja\u010daju svijest o potrebi o\u010duvanja prirode.<\/p>\n<p style=\"text-align: justify;\"><img loading=\"lazy\" decoding=\"async\" src=\"https:\/\/www.slavonski-planinari.hr\/arhiva\/wp-content\/uploads\/2023\/01\/skola1-1.jpg\" width=\"600\" height=\"450\" alt=\"\" class=\"wp-image-4126 aligncenter size-full\" srcset=\"https:\/\/www.slavonski-planinari.hr\/arhiva\/wp-content\/uploads\/2023\/01\/skola1-1.jpg 600w, https:\/\/www.slavonski-planinari.hr\/arhiva\/wp-content\/uploads\/2023\/01\/skola1-1-480x360.jpg 480w\" sizes=\"(min-width: 0px) and (max-width: 480px) 480px, (min-width: 481px) 600px, 100vw\" \/><\/p>\n<p style=\"text-align: justify;\">Za \u0161kolu je bila velika zainteresiranost gra\u0111ana Slavonskog Broda, \u0161to nas je sve pomalo iznenadilo, no i potvrdilo da nam svima nedostaje prirode. Ukupno je u \u0161kolu upisano 42 polaznika me\u0111u kojima ima po\u010detnika, no i iskusnijih planinara koji su s razli\u010ditim motivima upisali \u0161kolu, ali svi sa istim \u017eeljama &#8211; da svoje slobodo vrijeme ispune planinarenjem i boravkom u prirodi i da ne\u0161to novo nau\u010de o svijetu planinarenja. Na prvom predavanju uvodno su se upoznali polaznici i predstavljeno je djelovanje i kratka povijest Planinarskog dru\u0161tva Dilj gora, te su od strane voditelja \u0161kole Gorana Ba\u0161i\u0107a upoznati s osnovnim pojmovima u planinarstvu, osnovama kretanja u planinama, kao i planinarskom opremom. Drugo predavanje odr\u017ealo se u \u010detvrtak 1. o\u017eujka 2018. u prostorijama Gradske knji\u017enice u Slavonskom Brodu, a predava\u010d je bio Alan \u010caplar, poznati planinarski publicist i urednik \u010dasopisa Hrvatskog planinara, koji je polaznicima predstavio planinarsku organizaciju i proveo ih kroz zanimljivu povijest planinarstva. Tre\u0107e predavanje 8. o\u017eujka 2018. odradio je pro\u010delnik Stanice vodi\u010da Slavonija Dra\u017een Mlinari\u0107 koji je polaznike upoznao s pripremama za odlazak u planinu i opasnostima koje nas mogu zate\u0107i u planini.<\/p>\n<p style=\"text-align: justify;\"><img loading=\"lazy\" decoding=\"async\" src=\"https:\/\/www.slavonski-planinari.hr\/arhiva\/wp-content\/uploads\/2023\/01\/skola-2.jpg\" width=\"600\" height=\"450\" alt=\"\" class=\"wp-image-4127 aligncenter size-full\" srcset=\"https:\/\/www.slavonski-planinari.hr\/arhiva\/wp-content\/uploads\/2023\/01\/skola-2.jpg 600w, https:\/\/www.slavonski-planinari.hr\/arhiva\/wp-content\/uploads\/2023\/01\/skola-2-480x360.jpg 480w\" sizes=\"(min-width: 0px) and (max-width: 480px) 480px, (min-width: 481px) 600px, 100vw\" \/><\/p>\n<p style=\"text-align: justify;\">Za prvi izlet Op\u0107e planinarske \u0161kole u nedjelju 25. velja\u010de 2018. izabrana je naj\u010de\u0161\u0107a i najdra\u017ea staza brodskih planinara koja zapo\u010dinje ispred Planinarskog doma \u0110uro Pilar i zavr\u0161ava na planinarskom skloni\u0161tu u blizini istoimenog kanjona &#8211; Pljuskara. Na drugom izletu 4. o\u017eujka 2018. pro\u0161etali smo iz Brodskog Drenovca do snje\u017enog Viljeva.<br \/>\u0160kola \u0107e trajati 2 mjeseca tijekom kojih \u0107e se izmjenjivati predava\u010di iskusni planinari i stru\u010dni suradnici i obraditi mnoge zanimljive teorijske cjeline o planinarenju, prvoj pomo\u0107i, za\u0161titi prirode i mnoge druge, dok \u0107e vikendima za polaznike biti organizirani izleti i vje\u017ebe na zanimljivim lokacijama uglavnom po Slavonskim planinama, dok za zavr\u0161ni izlet imamo u planu posjetiti Klek.<\/p>\n<h3 style=\"text-align: justify;\">A kakvi su po\u010detni dojmovi polaznika o planinarskoj \u0161koli?<\/h3>\n<p style=\"text-align: justify;\">Upisala sam se u Op\u0107u planinarsku \u0161kolu zato \u0161to volim prirodu, planinarenje i dru\u017eenje. Na predavanjima uvijek nau\u010dimo ne\u0161to novo vezano za \u0161to kvalitetniji boravak u prirodi, a teorijska znanja primjenjujemo na nedjeljnim izletima. Predava\u010di su vrlo stru\u010dni i prezentiraju nam sadr\u017eaje na zanimljiv na\u010din. Preporu\u010dila bih svima koje planinarenje zanima, a nisu se jo\u0161 odlu\u010dili produbiti taj interes da nam se slobodno pridru\u017ee, jer \u0107e ih do\u010dekati predivni izleti, korisna predavanja, dru\u017eenje s novim ljudima i mogu\u0107nost da vide neka lijepa mjesta na koja se vjerojatno ne bi usudili oti\u0107i sami. (Ana R.)<\/p>\n<p style=\"text-align: justify;\">Po\u010detni dojmovi o planinarskoj \u0161koli su vrlo dobri. Iako nije neophodna za &#8220;osnovno&#8221; planinarenje vrlo je korisna i mo\u017ee se puno nau\u010diti, nego \u0161to bi se reklo na prvi pogled. Predava\u010di su iskusni planinari, a iskustvo je dragocjeno i mo\u017ee razdvojiti bitno od nebitnog \u0161to je va\u017eno kod podu\u010davanja. Drugi, va\u017eniji dio (izleti) slu\u017ei za stjecanje iskustva polaznika jer sama teorija ne zna\u010di ni\u0161ta ako se ne &#8220;proba&#8221; u\u017eivo. Vi\u0161e je razloga za upisati se u planinare 1. Bijeg iz zatvorenog, od posla i stresa 2. Fizi\u010dki napor i boravak na svje\u017eem zraku je dobar za zdravlje 3. Upoznavanje novih ljudi &#8211; uvijek je dobro imati puno prijatelja (Tomislav A.)<\/p>\n<p style=\"text-align: justify;\">\u0160kola je odli\u010dna stvar, \u017eao mi je \u0161to prije nije bilo sli\u010dnih organiziranih \u0161kola koje bi privukle mlade, pa i one najmla\u0111e. Trebali bi pribli\u017eiti ljude planini i planinarenju i prirodi. Imam dojam da se polako di\u017ee svijest kod ljudi o istom i mislim da bi se trebali ugledati na na\u0161e susjede Slovence npr. gdje se organizirano vode ekskurzije iz srednjih pa \u010dak i osnovnih \u0161kola na izlete po Triglavu. Smatram da \u0107e \u0161kola biti odli\u010dna jer su predava\u010di odli\u010dni, iskusni ljudi u planinarenju i gorskom planinarenju. Onaj tko ho\u0107e mo\u017ee puno nau\u010diti i po\u010detna \u0161kola \u0107e mu pomo\u0107i za dalje napredovanje. Dojam prvog izleta je super, odli\u010dna je i \u0161arolika ekipa, a \u0161to se mene osobno ti\u010de i dojma prvog izleta &#8211; htio sam da je jo\u0161 vi\u0161e snijega, da je jo\u0161 vi\u0161e znoja i jedva \u010dekam takve terene. (Domagoj S.)<\/p>\n<p style=\"text-align: justify;\">Hodanje i lutanje po prirodi va\u017ean je dio mog \u017eivota jo\u0161 od djetinjstva. Igrom slu\u010daja na jednom takvom lutanju prije godinu i ne\u0161to dana susretoh planinare na\u0161eg Planinarskog dru\u0161tva Dilj Gora. Uz njih sam nau\u010dila puno &#8220;malih stvari&#8221; o planinarenju. Planinarsku \u0161kolu upisala sam sasvim neplanirano, slijede\u0107i taj neki unutarnji osje\u0107aj da \u010dinim pravu stvar za sebe i druge. Prava je istina da svi mi imamo brdo obveza i malo slobodnog vremena koje treba racionalno posvetiti ne\u010demu \u0161to ima svrhu ve\u0107u od na\u0161eg vlastitog \u017eivota. Nadam se da \u0107u nau\u010deno jednog dana mo\u0107i prenijeti nesebi\u010dno drugima, isto onako kako sam i sama primila to znanje. Na\u0161 prvi izlet je ispunio moja o\u010dekivanja. Praksa &#8220;na terenu&#8221; je povezana s predavanjem koje nam je prezentirano ranije. \u0160to se ti\u010de planinarske \u0161kole imam samo rije\u010di pohvale za sve male i velike ljude uklju\u010dene u organizaciju iste, od lo\u017ea\u010da vatre i kuharice \u010daja, pa do predava\u010da. Sre\u0107a je biti dio ovog malog dru\u0161tva. (Marina B.)<\/p>\n<p style=\"text-align: right;\">Tekst: PD Dilj gora (M.G.Julari\u0107)<br \/>Fotografije: Arhiva PD Dilj gora<\/p>\n<\/div>\n<p>[\/et_pb_text][\/et_pb_column][\/et_pb_row][\/et_pb_section]<\/p>\n","protected":false},"excerpt":{"rendered":"<p>Nakon vi\u0161emjese\u010dne pripreme i planiranja u \u010detvrtak 22. velja\u010de 2018. prvim predavanjem u prostorijama Planinarskog doma \u0110uro Pilar zapo\u010dela je Op\u0107a planinarska \u0161kola u organizaciji Planinarskog dru\u0161tva Dilj gora iz Slavonskog Broda, a sve sukladno Pravilniku o op\u0107oj planinarskoj \u0161koli u Hrvatskom planinarskom savezu. Pored \u010dlanova planinarskog dru\u0161tva, u izvedbi \u0161kole sudjeluje i Stanica planinarskih [&hellip;]<\/p>\n","protected":false},"author":1,"featured_media":0,"comment_status":"closed","ping_status":"open","sticky":false,"template":"","format":"standard","meta":{"_et_pb_use_builder":"on","_et_pb_old_content":"","_et_gb_content_width":"1080","footnotes":""},"categories":[32],"tags":[],"class_list":["post-4123","post","type-post","status-publish","format-standard","hentry","category-32"],"_links":{"self":[{"href":"https:\/\/www.slavonski-planinari.hr\/arhiva\/wp-json\/wp\/v2\/posts\/4123","targetHints":{"allow":["GET"]}}],"collection":[{"href":"https:\/\/www.slavonski-planinari.hr\/arhiva\/wp-json\/wp\/v2\/posts"}],"about":[{"href":"https:\/\/www.slavonski-planinari.hr\/arhiva\/wp-json\/wp\/v2\/types\/post"}],"author":[{"embeddable":true,"href":"https:\/\/www.slavonski-planinari.hr\/arhiva\/wp-json\/wp\/v2\/users\/1"}],"replies":[{"embeddable":true,"href":"https:\/\/www.slavonski-planinari.hr\/arhiva\/wp-json\/wp\/v2\/comments?post=4123"}],"version-history":[{"count":0,"href":"https:\/\/www.slavonski-planinari.hr\/arhiva\/wp-json\/wp\/v2\/posts\/4123\/revisions"}],"wp:attachment":[{"href":"https:\/\/www.slavonski-planinari.hr\/arhiva\/wp-json\/wp\/v2\/media?parent=4123"}],"wp:term":[{"taxonomy":"category","embeddable":true,"href":"https:\/\/www.slavonski-planinari.hr\/arhiva\/wp-json\/wp\/v2\/categories?post=4123"},{"taxonomy":"post_tag","embeddable":true,"href":"https:\/\/www.slavonski-planinari.hr\/arhiva\/wp-json\/wp\/v2\/tags?post=4123"}],"curies":[{"name":"wp","href":"https:\/\/api.w.org\/{rel}","templated":true}]}}