{"id":4120,"date":"2018-03-06T12:14:00","date_gmt":"2018-03-06T11:14:00","guid":{"rendered":"https:\/\/www.slavonski-planinari.hr\/arhiva\/?p=4120"},"modified":"2023-01-25T12:16:24","modified_gmt":"2023-01-25T11:16:24","slug":"25-03-2018-5-izlet-krndijskim-stjenjacim","status":"publish","type":"post","link":"https:\/\/www.slavonski-planinari.hr\/arhiva\/25-03-2018-5-izlet-krndijskim-stjenjacim\/","title":{"rendered":"25.03.2018. &#8211; 5. izlet Krndijskim stjenjacim"},"content":{"rendered":"<p>[et_pb_section fb_built=&#8221;1&#8243; theme_builder_area=&#8221;post_content&#8221; _builder_version=&#8221;4.19.4&#8243; _module_preset=&#8221;default&#8221;][et_pb_row _builder_version=&#8221;4.19.4&#8243; _module_preset=&#8221;default&#8221; theme_builder_area=&#8221;post_content&#8221;][et_pb_column _builder_version=&#8221;4.19.4&#8243; _module_preset=&#8221;default&#8221; type=&#8221;4_4&#8243; theme_builder_area=&#8221;post_content&#8221;][et_pb_text _builder_version=&#8221;4.19.4&#8243; _module_preset=&#8221;default&#8221; theme_builder_area=&#8221;post_content&#8221; hover_enabled=&#8221;0&#8243; sticky_enabled=&#8221;0&#8243;]<\/p>\n<div class=\"itemIntroText\">\n<p><img loading=\"lazy\" decoding=\"async\" src=\"https:\/\/www.slavonski-planinari.hr\/arhiva\/wp-content\/uploads\/2023\/01\/stjenjaci17.jpg\" width=\"113\" height=\"80\" alt=\"\" class=\"wp-image-3320 alignleft size-full\" \/>HPD Orahovica poziva Vas na izlet \u201eKrndijskim stjenjacima\u201c, koji \u0107e se odr\u017eati u nedjelju 25.3.2018. godine.<\/p>\n<\/div>\n<div class=\"itemFullText\">\n<p>Okupljanje planinara je od 8:30 do 9:00 sati na Orahovi\u010dkom jezeru.<\/p>\n<p>Planirano trajanje izleta je 6 sati hoda, sa povratkom na jezero oko 15:00 sati, gdje \u0107e se mo\u0107i ne\u0161to pojesti i popiti.<\/p>\n<p>Staza nije laganica. U slu\u010daju lo\u0161eg vremena, staza \u0107e po potrebi biti skra\u0107ena.<\/p>\n<p>&nbsp;<\/p>\n<ul>\n<li>25.03. nedjelja \u2013 5. izlet Krndijskim stjenjacima, HPD Orahovica Orahovica<br \/>(Zorko Steiner, 0992144297, e-mail:\u00a0<span id=\"cloak1861d7a5dfd7a5cefbc12c19fb801133\"><span id=\"cloak368ff68ee542ead069ddc51ca29bec39\"><span id=\"cloak9279758b638d94cf33b9c6718ad96178\"><a href=\"mailto:zorkosteiner01@gmail.com\">zorkosteiner01@gmail.com<\/a><\/span><\/span><\/span>)<\/li>\n<\/ul>\n<\/div>\n<p>[\/et_pb_text][\/et_pb_column][\/et_pb_row][\/et_pb_section]<\/p>\n","protected":false},"excerpt":{"rendered":"<p>HPD Orahovica poziva Vas na izlet \u201eKrndijskim stjenjacima\u201c, koji \u0107e se odr\u017eati u nedjelju 25.3.2018. godine. Okupljanje planinara je od 8:30 do 9:00 sati na Orahovi\u010dkom jezeru. Planirano trajanje izleta je 6 sati hoda, sa povratkom na jezero oko 15:00 sati, gdje \u0107e se mo\u0107i ne\u0161to pojesti i popiti. Staza nije laganica. U slu\u010daju lo\u0161eg [&hellip;]<\/p>\n","protected":false},"author":1,"featured_media":0,"comment_status":"closed","ping_status":"open","sticky":false,"template":"","format":"standard","meta":{"_et_pb_use_builder":"on","_et_pb_old_content":"","_et_gb_content_width":"1080","footnotes":""},"categories":[32],"tags":[],"class_list":["post-4120","post","type-post","status-publish","format-standard","hentry","category-32"],"_links":{"self":[{"href":"https:\/\/www.slavonski-planinari.hr\/arhiva\/wp-json\/wp\/v2\/posts\/4120","targetHints":{"allow":["GET"]}}],"collection":[{"href":"https:\/\/www.slavonski-planinari.hr\/arhiva\/wp-json\/wp\/v2\/posts"}],"about":[{"href":"https:\/\/www.slavonski-planinari.hr\/arhiva\/wp-json\/wp\/v2\/types\/post"}],"author":[{"embeddable":true,"href":"https:\/\/www.slavonski-planinari.hr\/arhiva\/wp-json\/wp\/v2\/users\/1"}],"replies":[{"embeddable":true,"href":"https:\/\/www.slavonski-planinari.hr\/arhiva\/wp-json\/wp\/v2\/comments?post=4120"}],"version-history":[{"count":0,"href":"https:\/\/www.slavonski-planinari.hr\/arhiva\/wp-json\/wp\/v2\/posts\/4120\/revisions"}],"wp:attachment":[{"href":"https:\/\/www.slavonski-planinari.hr\/arhiva\/wp-json\/wp\/v2\/media?parent=4120"}],"wp:term":[{"taxonomy":"category","embeddable":true,"href":"https:\/\/www.slavonski-planinari.hr\/arhiva\/wp-json\/wp\/v2\/categories?post=4120"},{"taxonomy":"post_tag","embeddable":true,"href":"https:\/\/www.slavonski-planinari.hr\/arhiva\/wp-json\/wp\/v2\/tags?post=4120"}],"curies":[{"name":"wp","href":"https:\/\/api.w.org\/{rel}","templated":true}]}}