{"id":4109,"date":"2018-01-30T12:06:00","date_gmt":"2018-01-30T11:06:00","guid":{"rendered":"https:\/\/www.slavonski-planinari.hr\/arhiva\/?p=4109"},"modified":"2023-01-25T12:09:58","modified_gmt":"2023-01-25T11:09:58","slug":"svecano-obiljezena-90-godisnjica-organiziranog-planinarstva-u-pakracu","status":"publish","type":"post","link":"https:\/\/www.slavonski-planinari.hr\/arhiva\/svecano-obiljezena-90-godisnjica-organiziranog-planinarstva-u-pakracu\/","title":{"rendered":"Sve\u010dano obilje\u017eena 90. godi\u0161njica organiziranog planinarstva u Pakracu"},"content":{"rendered":"<p>[et_pb_section fb_built=&#8221;1&#8243; theme_builder_area=&#8221;post_content&#8221; _builder_version=&#8221;4.19.4&#8243; _module_preset=&#8221;default&#8221;][et_pb_row _builder_version=&#8221;4.19.4&#8243; _module_preset=&#8221;default&#8221; theme_builder_area=&#8221;post_content&#8221;][et_pb_column _builder_version=&#8221;4.19.4&#8243; _module_preset=&#8221;default&#8221; type=&#8221;4_4&#8243; theme_builder_area=&#8221;post_content&#8221;][et_pb_text _builder_version=&#8221;4.19.4&#8243; _module_preset=&#8221;default&#8221; theme_builder_area=&#8221;post_content&#8221; hover_enabled=&#8221;0&#8243; sticky_enabled=&#8221;0&#8243;]<\/p>\n<div class=\"itemIntroText\">\n<p style=\"text-align: justify;\"><a href=\"https:\/\/www.slavonski-planinari.hr\/arhiva\/wp-content\/uploads\/2023\/01\/psunj1.jpg\"><img loading=\"lazy\" decoding=\"async\" src=\"https:\/\/www.slavonski-planinari.hr\/arhiva\/wp-content\/uploads\/2023\/01\/psunj1.jpg\" width=\"1200\" height=\"800\" alt=\"\" class=\"wp-image-4111 alignleft size-full\" srcset=\"https:\/\/www.slavonski-planinari.hr\/arhiva\/wp-content\/uploads\/2023\/01\/psunj1.jpg 1200w, https:\/\/www.slavonski-planinari.hr\/arhiva\/wp-content\/uploads\/2023\/01\/psunj1-980x653.jpg 980w, https:\/\/www.slavonski-planinari.hr\/arhiva\/wp-content\/uploads\/2023\/01\/psunj1-480x320.jpg 480w\" sizes=\"(min-width: 0px) and (max-width: 480px) 480px, (min-width: 481px) and (max-width: 980px) 980px, (min-width: 981px) 1200px, 100vw\" \/><\/a>Na\u0161e planinarsko dru\u0161tvo osnovano je 29. sije\u010dnja 1928., a ove godine obilje\u017eava 90 godina organiziranog planinarstva u Pakracu. Upravo ta velika obljetnica bila je povod odr\u017eavanja sve\u010dane sjednice Skup\u0161tine Dru\u0161tva koja se odr\u017eala u subotu, 27. sije\u010dnja u pakra\u010dkoj Gradskoj vije\u0107nici.<\/p>\n<\/div>\n<div class=\"itemFullText\">\n<p style=\"text-align: justify;\">Sve\u010dana sjednica zapo\u010dela je intonacijom hrvatske himne, u izvedbi Sta\u0161e Kuki\u0107 i tambura\u0161kog orkestra \u201ePakrac\u201c, nakon \u010dega je predsjednik Zoran Milakovi\u0107 pozdravio okupljene planinare i goste, me\u0111u kojima su bili predsjednik Izvr\u0161nog odbora Hrvatskog planinarskog saveza (HPS) Vladimir Novak, \u010dlanovi Izvr\u0161nog obora HPS-a Edo Bogovi\u0107 i Ivan Hapa\u010d, predsjednik udruge Slavonski planinari Otmar Tosenberger, zamjenik pakra\u010dke gradona\u010delnice Marijan \u0160irac, \u010delnici lokalnih ustanova i institucija, predstavnici PD \u201eLipa\u201c Lipik, PD \u201eZanatlija\u201c Osijek, PD \u201eZmajevac\u201c Novska, PD \u201ePetrov vrh\u201c Daruvar te Odred izvi\u0111a\u010da \u201ePakra\u201c Pakrac.<\/p>\n<p style=\"text-align: justify;\">U Izvje\u0161\u0107u o radu\u00a0 koje je iznio predsjednik Zoran Milakovi\u0107, moglo se \u010duti kako je tijekom 2017. godine odr\u017eano \u0161esnaest sjednica Izvr\u0161nog odbora, \u010dlanovi Dru\u0161tva su sudjelovali na skup\u0161tinama drugih dru\u0161tava, nekoliko \u010dlanova je zavr\u0161ilo Op\u0107u planinarsku \u0161kolu u organizaciji PD \u201eZmajevac\u201c iz Novske, \u010dlanovi Visokogorske sekcije su imali poku\u0161aj uspona na Mont Blanc, a predstavnici Dru\u0161tva su tako\u0111er sudjelovali na radionici za pisanje projekata, na sajmu \u201eSlavonski banovac\u201c, sura\u0111ivali su s Hrvatskim centrom za razminiranje te zavr\u0161ili projekt ugradnje pe\u0107i na pelete u planinarskom domu \u201eOmanovac\u201c. Planinari su protekle godine odr\u017eali, ve\u0107 tradicionalni, memorijalni pohod \u201eFokinom stazom 1991.\u201c na kojem je sudjelovalo vi\u0161e od 200 sudionika, odr\u017eavali su planinarske staze te radne akcije, a na kraju 2017. godine Dru\u0161tvo je brojalo 105 \u010dlanova.<\/p>\n<p style=\"text-align: justify;\"><img loading=\"lazy\" decoding=\"async\" src=\"https:\/\/www.slavonski-planinari.hr\/arhiva\/wp-content\/uploads\/2023\/01\/psunj2.jpg\" width=\"1200\" height=\"800\" alt=\"\" class=\"wp-image-4112 aligncenter size-full\" srcset=\"https:\/\/www.slavonski-planinari.hr\/arhiva\/wp-content\/uploads\/2023\/01\/psunj2.jpg 1200w, https:\/\/www.slavonski-planinari.hr\/arhiva\/wp-content\/uploads\/2023\/01\/psunj2-980x653.jpg 980w, https:\/\/www.slavonski-planinari.hr\/arhiva\/wp-content\/uploads\/2023\/01\/psunj2-480x320.jpg 480w\" sizes=\"(min-width: 0px) and (max-width: 480px) 480px, (min-width: 481px) and (max-width: 980px) 980px, (min-width: 981px) 1200px, 100vw\" \/><\/p>\n<p style=\"text-align: justify;\">Kre\u0161imir \u010cehuli\u0107, dopredsjednik , u ime Sekcije za gospodarstvo, je izvijestio kako je u prethodnoj godini odr\u017eano osam radnih akcija (\u010di\u0161\u0107enje planinarskog doma, priprema drva, saniranje terase\/popravak plo\u010dica) u kojima je sudjelovalo 26 \u010dlanova Dru\u0161tva. U ime Sekcija za izlete i propagandu, Borislav \u010cerni je rekao kako su tijekom pro\u0161le godine organizirali dvadeset izleta (Putevima Psunja, Izleti u nepoznato, 67. Dani Slavonskih planinara \u2013 Strmac, Hrastova\u010dka gora, Velebit, Medvednica, Mljet\u2026) na kojima je sudjelovalo 370 planinara. \u017darko Ro\u010dek, voditelj Sekcije za ozna\u010davanje \u2013 markaciju, je kazao kako su planinari odr\u017eavali prohodnost te ure\u0111ivali planinarske staze, ali isto tako su izra\u0111ivali nove putokaze i putokazne plo\u010de. \u010clanovi Visokogorske sekcije pro\u0161le su godine imali poku\u0161aj uspona na Mont Blanc, \u0161to im zbog nepovoljnih vremenskih uvjeta nije po\u0161lo za rukom, a tako\u0111er su odr\u017eali, izme\u0111u ostalog, vje\u017ebe spa\u0161avanja te kretanje po zale\u0111enim povr\u0161inama, izvijestio je Stevo Nagy.<br \/>Financijsku stranu je obrazlo\u017eila Dragica \u0160irac, dok je Eva Feldvebl kao predsjednica Nadzornog odbora Dru\u0161tva izvijestila kako je sve bilo regularno. \u017deljko Feldvebl, kao predsjednik Suda \u010dasti, je kazao kako nije bilo nikakvih pritu\u017ebi.<\/p>\n<p style=\"text-align: justify;\"><img loading=\"lazy\" decoding=\"async\" src=\"https:\/\/www.slavonski-planinari.hr\/arhiva\/wp-content\/uploads\/2023\/01\/psunj3.jpg\" width=\"1200\" height=\"800\" alt=\"\" class=\"wp-image-4113 aligncenter size-full\" srcset=\"https:\/\/www.slavonski-planinari.hr\/arhiva\/wp-content\/uploads\/2023\/01\/psunj3.jpg 1200w, https:\/\/www.slavonski-planinari.hr\/arhiva\/wp-content\/uploads\/2023\/01\/psunj3-980x653.jpg 980w, https:\/\/www.slavonski-planinari.hr\/arhiva\/wp-content\/uploads\/2023\/01\/psunj3-480x320.jpg 480w\" sizes=\"(min-width: 0px) and (max-width: 480px) 480px, (min-width: 481px) and (max-width: 980px) 980px, (min-width: 981px) 1200px, 100vw\" \/><\/p>\n<p style=\"text-align: justify;\">Zahvalnice i priznanja za nesebi\u010dnu pomo\u0107 u radu PD \u201ePsunj\u201c zaslu\u017eili su: Zdravko Barto\u0161, Antun Ciglene\u010dki, \u017deljko Feldvebl, Zdenko Hudorovi\u0107, Slavko Habijanec, Vera Jandri\u0107, Vencl Krucki, Manuela Lipu\u0161i\u0107, Miroslav Ma\u0111aro\u0161, Ewa Marczak, Jagor Opi\u0107, Dijana Pijuko, Boris Risek, Santo Tessari, Antun \u0160irac, Dejan Svjetli\u010di\u0107, Zdravko \u0160imunovi\u0107 i Vesna Turkovi\u0107, Sre\u0107ko Brus, Mario Tu\u0161ek, Marko Pavlovi\u0107, Kre\u0161imir Kardum, Jasna Tessari, Ivanka Tessari, Monika Luci\u0107 Fider, Vladimir Bajzek, Danijel Gr\u010devi\u0107, Ante Brklja\u010di\u0107, Marinko Toma\u0161i\u0107, DVD Pakrac, TO \u201ePakrac\u201c, Obrt Vios, FOTOImago, Muzej Grada Pakraca, Odred izvi\u0111a\u010da \u201ePakra\u201c Pakrac, \u0160umarija Pakrac, \u0160umarija Lipik, Udruga specijalne policije \u201eOmege\u201c, Udruga dragovoljaca Domovinskog rata Bjelovarsko-bilogorske \u017eupanije, \u017deljko Ga\u0161parovi\u0107 Ga\u0161o, PD \u201eLipa\u201c Lipik, Zeleni vrh j.d.o.o., Lipi\u010dki Compas, Pakra\u010dki list, Sportska zajednica Grada Pakraca, Metalko, Udruga Slavonski planinari.<\/p>\n<p style=\"text-align: justify;\">Priznanja za \u010dlanove su dobili: Blanka Arbanas, Jozefina Au\u0161prung, Goran Arbanas, Stevo Nagy \u017deljko Major, \u017deljko Pavkovi\u0107, Ksenija Major, Snje\u017eana Ru\u017ei\u010dka, Zdenko Ru\u017ei\u010dka, Helena Sigurnjak, Eva Feldvebl, Nevenka Gr\u010devi\u0107, Vera Far, Irena Lali\u0107, Damir Lali\u0107, \u017deljko Mandi\u0107, Goran Far, Vladimir Tessari, \u017deljko Milakovi\u0107 i Marko Pavlovi\u0107.<\/p>\n<p style=\"text-align: justify;\">U svojem obra\u0107anju, predsjednik Izvr\u0161nog odbora Hrvatskog planinarskog saveza Vladimir Novak \u010destitao je Dru\u0161tvu ovu zaista veliku i zna\u010dajnu obljetnicu te pritom uru\u010dio priznanja HPS-a.<\/p>\n<p style=\"text-align: justify;\"><strong>Bron\u010danim znakom<\/strong><span>\u00a0<\/span>HPS-a odlikovani su: Matija Arbanas, Kre\u0161o \u010cehuli\u0107, Ivan \u010cerni, Branka E\u010dimovi\u0107, Josipa Kordi\u0107, Zoran Milakovi\u0107, Dragica \u0160irac i Tihomir Martinovi\u0107.<\/p>\n<p style=\"text-align: justify;\"><strong>Srebrnim znakom<\/strong><span>\u00a0<\/span>HPS-a odlikovani su: Zlatko Gr\u010devi\u0107 i stanica HGSS Po\u017eega.<\/p>\n<p style=\"text-align: justify;\"><strong>Zlatnim znakom<\/strong><span>\u00a0<\/span>HPS-a odlikovani su: Ludmila \u010cerni i \u017darko Ro\u010dek.<\/p>\n<p style=\"text-align: justify;\">Najvi\u0161e priznanje,<strong><span>\u00a0<\/span>Plaketu Hrvatskog planinarskog saveza<\/strong>, zaslu\u017eili su Frida Filipovi\u0107 i Borislav \u010cerni.<\/p>\n<p style=\"text-align: justify;\">Tako\u0111er je uru\u010deno i posebno priznanje HPS-a Gradu Pakracu za izuzetnu suradnju.<\/p>\n<p style=\"text-align: justify;\">Na kraju sjednice tambura\u0161ki orkestar izveo je pjesmu na\u0161e planinarke Josipe Kordi\u0107 \u201ePjesma Psunju\u201c(Pakra\u010dki planinari).<\/p>\n<p style=\"text-align: justify;\">Na samom kraju ove sve\u010dane sjednice prikazan je petnaestminutni film snimljen davne 1969. godine na kojem je prikazan 7. Slet planinara Slavonije odr\u017ean na Omanovcu i u kojem su se, osim planinarskog doma \u201eOmanovac\u201c, mogli vidjeti neki pakra\u010dki planinari koji su ostavili zna\u010dajan trag u radu PD \u201ePsunj\u201c. Tako smo mogli vidjeti Antuna Ajmana, Rudolfa Ci\u0161pera (autora knjige \u201e70 godina planinarstva u Pakracu\u201c), An\u0111elku Crnkovi\u0107, Slavka Dole\u017eala, Josipa Hegedi\u0161a, Jasnu Jambri\u0161aka, Venu Kosanovi\u0107a, Peru Kordi\u0107a, Josipa Oblijana, Zvonka Pavlenjaka, Branka Prugini\u0107a, Stevu Sve\u010dnjaka i brojne druge.<br \/>Povodom ove obljetnice izdali smo i jubilarnu zna\u010dku.<\/p>\n<p style=\"text-align: right;\">Izvor i vi\u0161e fotografija:<span>\u00a0<\/span><a href=\"http:\/\/pdpsunj.hr\/svecano-obiljezena-90-godisnjica-organiziranog-planinarstva-u-pakracu\/\">pdpsunj.hr<\/a><\/p>\n<\/div>\n<p>[\/et_pb_text][\/et_pb_column][\/et_pb_row][\/et_pb_section]<\/p>\n","protected":false},"excerpt":{"rendered":"<p>Na\u0161e planinarsko dru\u0161tvo osnovano je 29. sije\u010dnja 1928., a ove godine obilje\u017eava 90 godina organiziranog planinarstva u Pakracu. Upravo ta velika obljetnica bila je povod odr\u017eavanja sve\u010dane sjednice Skup\u0161tine Dru\u0161tva koja se odr\u017eala u subotu, 27. sije\u010dnja u pakra\u010dkoj Gradskoj vije\u0107nici. Sve\u010dana sjednica zapo\u010dela je intonacijom hrvatske himne, u izvedbi Sta\u0161e Kuki\u0107 i tambura\u0161kog orkestra [&hellip;]<\/p>\n","protected":false},"author":1,"featured_media":0,"comment_status":"closed","ping_status":"open","sticky":false,"template":"","format":"standard","meta":{"_et_pb_use_builder":"on","_et_pb_old_content":"","_et_gb_content_width":"1080","footnotes":""},"categories":[32],"tags":[],"class_list":["post-4109","post","type-post","status-publish","format-standard","hentry","category-32"],"_links":{"self":[{"href":"https:\/\/www.slavonski-planinari.hr\/arhiva\/wp-json\/wp\/v2\/posts\/4109","targetHints":{"allow":["GET"]}}],"collection":[{"href":"https:\/\/www.slavonski-planinari.hr\/arhiva\/wp-json\/wp\/v2\/posts"}],"about":[{"href":"https:\/\/www.slavonski-planinari.hr\/arhiva\/wp-json\/wp\/v2\/types\/post"}],"author":[{"embeddable":true,"href":"https:\/\/www.slavonski-planinari.hr\/arhiva\/wp-json\/wp\/v2\/users\/1"}],"replies":[{"embeddable":true,"href":"https:\/\/www.slavonski-planinari.hr\/arhiva\/wp-json\/wp\/v2\/comments?post=4109"}],"version-history":[{"count":0,"href":"https:\/\/www.slavonski-planinari.hr\/arhiva\/wp-json\/wp\/v2\/posts\/4109\/revisions"}],"wp:attachment":[{"href":"https:\/\/www.slavonski-planinari.hr\/arhiva\/wp-json\/wp\/v2\/media?parent=4109"}],"wp:term":[{"taxonomy":"category","embeddable":true,"href":"https:\/\/www.slavonski-planinari.hr\/arhiva\/wp-json\/wp\/v2\/categories?post=4109"},{"taxonomy":"post_tag","embeddable":true,"href":"https:\/\/www.slavonski-planinari.hr\/arhiva\/wp-json\/wp\/v2\/tags?post=4109"}],"curies":[{"name":"wp","href":"https:\/\/api.w.org\/{rel}","templated":true}]}}