{"id":4106,"date":"2018-01-24T12:04:00","date_gmt":"2018-01-24T11:04:00","guid":{"rendered":"https:\/\/www.slavonski-planinari.hr\/arhiva\/?p=4106"},"modified":"2023-01-25T12:06:36","modified_gmt":"2023-01-25T11:06:36","slug":"visokogorski-tecaj-slavonija-2018","status":"publish","type":"post","link":"https:\/\/www.slavonski-planinari.hr\/arhiva\/visokogorski-tecaj-slavonija-2018\/","title":{"rendered":"Visokogorski te\u010daj Slavonija 2018."},"content":{"rendered":"<p>[et_pb_section fb_built=&#8221;1&#8243; theme_builder_area=&#8221;post_content&#8221; _builder_version=&#8221;4.19.4&#8243; _module_preset=&#8221;default&#8221; custom_padding=&#8221;||336px|||&#8221;][et_pb_row _builder_version=&#8221;4.19.4&#8243; _module_preset=&#8221;default&#8221; theme_builder_area=&#8221;post_content&#8221;][et_pb_column _builder_version=&#8221;4.19.4&#8243; _module_preset=&#8221;default&#8221; type=&#8221;4_4&#8243; theme_builder_area=&#8221;post_content&#8221;][et_pb_text _builder_version=&#8221;4.19.4&#8243; _module_preset=&#8221;default&#8221; theme_builder_area=&#8221;post_content&#8221; content_last_edited=&#8221;on|desktop&#8221; hover_enabled=&#8221;0&#8243; sticky_enabled=&#8221;0&#8243; content_tablet=&#8221;<\/p>\n<div class=%22itemIntroText%22>\n<p><img src=%22https:\/\/www.slavonski-planinari.hr\/arhiva\/wp-content\/uploads\/2023\/01\/visokogorje.jpg%22 width=%22170%22 height=%22127%22 alt=%22%22 class=%22wp-image-3773 alignleft size-full%22 \/>Nakon uspje\u0161no odr\u017eanog prvog te\u010daja u 2017. godini, pozivamo one koji nisu imali mogu\u0107nosti i prilike da se prijave ove godine.\u00a0<\/p>\n<\/div>\n<div class=%22itemFullText%22>\n<p>Obavijestite o tome svoje \u010dlanove i prijatelje iz drugih slavonskih planianrskih dru\u0161tava za koje mislite da bi mogli biti zaintresirani.<\/p>\n<p>Va\u017eno je naglasiti da je rok za prijavu kratak i da je broj polaznika limitiran radi kvalitete rada.<\/p>\n<p>Te\u010daj \u0107e se odr\u017eati samo ako bude dovoljno zainteresiranih a u suprotnom se odga\u0111a za idu\u0107u sezonu\/godinu.<\/p>\n<p>Sve potrebne informacije i kontakt u prilo\u017eenom pozivu.<\/p>\n<\/div>\n<p>&#8221; content_phone=&#8221;<\/p>\n<div class=%22itemIntroText%22>\n<p><img src=%22https:\/\/www.slavonski-planinari.hr\/arhiva\/wp-content\/uploads\/2023\/01\/visokogorje.jpg%22 width=%22170%22 height=%22127%22 alt=%22%22 class=%22wp-image-3773 alignleft size-full%22 \/>Nakon uspje\u0161no odr\u017eanog prvog te\u010daja u 2017. godini, pozivamo one koji nisu imali mogu\u0107nosti i prilike da se prijave ove godine.\u00a0<\/p>\n<\/div>\n<div class=%22itemFullText%22>\n<p>Obavijestite o tome svoje \u010dlanove i prijatelje iz drugih slavonskih planianrskih dru\u0161tava za koje mislite da bi mogli biti zaintresirani.<\/p>\n<p>Va\u017eno je naglasiti da je rok za prijavu kratak i da je broj polaznika limitiran radi kvalitete rada.<\/p>\n<p>Te\u010daj \u0107e se odr\u017eati samo ako bude dovoljno zainteresiranih a u suprotnom se odga\u0111a za idu\u0107u sezonu\/godinu.<\/p>\n<p>Sve potrebne informacije i kontakt u prilo\u017eenom pozivu.<\/p>\n<\/div>\n<p>&#8220;]<\/p>\n<div class=\"itemIntroText\">\n<p><img loading=\"lazy\" decoding=\"async\" src=\"https:\/\/www.slavonski-planinari.hr\/arhiva\/wp-content\/uploads\/2023\/01\/visokogorje.jpg\" width=\"170\" height=\"127\" alt=\"\" class=\"wp-image-3773 alignleft size-full\" \/>Nakon uspje\u0161no odr\u017eanog prvog te\u010daja u 2017. godini, pozivamo one koji nisu imali mogu\u0107nosti i prilike da se prijave ove godine.\u00a0<\/p>\n<\/div>\n<div class=\"itemFullText\">\n<p>Obavijestite o tome svoje \u010dlanove i prijatelje iz drugih slavonskih planianrskih dru\u0161tava za koje mislite da bi mogli biti zaintresirani.<\/p>\n<p>Va\u017eno je naglasiti da je rok za prijavu kratak i da je broj polaznika limitiran radi kvalitete rada.<\/p>\n<p>Te\u010daj \u0107e se odr\u017eati samo ako bude dovoljno zainteresiranih a u suprotnom se odga\u0111a za idu\u0107u sezonu\/godinu.<\/p>\n<p>Sve potrebne informacije i kontakt u prilo\u017eenom pozivu.<\/p>\n<\/div>\n<p>[\/et_pb_text][\/et_pb_column][\/et_pb_row][\/et_pb_section]<\/p>\n","protected":false},"excerpt":{"rendered":"<p>Nakon uspje\u0161no odr\u017eanog prvog te\u010daja u 2017. godini, pozivamo one koji nisu imali mogu\u0107nosti i prilike da se prijave ove godine.\u00a0 Obavijestite o tome svoje \u010dlanove i prijatelje iz drugih slavonskih planianrskih dru\u0161tava za koje mislite da bi mogli biti zaintresirani. Va\u017eno je naglasiti da je rok za prijavu kratak i da je broj polaznika [&hellip;]<\/p>\n","protected":false},"author":1,"featured_media":0,"comment_status":"closed","ping_status":"open","sticky":false,"template":"","format":"standard","meta":{"_et_pb_use_builder":"on","_et_pb_old_content":"","_et_gb_content_width":"1080","footnotes":""},"categories":[32],"tags":[],"class_list":["post-4106","post","type-post","status-publish","format-standard","hentry","category-32"],"_links":{"self":[{"href":"https:\/\/www.slavonski-planinari.hr\/arhiva\/wp-json\/wp\/v2\/posts\/4106","targetHints":{"allow":["GET"]}}],"collection":[{"href":"https:\/\/www.slavonski-planinari.hr\/arhiva\/wp-json\/wp\/v2\/posts"}],"about":[{"href":"https:\/\/www.slavonski-planinari.hr\/arhiva\/wp-json\/wp\/v2\/types\/post"}],"author":[{"embeddable":true,"href":"https:\/\/www.slavonski-planinari.hr\/arhiva\/wp-json\/wp\/v2\/users\/1"}],"replies":[{"embeddable":true,"href":"https:\/\/www.slavonski-planinari.hr\/arhiva\/wp-json\/wp\/v2\/comments?post=4106"}],"version-history":[{"count":0,"href":"https:\/\/www.slavonski-planinari.hr\/arhiva\/wp-json\/wp\/v2\/posts\/4106\/revisions"}],"wp:attachment":[{"href":"https:\/\/www.slavonski-planinari.hr\/arhiva\/wp-json\/wp\/v2\/media?parent=4106"}],"wp:term":[{"taxonomy":"category","embeddable":true,"href":"https:\/\/www.slavonski-planinari.hr\/arhiva\/wp-json\/wp\/v2\/categories?post=4106"},{"taxonomy":"post_tag","embeddable":true,"href":"https:\/\/www.slavonski-planinari.hr\/arhiva\/wp-json\/wp\/v2\/tags?post=4106"}],"curies":[{"name":"wp","href":"https:\/\/api.w.org\/{rel}","templated":true}]}}