{"id":4099,"date":"2018-01-19T11:58:00","date_gmt":"2018-01-19T10:58:00","guid":{"rendered":"https:\/\/www.slavonski-planinari.hr\/arhiva\/?p=4099"},"modified":"2023-01-25T12:04:25","modified_gmt":"2023-01-25T11:04:25","slug":"spp-vazna-informacija","status":"publish","type":"post","link":"https:\/\/www.slavonski-planinari.hr\/arhiva\/spp-vazna-informacija\/","title":{"rendered":"SPP &#8211; va\u017ena informacija!"},"content":{"rendered":"<p>[et_pb_section fb_built=&#8221;1&#8243; theme_builder_area=&#8221;post_content&#8221; _builder_version=&#8221;4.19.4&#8243; _module_preset=&#8221;default&#8221;][et_pb_row _builder_version=&#8221;4.19.4&#8243; _module_preset=&#8221;default&#8221; theme_builder_area=&#8221;post_content&#8221;][et_pb_column _builder_version=&#8221;4.19.4&#8243; _module_preset=&#8221;default&#8221; type=&#8221;4_4&#8243; theme_builder_area=&#8221;post_content&#8221;][et_pb_text _builder_version=&#8221;4.19.4&#8243; _module_preset=&#8221;default&#8221; theme_builder_area=&#8221;post_content&#8221; hover_enabled=&#8221;0&#8243; sticky_enabled=&#8221;0&#8243;]<\/p>\n<div class=\"itemIntroText\">\n<p><img loading=\"lazy\" decoding=\"async\" src=\"https:\/\/www.slavonski-planinari.hr\/arhiva\/wp-content\/uploads\/2022\/12\/logo_spp.jpg\" width=\"133\" height=\"123\" alt=\"\" class=\"wp-image-1077 alignleft size-full\" \/>Obavje\u0161tavamo sve planinare da su u tijeku preinake trase SPP.<\/p>\n<p>&nbsp;<\/p>\n<p>&nbsp;<\/p>\n<p>&nbsp;<\/p>\n<p>\u00a0Preinake se vr\u0161e na sljede\u0107im podru\u010djima:<\/p>\n<p>\u00a01.\u00a0<strong>Psunj<\/strong>\u00a0&#8211; biv\u0161a minski sumnjiva podru\u010dja su pregledana i predana na upotrebu pa je kona\u010dno omogu\u0107eno vra\u0107anje dijelova SPP na predratnu trasu:<\/p>\n<\/div>\n<div class=\"itemFullText\">\n<p>a) \u0160panovica &#8211; \u010caklova\u010dka kula (<strong>KT3<\/strong>)<br \/>b) Omanovac (<strong>KT4<\/strong>) &#8211;<span>\u00a0<\/span><strong>KT5<\/strong><span>\u00a0<\/span>se premje\u0161ta sa \u0160irokog\u00a0brijega na Veliku poljanu &#8211; Brezovo polje (<strong>KT6<\/strong>). Time se dobiva kra\u0107a i puno zanimljivija trasa.<\/p>\n<p>&nbsp;<\/p>\n<p><img loading=\"lazy\" decoding=\"async\" src=\"https:\/\/www.slavonski-planinari.hr\/arhiva\/wp-content\/uploads\/2023\/01\/skica-Psunj1.jpg\" width=\"700\" height=\"736\" alt=\"\" class=\"wp-image-4101 aligncenter size-full\" srcset=\"https:\/\/www.slavonski-planinari.hr\/arhiva\/wp-content\/uploads\/2023\/01\/skica-Psunj1.jpg 700w, https:\/\/www.slavonski-planinari.hr\/arhiva\/wp-content\/uploads\/2023\/01\/skica-Psunj1-480x505.jpg 480w\" sizes=\"(min-width: 0px) and (max-width: 480px) 480px, (min-width: 481px) 700px, 100vw\" \/><\/p>\n<p style=\"text-align: center;\"><em>Psunj &#8211; izmjene trase<\/em><\/p>\n<hr \/>\n<p>2.<span>\u00a0<\/span><span><strong>prijelaz sa Po\u017ee\u0161ke na Dilj goru<\/strong><\/span><span>\u00a0<\/span>(preko\u00a0Orljave), od Klikuna (<strong>KT11<\/strong>) do crkve Sv. Martina (<strong>KT12<\/strong>) u Lov\u010di\u0107u &#8211; trasa ne ide preko Ratkovice i Brodskog Drenovca nego preko Po\u017ee\u0161ke\u00a0 Koprivnice i mosta kod Ganocinog mlina<\/p>\n<p><img loading=\"lazy\" decoding=\"async\" src=\"https:\/\/www.slavonski-planinari.hr\/arhiva\/wp-content\/uploads\/2023\/01\/skica-prijelaz-Orljave1.jpg\" width=\"700\" height=\"530\" alt=\"\" class=\"wp-image-4102 aligncenter size-full\" srcset=\"https:\/\/www.slavonski-planinari.hr\/arhiva\/wp-content\/uploads\/2023\/01\/skica-prijelaz-Orljave1.jpg 700w, https:\/\/www.slavonski-planinari.hr\/arhiva\/wp-content\/uploads\/2023\/01\/skica-prijelaz-Orljave1-480x363.jpg 480w\" sizes=\"(min-width: 0px) and (max-width: 480px) 480px, (min-width: 481px) 700px, 100vw\" \/><\/p>\n<p style=\"text-align: center;\"><em>\u00a0prijelaz sa Po\u017ee\u0161ke na Dilj goru &#8211; izmjena trase<\/em><\/p>\n<hr \/>\n<p>3.<span>\u00a0<\/span><span><strong>Krndija<\/strong><\/span>: dionica \u017ep Lond\u017eica (<strong>KT17<\/strong>) &#8211;\u00a0Bedemgrad (<strong>KT18<\/strong>) &#8211; trasa ide zapadnije izbjegavaju\u0107i kamenolom Gradac<\/p>\n<p><img loading=\"lazy\" decoding=\"async\" src=\"https:\/\/www.slavonski-planinari.hr\/arhiva\/wp-content\/uploads\/2023\/01\/skica-Krndija1.jpg\" width=\"700\" height=\"407\" alt=\"\" class=\"wp-image-4104 aligncenter size-full\" srcset=\"https:\/\/www.slavonski-planinari.hr\/arhiva\/wp-content\/uploads\/2023\/01\/skica-Krndija1.jpg 700w, https:\/\/www.slavonski-planinari.hr\/arhiva\/wp-content\/uploads\/2023\/01\/skica-Krndija1-480x279.jpg 480w\" sizes=\"(min-width: 0px) and (max-width: 480px) 480px, (min-width: 481px) 700px, 100vw\" \/><\/p>\n<p style=\"text-align: center;\"><em>Krndija &#8211; izmjena trase<\/em><\/p>\n<hr \/>\n<p><span>Prije nego se uputite navedenim dionicama zatra\u017eite informaciju o aktualnom stanju na:\u00a0<\/span><strong><span id=\"cloak12153d45569af84cd5a4ffec58f1d15f\"><a href=\"mailto:slavonski.planinari@gmail.com\">slavonski.planinari@gmail.com<\/a><\/span><\/strong><\/p>\n<p>Novo izdanje Dnevnika, na temelju navedenih izmjena, bit \u0107e dostupno krajem svibnja. Dnevnik iz 2011. vrijedi normalno, s tim da \u0107e se KT5 ovjeravati na Velikoj poljani a ne na \u0160irokom brijegu.<\/p>\n<\/div>\n<p>[\/et_pb_text][\/et_pb_column][\/et_pb_row][\/et_pb_section]<\/p>\n","protected":false},"excerpt":{"rendered":"<p>Obavje\u0161tavamo sve planinare da su u tijeku preinake trase SPP. &nbsp; &nbsp; &nbsp; \u00a0Preinake se vr\u0161e na sljede\u0107im podru\u010djima: \u00a01.\u00a0Psunj\u00a0&#8211; biv\u0161a minski sumnjiva podru\u010dja su pregledana i predana na upotrebu pa je kona\u010dno omogu\u0107eno vra\u0107anje dijelova SPP na predratnu trasu: a) \u0160panovica &#8211; \u010caklova\u010dka kula (KT3)b) Omanovac (KT4) &#8211;\u00a0KT5\u00a0se premje\u0161ta sa \u0160irokog\u00a0brijega na Veliku poljanu [&hellip;]<\/p>\n","protected":false},"author":1,"featured_media":0,"comment_status":"closed","ping_status":"open","sticky":false,"template":"","format":"standard","meta":{"_et_pb_use_builder":"on","_et_pb_old_content":"","_et_gb_content_width":"1080","footnotes":""},"categories":[32],"tags":[],"class_list":["post-4099","post","type-post","status-publish","format-standard","hentry","category-32"],"_links":{"self":[{"href":"https:\/\/www.slavonski-planinari.hr\/arhiva\/wp-json\/wp\/v2\/posts\/4099","targetHints":{"allow":["GET"]}}],"collection":[{"href":"https:\/\/www.slavonski-planinari.hr\/arhiva\/wp-json\/wp\/v2\/posts"}],"about":[{"href":"https:\/\/www.slavonski-planinari.hr\/arhiva\/wp-json\/wp\/v2\/types\/post"}],"author":[{"embeddable":true,"href":"https:\/\/www.slavonski-planinari.hr\/arhiva\/wp-json\/wp\/v2\/users\/1"}],"replies":[{"embeddable":true,"href":"https:\/\/www.slavonski-planinari.hr\/arhiva\/wp-json\/wp\/v2\/comments?post=4099"}],"version-history":[{"count":0,"href":"https:\/\/www.slavonski-planinari.hr\/arhiva\/wp-json\/wp\/v2\/posts\/4099\/revisions"}],"wp:attachment":[{"href":"https:\/\/www.slavonski-planinari.hr\/arhiva\/wp-json\/wp\/v2\/media?parent=4099"}],"wp:term":[{"taxonomy":"category","embeddable":true,"href":"https:\/\/www.slavonski-planinari.hr\/arhiva\/wp-json\/wp\/v2\/categories?post=4099"},{"taxonomy":"post_tag","embeddable":true,"href":"https:\/\/www.slavonski-planinari.hr\/arhiva\/wp-json\/wp\/v2\/tags?post=4099"}],"curies":[{"name":"wp","href":"https:\/\/api.w.org\/{rel}","templated":true}]}}