{"id":4096,"date":"2018-01-19T11:55:00","date_gmt":"2018-01-19T10:55:00","guid":{"rendered":"https:\/\/www.slavonski-planinari.hr\/arhiva\/?p=4096"},"modified":"2023-01-25T11:57:15","modified_gmt":"2023-01-25T10:57:15","slug":"6-zimba-planinarenje-i-planinarski-maskembal","status":"publish","type":"post","link":"https:\/\/www.slavonski-planinari.hr\/arhiva\/6-zimba-planinarenje-i-planinarski-maskembal\/","title":{"rendered":"6. ZIMBA &#8211; planinarenje i planinarski maskembal"},"content":{"rendered":"<p>[et_pb_section fb_built=&#8221;1&#8243; theme_builder_area=&#8221;post_content&#8221; _builder_version=&#8221;4.19.4&#8243; _module_preset=&#8221;default&#8221;][et_pb_row _builder_version=&#8221;4.19.4&#8243; _module_preset=&#8221;default&#8221; theme_builder_area=&#8221;post_content&#8221;][et_pb_column _builder_version=&#8221;4.19.4&#8243; _module_preset=&#8221;default&#8221; type=&#8221;4_4&#8243; theme_builder_area=&#8221;post_content&#8221;][et_pb_text _builder_version=&#8221;4.19.4&#8243; _module_preset=&#8221;default&#8221; theme_builder_area=&#8221;post_content&#8221; hover_enabled=&#8221;0&#8243; sticky_enabled=&#8221;0&#8243;]<\/p>\n<div class=\"itemIntroText\">\n<p style=\"text-align: justify;\"><img loading=\"lazy\" decoding=\"async\" src=\"https:\/\/www.slavonski-planinari.hr\/arhiva\/wp-content\/uploads\/2023\/01\/zimba2017v.jpg\" width=\"117\" height=\"66\" alt=\"\" class=\"wp-image-3215 alignleft size-full\" \/>Slobodni smo i ove godine pozvati Vas na planinarski (zimski) susret u Baranju pod nazivom &#8220;6. ZIMBA &#8211; planinarenje i planinarski maskembal&#8221; koji PD \u201cZanatlija\u201d Osijek organizira u subotu 10. velja\u010de 2018. godine.<\/p>\n<\/div>\n<div class=\"itemFullText\">\n<p style=\"text-align: justify;\">Hoda\u010dki (planinarski) dio ovogodi\u0161nje 6. ZIMBE \u0107e biti organiziran u okolici Popovca, a zabavni dio po zavr\u0161etku hoda\u010dkog dijela izleta, odr\u017eati \u0107e se u prostoru Dru\u0161tvenom domu u Popovcu, Vladimira Nazora 32.<\/p>\n<p style=\"text-align: justify;\"><strong>Program 6. ZIMBE:<\/strong><\/p>\n<ul style=\"text-align: justify;\">\n<li>od 9:30 do 10:00 sati okupljanje i prijava sudionika u prostoru Dru\u0161tvenog doma u Popovcu<\/li>\n<li>po\u010detak hodanja u 10:00 sati<\/li>\n<li>hoda\u010dka tura: pribli\u017eno 3 sata hodanja s pauzama, kru\u017eno iz Popovca nazad u Popovac (te\u017eina ture je prikladna i za planinare po\u010detnike)<\/li>\n<li>po zavr\u0161etku hodanja i po dolasku nazad u Dru\u0161tveni dom u Popovcu, biti \u0107e organiziran zajedni\u010dki ru\u010dak za zainteresirane, \u010dobanac po cijeni od 20 kuna. Ugostiteljska ponuda pi\u0107a po popularnim cijenama.<\/li>\n<li>po zavr\u0161etku ru\u010dka zabavni dio izleta, ples pod maskama, prigodne igre i natjecanja<\/li>\n<li>u zabavnom dijelu programa sudjeluju gosti iznena\u0111enja<\/li>\n<li>u sali Dru\u0161tvenog doma \u0107e biti organizirana i prodaja baranjskih delicija i rukotvorina \u201cZanat-lija\u201d<\/li>\n<\/ul>\n<p style=\"text-align: justify;\"><strong><br \/>Va\u017ena napomena i zamolba:<\/strong><\/p>\n<p style=\"text-align: justify;\">Karnevalska odje\u0107a neophodan je preduvjet za sudjelovanje na ovom izletu, a sve sudionike ujedno upozoravamo da na izlet ne zaborave ponijeti svoje dobro raspolo\u017eenje!<\/p>\n<p style=\"text-align: justify;\">Svoj dolazak i broj zainteresiranih za ru\u010dak obavezno nam najavite najkasnije do petka 09.02.2018. godine na:<\/p>\n<ul style=\"text-align: justify;\">\n<li>mob. 095 900 9096, Ljilja Havranek ili<\/li>\n<li>mob. 091 22 71789, Vladimir Pavi\u010di\u0107<\/li>\n<\/ul>\n<p style=\"text-align: center;\">Unaprijed se radujemo Va\u0161em dolasku!<\/p>\n<p style=\"text-align: right;\">Organizator:<br \/>PD \u201cZanatlija\u201d Osijek<\/p>\n<\/div>\n<p>[\/et_pb_text][\/et_pb_column][\/et_pb_row][\/et_pb_section]<\/p>\n","protected":false},"excerpt":{"rendered":"<p>Slobodni smo i ove godine pozvati Vas na planinarski (zimski) susret u Baranju pod nazivom &#8220;6. ZIMBA &#8211; planinarenje i planinarski maskembal&#8221; koji PD \u201cZanatlija\u201d Osijek organizira u subotu 10. velja\u010de 2018. godine. Hoda\u010dki (planinarski) dio ovogodi\u0161nje 6. ZIMBE \u0107e biti organiziran u okolici Popovca, a zabavni dio po zavr\u0161etku hoda\u010dkog dijela izleta, odr\u017eati \u0107e [&hellip;]<\/p>\n","protected":false},"author":1,"featured_media":0,"comment_status":"closed","ping_status":"open","sticky":false,"template":"","format":"standard","meta":{"_et_pb_use_builder":"on","_et_pb_old_content":"","_et_gb_content_width":"1080","footnotes":""},"categories":[32],"tags":[],"class_list":["post-4096","post","type-post","status-publish","format-standard","hentry","category-32"],"_links":{"self":[{"href":"https:\/\/www.slavonski-planinari.hr\/arhiva\/wp-json\/wp\/v2\/posts\/4096","targetHints":{"allow":["GET"]}}],"collection":[{"href":"https:\/\/www.slavonski-planinari.hr\/arhiva\/wp-json\/wp\/v2\/posts"}],"about":[{"href":"https:\/\/www.slavonski-planinari.hr\/arhiva\/wp-json\/wp\/v2\/types\/post"}],"author":[{"embeddable":true,"href":"https:\/\/www.slavonski-planinari.hr\/arhiva\/wp-json\/wp\/v2\/users\/1"}],"replies":[{"embeddable":true,"href":"https:\/\/www.slavonski-planinari.hr\/arhiva\/wp-json\/wp\/v2\/comments?post=4096"}],"version-history":[{"count":0,"href":"https:\/\/www.slavonski-planinari.hr\/arhiva\/wp-json\/wp\/v2\/posts\/4096\/revisions"}],"wp:attachment":[{"href":"https:\/\/www.slavonski-planinari.hr\/arhiva\/wp-json\/wp\/v2\/media?parent=4096"}],"wp:term":[{"taxonomy":"category","embeddable":true,"href":"https:\/\/www.slavonski-planinari.hr\/arhiva\/wp-json\/wp\/v2\/categories?post=4096"},{"taxonomy":"post_tag","embeddable":true,"href":"https:\/\/www.slavonski-planinari.hr\/arhiva\/wp-json\/wp\/v2\/tags?post=4096"}],"curies":[{"name":"wp","href":"https:\/\/api.w.org\/{rel}","templated":true}]}}