{"id":4093,"date":"2018-01-19T11:52:00","date_gmt":"2018-01-19T10:52:00","guid":{"rendered":"https:\/\/www.slavonski-planinari.hr\/arhiva\/?p=4093"},"modified":"2023-01-25T11:54:50","modified_gmt":"2023-01-25T10:54:50","slug":"zadnja-prvoga-u-gazijama-2","status":"publish","type":"post","link":"https:\/\/www.slavonski-planinari.hr\/arhiva\/zadnja-prvoga-u-gazijama-2\/","title":{"rendered":"Zadnja prvoga u Gazijama"},"content":{"rendered":"<p>[et_pb_section fb_built=&#8221;1&#8243; theme_builder_area=&#8221;post_content&#8221; _builder_version=&#8221;4.19.4&#8243; _module_preset=&#8221;default&#8221;][et_pb_row _builder_version=&#8221;4.19.4&#8243; _module_preset=&#8221;default&#8221; theme_builder_area=&#8221;post_content&#8221;][et_pb_column _builder_version=&#8221;4.19.4&#8243; _module_preset=&#8221;default&#8221; type=&#8221;4_4&#8243; theme_builder_area=&#8221;post_content&#8221;][et_pb_text _builder_version=&#8221;4.19.4&#8243; _module_preset=&#8221;default&#8221; theme_builder_area=&#8221;post_content&#8221; hover_enabled=&#8221;0&#8243; sticky_enabled=&#8221;0&#8243;]<\/p>\n<div class=\"itemIntroText\">\n<p><img loading=\"lazy\" decoding=\"async\" src=\"https:\/\/www.slavonski-planinari.hr\/arhiva\/wp-content\/uploads\/2023\/01\/hpd_sunovrat.jpg\" width=\"169\" height=\"122\" alt=\"\" class=\"wp-image-3095 alignleft size-full\" \/>Bli\u017ei se planinarski susret zadnja prvoga (28.01.2018.) u Gazijama.<\/p>\n<p>Pozivamo sve planinare iz regije da nam se pridru\u017ee i u\u017eivaju uz tradicionalni zajutrak: masni kruh, \u010daj, rakija&#8230;\u00a0<\/p>\n<\/div>\n<div class=\"itemFullText\">\n<p>Poslije hodanja, koje \u0107e biti prilago\u0111eno vremenskim uvjetima, tradicionalni planinarski grah uz glazbu i ples.<\/p>\n<p>Do\u0111ite u \u0161to ve\u0107em broju !!!<\/p>\n<\/div>\n<p>[\/et_pb_text][\/et_pb_column][\/et_pb_row][\/et_pb_section]<\/p>\n","protected":false},"excerpt":{"rendered":"<p>Bli\u017ei se planinarski susret zadnja prvoga (28.01.2018.) u Gazijama. Pozivamo sve planinare iz regije da nam se pridru\u017ee i u\u017eivaju uz tradicionalni zajutrak: masni kruh, \u010daj, rakija&#8230;\u00a0 Poslije hodanja, koje \u0107e biti prilago\u0111eno vremenskim uvjetima, tradicionalni planinarski grah uz glazbu i ples. Do\u0111ite u \u0161to ve\u0107em broju !!!<\/p>\n","protected":false},"author":1,"featured_media":0,"comment_status":"closed","ping_status":"open","sticky":false,"template":"","format":"standard","meta":{"_et_pb_use_builder":"on","_et_pb_old_content":"","_et_gb_content_width":"1080","footnotes":""},"categories":[32],"tags":[],"class_list":["post-4093","post","type-post","status-publish","format-standard","hentry","category-32"],"_links":{"self":[{"href":"https:\/\/www.slavonski-planinari.hr\/arhiva\/wp-json\/wp\/v2\/posts\/4093","targetHints":{"allow":["GET"]}}],"collection":[{"href":"https:\/\/www.slavonski-planinari.hr\/arhiva\/wp-json\/wp\/v2\/posts"}],"about":[{"href":"https:\/\/www.slavonski-planinari.hr\/arhiva\/wp-json\/wp\/v2\/types\/post"}],"author":[{"embeddable":true,"href":"https:\/\/www.slavonski-planinari.hr\/arhiva\/wp-json\/wp\/v2\/users\/1"}],"replies":[{"embeddable":true,"href":"https:\/\/www.slavonski-planinari.hr\/arhiva\/wp-json\/wp\/v2\/comments?post=4093"}],"version-history":[{"count":0,"href":"https:\/\/www.slavonski-planinari.hr\/arhiva\/wp-json\/wp\/v2\/posts\/4093\/revisions"}],"wp:attachment":[{"href":"https:\/\/www.slavonski-planinari.hr\/arhiva\/wp-json\/wp\/v2\/media?parent=4093"}],"wp:term":[{"taxonomy":"category","embeddable":true,"href":"https:\/\/www.slavonski-planinari.hr\/arhiva\/wp-json\/wp\/v2\/categories?post=4093"},{"taxonomy":"post_tag","embeddable":true,"href":"https:\/\/www.slavonski-planinari.hr\/arhiva\/wp-json\/wp\/v2\/tags?post=4093"}],"curies":[{"name":"wp","href":"https:\/\/api.w.org\/{rel}","templated":true}]}}