{"id":4089,"date":"2018-01-17T11:47:00","date_gmt":"2018-01-17T10:47:00","guid":{"rendered":"https:\/\/www.slavonski-planinari.hr\/arhiva\/?p=4089"},"modified":"2023-01-25T11:52:36","modified_gmt":"2023-01-25T10:52:36","slug":"in-memoriam-josip-garilovic-joka","status":"publish","type":"post","link":"https:\/\/www.slavonski-planinari.hr\/arhiva\/in-memoriam-josip-garilovic-joka\/","title":{"rendered":"In memoriam \u2013 Josip Garilovi\u0107 \u2013 Joka"},"content":{"rendered":"<p>[et_pb_section fb_built=&#8221;1&#8243; theme_builder_area=&#8221;post_content&#8221; _builder_version=&#8221;4.19.4&#8243; _module_preset=&#8221;default&#8221;][et_pb_row _builder_version=&#8221;4.19.4&#8243; _module_preset=&#8221;default&#8221; theme_builder_area=&#8221;post_content&#8221;][et_pb_column _builder_version=&#8221;4.19.4&#8243; _module_preset=&#8221;default&#8221; type=&#8221;4_4&#8243; theme_builder_area=&#8221;post_content&#8221;][et_pb_text _builder_version=&#8221;4.19.4&#8243; _module_preset=&#8221;default&#8221; theme_builder_area=&#8221;post_content&#8221; hover_enabled=&#8221;0&#8243; sticky_enabled=&#8221;0&#8243;]<\/p>\n<div class=\"itemIntroText\">\n<p style=\"text-align: justify;\"><a href=\"https:\/\/www.slavonski-planinari.hr\/arhiva\/wp-content\/uploads\/2023\/01\/garilovic-josip-10-300x225-1.jpg\"><img loading=\"lazy\" decoding=\"async\" src=\"https:\/\/www.slavonski-planinari.hr\/arhiva\/wp-content\/uploads\/2023\/01\/garilovic-josip-10-300x225-1.jpg\" width=\"300\" height=\"225\" alt=\"\" class=\"wp-image-4091 alignleft size-full\" \/><\/a>U srijedu, na posljednjem ispra\u0107aju dugogodi\u0161njeg \u010dlana na\u0161eg Dru\u0161tva Josipa Garilovi\u0107a Joke, okupio se veliki broj Po\u017ee\u017eanki i Po\u017ee\u017eana, a me\u0111u njima i veliki broj po\u017ee\u0161kih planinara.<\/p>\n<\/div>\n<div class=\"itemFullText\">\n<p style=\"text-align: justify;\">Na sprovodu je ispred HPD-a \u201eSokolovac\u201c Po\u017eega odr\u017ean govor u nastavku: O\u017ealo\u0161\u0107eni skupe,<br \/>pristigli smo na posljednji ispra\u0107aj gospodina Josipa Garilovi\u0107a, lije\u010dnika mnogih po\u017ee\u0161kih gra\u0111ana, prijatelja Joke i poznatog i dugogodi\u0161njeg po\u017ee\u0161kog planinara koji je ostavio trajni trag u po\u017ee\u0161kom i slavonskom planinarstvu.<\/p>\n<p style=\"text-align: justify;\">Obitelji gospodina Garilovi\u0107a izri\u010dem duboku su\u0107ut u ime generacija po\u017ee\u0161kih planinara.<\/p>\n<p style=\"text-align: justify;\">Nisu \u010desti ljudi koji svoj \u017eivot, vrijeme dokolice, poklone planinarstvu i planinarskom dru\u0161tvu, uz vidljive tragove tog odnosa, a kako je doktor Garilovi\u0107 to \u010dinio \u010detiri desetlje\u0107a u anga\u017eiranom radu Hrvatskog planinarskog dru\u0161tva \u201eSokolovac\u201c Po\u017eega. Uz sva najvi\u0161a dru\u0161tvena i hrvatska priznanja za svoj rad, po\u017ee\u0161ki planinari i u trenutku ovog posljednjeg ispra\u0107aja, izri\u010du mu najiskreniju zahvalnost.<\/p>\n<p style=\"text-align: justify;\">Dragi Joka, od danas \u0107e\u0161 i Ti po\u010divati u najstarijem gradu Po\u017eege, a kameni obelisk bit \u0107e znamen nama tvojim poklonicama, uspomena na \u010dovjeka s kojim smo rado planinarili diljem zavi\u010dajnog gorja. Ovdje ve\u0107 po\u010divaju zemni ostaci po\u017ee\u0161kih velikana planinarstva Julija Kempfa, Makse Kuntari\u0107a, Antuna Petkovi\u0107a, Stjepana Lovri\u0107a, Ivice Martineka, ali i stotina i stotina onih koji su bili dru\u0161tveni korpus \u201eSokolovca\u201c tijekom njegovih 120 godina postojanja. Povjesnica na\u0161eg Dru\u0161tva je iznimno bogata u djelima, kao i ljudima koju su ta djela i aktivnosti uspje\u0161no ostvarivali. Dijelom toga, dragi Joka i Va\u0161a je zasluga.<\/p>\n<p style=\"text-align: justify;\">A ve\u0107 tijekom nedjeljnog izleta na Po\u017ee\u0161ku goru mi \u0107emo pogledom tra\u017eiti va\u0161e mjesto u izletni\u010dkoj koloni, a uhom o\u010dekivati va\u0161 glas i uvijek rado pripremljenu informaciju o planinarskim ciljevima, okolini i ljudima koji ovdje \u017eive.<\/p>\n<p style=\"text-align: justify;\">Bili ste prijatelj na planinarskoj stazi mnogima, uzor mladima i u\u010ditelj onima koji ho\u0107e slijediti va\u0161u prirodnu orijentaciju \u017eivljenja. Bili ste \u010dovjek koji je zra\u010dio plemenito\u0161\u0107u i solidarno\u0161\u0107u i uvijek \u201eprva pomo\u0107\u201c na svima na\u0161im planinarskim izletima. Taj \u010din brige, savjeta, pripomo\u0107i, nikada vam ne\u0107emo zaboraviti.<\/p>\n<p style=\"text-align: justify;\">Dragi doktore Garilovi\u0107, stotine i stotine izleta ste bili vodi\u010dem po\u017ee\u0161kim planinarima diljem Papuka, zapadne Krndije, Po\u017ee\u0161ke gore i zavi\u010dajne Dilj gore. Kao \u010daglinski dje\u010darcu, a osobito kao gra\u0111aninu \u010caglina i Po\u017eege, Dilj gora je bila va\u0161 \u017eivotno voljeni prostor na \u010dije ste vrhove, kose, izvore, potoke sustavno dolazili zagrabiti \u017eivotnu supstancu, osje\u0107ajno ih do\u017eivljavati kao \u017eivotnu sastavnicu i pritom osje\u0107ati miris \u0161umskog cvijeta, pogledom pratiti let leptira i ptice, udisati miomirisni zrak gorske ti\u0161ine\u2026<\/p>\n<p style=\"text-align: justify;\">Cijenjenoj obitelji Garilovi\u0107 se pridru\u017eujemo u \u017ealosti, ali i \u017eal za smr\u0107u Joke iskazuju i brojni po\u017ee\u0161ki planinari. Nama je njegova smrt nenadoknadiv gubitak, trenutak naglog nestanka, jer je doktor Josip Garilovi\u0107 bio osobita planinarska karizma Hrvatskog planinarskog dru\u0161tva \u201eSokolovac\u201c.<\/p>\n<p style=\"text-align: justify;\">Po\u010divaj u miru Bo\u017ejem dragi Joka, i neka ti laka hrvatska gruda.<\/p>\n<p style=\"text-align: right;\">Izvor: hpd-sokolovac.hr<\/p>\n<\/div>\n<p>[\/et_pb_text][\/et_pb_column][\/et_pb_row][\/et_pb_section]<\/p>\n","protected":false},"excerpt":{"rendered":"<p>U srijedu, na posljednjem ispra\u0107aju dugogodi\u0161njeg \u010dlana na\u0161eg Dru\u0161tva Josipa Garilovi\u0107a Joke, okupio se veliki broj Po\u017ee\u017eanki i Po\u017ee\u017eana, a me\u0111u njima i veliki broj po\u017ee\u0161kih planinara. Na sprovodu je ispred HPD-a \u201eSokolovac\u201c Po\u017eega odr\u017ean govor u nastavku: O\u017ealo\u0161\u0107eni skupe,pristigli smo na posljednji ispra\u0107aj gospodina Josipa Garilovi\u0107a, lije\u010dnika mnogih po\u017ee\u0161kih gra\u0111ana, prijatelja Joke i poznatog [&hellip;]<\/p>\n","protected":false},"author":1,"featured_media":0,"comment_status":"closed","ping_status":"open","sticky":false,"template":"","format":"standard","meta":{"_et_pb_use_builder":"on","_et_pb_old_content":"","_et_gb_content_width":"1080","footnotes":""},"categories":[32],"tags":[],"class_list":["post-4089","post","type-post","status-publish","format-standard","hentry","category-32"],"_links":{"self":[{"href":"https:\/\/www.slavonski-planinari.hr\/arhiva\/wp-json\/wp\/v2\/posts\/4089","targetHints":{"allow":["GET"]}}],"collection":[{"href":"https:\/\/www.slavonski-planinari.hr\/arhiva\/wp-json\/wp\/v2\/posts"}],"about":[{"href":"https:\/\/www.slavonski-planinari.hr\/arhiva\/wp-json\/wp\/v2\/types\/post"}],"author":[{"embeddable":true,"href":"https:\/\/www.slavonski-planinari.hr\/arhiva\/wp-json\/wp\/v2\/users\/1"}],"replies":[{"embeddable":true,"href":"https:\/\/www.slavonski-planinari.hr\/arhiva\/wp-json\/wp\/v2\/comments?post=4089"}],"version-history":[{"count":0,"href":"https:\/\/www.slavonski-planinari.hr\/arhiva\/wp-json\/wp\/v2\/posts\/4089\/revisions"}],"wp:attachment":[{"href":"https:\/\/www.slavonski-planinari.hr\/arhiva\/wp-json\/wp\/v2\/media?parent=4089"}],"wp:term":[{"taxonomy":"category","embeddable":true,"href":"https:\/\/www.slavonski-planinari.hr\/arhiva\/wp-json\/wp\/v2\/categories?post=4089"},{"taxonomy":"post_tag","embeddable":true,"href":"https:\/\/www.slavonski-planinari.hr\/arhiva\/wp-json\/wp\/v2\/tags?post=4089"}],"curies":[{"name":"wp","href":"https:\/\/api.w.org\/{rel}","templated":true}]}}