{"id":4086,"date":"2018-01-04T11:41:00","date_gmt":"2018-01-04T10:41:00","guid":{"rendered":"https:\/\/www.slavonski-planinari.hr\/arhiva\/?p=4086"},"modified":"2023-01-25T11:45:57","modified_gmt":"2023-01-25T10:45:57","slug":"tri-kralja-na-boroviku","status":"publish","type":"post","link":"https:\/\/www.slavonski-planinari.hr\/arhiva\/tri-kralja-na-boroviku\/","title":{"rendered":"Tri kralja na Boroviku"},"content":{"rendered":"<p>[et_pb_section fb_built=&#8221;1&#8243; theme_builder_area=&#8221;post_content&#8221; _builder_version=&#8221;4.19.4&#8243; _module_preset=&#8221;default&#8221;][et_pb_row _builder_version=&#8221;4.19.4&#8243; _module_preset=&#8221;default&#8221; theme_builder_area=&#8221;post_content&#8221;][et_pb_column _builder_version=&#8221;4.19.4&#8243; _module_preset=&#8221;default&#8221; type=&#8221;4_4&#8243; theme_builder_area=&#8221;post_content&#8221;][et_pb_text _builder_version=&#8221;4.19.4&#8243; _module_preset=&#8221;default&#8221; theme_builder_area=&#8221;post_content&#8221; hover_enabled=&#8221;0&#8243; sticky_enabled=&#8221;0&#8243;]<\/p>\n<p>&nbsp;<\/p>\n<p><img loading=\"lazy\" decoding=\"async\" src=\"https:\/\/www.slavonski-planinari.hr\/arhiva\/wp-content\/uploads\/2023\/01\/3kralja2017-1.jpg\" width=\"204\" height=\"115\" alt=\"\" class=\"wp-image-3970 alignleft size-full\" \/>Kako tradicija nala\u017ee, svake godine, istog datuma na kraju praznovanja, okupljaju se planinari kod ku\u0107ice u \u0161umi, blizu jezera Borovik.<\/p>\n<p>&nbsp;<\/p>\n<p>&nbsp;<\/p>\n<p>Program je nepisano propisan:<br \/>\u2013 Doma\u0107ini (PD \u0110akovo) osiguravaju toplu ku\u0107u, toplo vino i \u010daj i pone\u0161to jo\u0161 \u2026 topla srca svakako. Hrana (tko je jo\u0161 gladan ovih dana ?) iz rusaka ili robna razmjena.<\/p>\n<p>\u2013 U goste se dolazi i odlazi po volji:<\/p>\n<ol>\n<li>pje\u0161ice, iz bilo kojeg smjera (gdje ste ostavili auto) pa planirajte do cca 2 sata hoda u jednom smjeru (lutanje nije uklju\u010deno). Ovakvima ne nudimo dodatno hodanje nego ugodan odmor i dru\u017eenje kod ku\u0107e + ev. \u0161etnja do jezera. Vrijeme dolaska i odlaska \u2013 bilo kada, za dana.<\/li>\n<li>nekim prijevozom do planinarske ku\u0107e Borovik. Preporu\u010damo dolazak do cca 9 sati jer se u 9;30 polazi na hodanje: Krakata brda-jezero i nazad malo druga\u010dijim putem (oko 3 sata)<\/li>\n<\/ol>\n<p><img loading=\"lazy\" decoding=\"async\" src=\"https:\/\/www.slavonski-planinari.hr\/arhiva\/wp-content\/uploads\/2023\/01\/3kralja2017-1.jpg\" width=\"851\" height=\"480\" alt=\"\" class=\"wp-image-3970 aligncenter size-full\" srcset=\"https:\/\/www.slavonski-planinari.hr\/arhiva\/wp-content\/uploads\/2023\/01\/3kralja2017-1.jpg 851w, https:\/\/www.slavonski-planinari.hr\/arhiva\/wp-content\/uploads\/2023\/01\/3kralja2017-1-480x271.jpg 480w\" sizes=\"(min-width: 0px) and (max-width: 480px) 480px, (min-width: 481px) 851px, 100vw\" \/><\/p>\n<p style=\"text-align: center;\">Obje grupe \u0107e se sresti po povratku s hodanja. Evo slika iz davne 2017., tada je jo\u0161 bilo snijega no ove godine ga garant ne\u0107e biti.<\/p>\n<p><img loading=\"lazy\" decoding=\"async\" src=\"https:\/\/www.slavonski-planinari.hr\/arhiva\/wp-content\/uploads\/2023\/01\/3kralja2017-4.jpg\" width=\"851\" height=\"480\" alt=\"\" class=\"wp-image-3971 aligncenter size-full\" srcset=\"https:\/\/www.slavonski-planinari.hr\/arhiva\/wp-content\/uploads\/2023\/01\/3kralja2017-4.jpg 851w, https:\/\/www.slavonski-planinari.hr\/arhiva\/wp-content\/uploads\/2023\/01\/3kralja2017-4-480x271.jpg 480w\" sizes=\"(min-width: 0px) and (max-width: 480px) 480px, (min-width: 481px) 851px, 100vw\" \/><\/p>\n<p style=\"text-align: center;\">O\u010dekujemo temperaturu 10-15 C, bez padalina, mo\u017eda i ne\u0161to sunca \u2013 ako budemo dobri.<\/p>\n<p><img loading=\"lazy\" decoding=\"async\" src=\"https:\/\/www.slavonski-planinari.hr\/arhiva\/wp-content\/uploads\/2023\/01\/3kralja2017-5.jpg\" width=\"851\" height=\"480\" alt=\"\" class=\"wp-image-3972 aligncenter size-full\" srcset=\"https:\/\/www.slavonski-planinari.hr\/arhiva\/wp-content\/uploads\/2023\/01\/3kralja2017-5.jpg 851w, https:\/\/www.slavonski-planinari.hr\/arhiva\/wp-content\/uploads\/2023\/01\/3kralja2017-5-480x271.jpg 480w\" sizes=\"(min-width: 0px) and (max-width: 480px) 480px, (min-width: 481px) 851px, 100vw\" \/><\/p>\n<p style=\"text-align: center;\">Dobro do\u0161li, sa svih strana svijeta.<br \/>Info: Oto, 0911814119<\/p>\n<p>[\/et_pb_text][\/et_pb_column][\/et_pb_row][\/et_pb_section]<\/p>\n","protected":false},"excerpt":{"rendered":"<p>&nbsp; Kako tradicija nala\u017ee, svake godine, istog datuma na kraju praznovanja, okupljaju se planinari kod ku\u0107ice u \u0161umi, blizu jezera Borovik. &nbsp; &nbsp; Program je nepisano propisan:\u2013 Doma\u0107ini (PD \u0110akovo) osiguravaju toplu ku\u0107u, toplo vino i \u010daj i pone\u0161to jo\u0161 \u2026 topla srca svakako. Hrana (tko je jo\u0161 gladan ovih dana ?) iz rusaka ili [&hellip;]<\/p>\n","protected":false},"author":1,"featured_media":0,"comment_status":"closed","ping_status":"open","sticky":false,"template":"","format":"standard","meta":{"_et_pb_use_builder":"on","_et_pb_old_content":"","_et_gb_content_width":"1080","footnotes":""},"categories":[32],"tags":[],"class_list":["post-4086","post","type-post","status-publish","format-standard","hentry","category-32"],"_links":{"self":[{"href":"https:\/\/www.slavonski-planinari.hr\/arhiva\/wp-json\/wp\/v2\/posts\/4086","targetHints":{"allow":["GET"]}}],"collection":[{"href":"https:\/\/www.slavonski-planinari.hr\/arhiva\/wp-json\/wp\/v2\/posts"}],"about":[{"href":"https:\/\/www.slavonski-planinari.hr\/arhiva\/wp-json\/wp\/v2\/types\/post"}],"author":[{"embeddable":true,"href":"https:\/\/www.slavonski-planinari.hr\/arhiva\/wp-json\/wp\/v2\/users\/1"}],"replies":[{"embeddable":true,"href":"https:\/\/www.slavonski-planinari.hr\/arhiva\/wp-json\/wp\/v2\/comments?post=4086"}],"version-history":[{"count":0,"href":"https:\/\/www.slavonski-planinari.hr\/arhiva\/wp-json\/wp\/v2\/posts\/4086\/revisions"}],"wp:attachment":[{"href":"https:\/\/www.slavonski-planinari.hr\/arhiva\/wp-json\/wp\/v2\/media?parent=4086"}],"wp:term":[{"taxonomy":"category","embeddable":true,"href":"https:\/\/www.slavonski-planinari.hr\/arhiva\/wp-json\/wp\/v2\/categories?post=4086"},{"taxonomy":"post_tag","embeddable":true,"href":"https:\/\/www.slavonski-planinari.hr\/arhiva\/wp-json\/wp\/v2\/tags?post=4086"}],"curies":[{"name":"wp","href":"https:\/\/api.w.org\/{rel}","templated":true}]}}