{"id":3946,"date":"2017-12-21T10:24:00","date_gmt":"2017-12-21T09:24:00","guid":{"rendered":"https:\/\/www.slavonski-planinari.hr\/arhiva\/?p=3946"},"modified":"2023-01-18T10:28:05","modified_gmt":"2023-01-18T09:28:05","slug":"mdp-stazama-kaptolskih-knezeva-foto","status":"publish","type":"post","link":"https:\/\/www.slavonski-planinari.hr\/arhiva\/mdp-stazama-kaptolskih-knezeva-foto\/","title":{"rendered":"MDP &#8211; Stazama kaptolskih kne\u017eeva [FOTO]"},"content":{"rendered":"<p>[et_pb_section fb_built=&#8221;1&#8243; theme_builder_area=&#8221;post_content&#8221; _builder_version=&#8221;4.19.4&#8243; _module_preset=&#8221;default&#8221;][et_pb_row _builder_version=&#8221;4.19.4&#8243; _module_preset=&#8221;default&#8221; theme_builder_area=&#8221;post_content&#8221;][et_pb_column _builder_version=&#8221;4.19.4&#8243; _module_preset=&#8221;default&#8221; type=&#8221;4_4&#8243; theme_builder_area=&#8221;post_content&#8221;][et_pb_text _builder_version=&#8221;4.19.4&#8243; _module_preset=&#8221;default&#8221; theme_builder_area=&#8221;post_content&#8221; hover_enabled=&#8221;0&#8243; sticky_enabled=&#8221;0&#8243;]<\/p>\n<div class=\"itemIntroText\">\n<p style=\"text-align: justify;\">Nedjelja, 10. prosinca 2017., osvanuo hladan ali sun\u010dan dan (nakon jutarnje magle) a okolo sve bijelo od svje\u017ee napadlog snijega&#8230; a mi se bojali ki\u0161e i blata. Dar s neba.<\/p>\n<\/div>\n<div class=\"itemFullText\">\n<p style=\"text-align: justify;\">Park prirode Papuk i Slavonski planinari, uz svesrdnu pomo\u0107 doma\u0107ina (op\u0107ina i DVD Kaptol te Lova\u010dkom udrugom Vepar) obilje\u017eili su, po 12. puta, Me\u0111unarodni dan planina izletom na nepoznati Papuk &#8211; Stazama kaptolskih kne\u017eeva. Akcija se odr\u017eala pod pokroviteljstvom HPS.<\/p>\n<p style=\"text-align: justify;\"><img loading=\"lazy\" decoding=\"async\" src=\"https:\/\/www.slavonski-planinari.hr\/arhiva\/wp-content\/uploads\/2023\/01\/mdp1700002.jpg\" width=\"1024\" height=\"173\" alt=\"\" class=\"wp-image-3948 aligncenter size-full\" srcset=\"https:\/\/www.slavonski-planinari.hr\/arhiva\/wp-content\/uploads\/2023\/01\/mdp1700002.jpg 1024w, https:\/\/www.slavonski-planinari.hr\/arhiva\/wp-content\/uploads\/2023\/01\/mdp1700002-980x166.jpg 980w, https:\/\/www.slavonski-planinari.hr\/arhiva\/wp-content\/uploads\/2023\/01\/mdp1700002-480x81.jpg 480w\" sizes=\"(min-width: 0px) and (max-width: 480px) 480px, (min-width: 481px) and (max-width: 980px) 980px, (min-width: 981px) 1024px, 100vw\" \/><\/p>\n<p style=\"text-align: justify;\">Na akciji je sudjelovalo oko 250 planinara i ljubitelja prirode iz dvadesetak slavonskih planinarskih dru\u0161tava te gostiju iz Siska i Petrinje. Poslije okupljanja u domu DVD Kaptol i pozdrava doma\u0107ina i organizatora, krenulo se na Papuk. Du\u017ea trasa: oko 21 km, preko arheolo\u0161kog nalazi\u0161ta Gradci do lova\u010dke ku\u0107e Vodice, SPPom do Kloko\u010dice pa dolje do Vranovca, Pogane gradine i nazad u Kaptol. Bilo je naporno ali lijepo gaziti preko 6 sati svje\u017eim snijegom. Kra\u0107a trasa: oko 8,5 km, gdje su obi\u0161li vrlo zna\u010dajno arheolo\u0161ko nalazi\u0161te iz starijeg \u017eeljeznog doba na brdu Gradci, te se ponovno vratili u Kaptol. O tijeku i zna\u010daju arheolo\u0161kih istra\u017eivanja na podru\u010dju Kaptola te o zanimljivoj srednjovijekovnoj povijesti kraja govorile su nam arheologinja i povjesni\u010darka iz Kaptola.<\/p>\n<p style=\"text-align: justify;\">Po zavr\u0161etku hodanja godilo je ugodno dru\u017eenje u toplini doma DVD-a Kaptol uz prigodni domjenak. Organizatori su osigurali prigodni pe\u010dat i vodi\u010de, a za sigurnost sudionika brinuli su pripadnici HGSS stanice Po\u017eega.<\/p>\n<\/div>\n<p>[\/et_pb_text][et_pb_gallery _builder_version=&#8221;4.19.4&#8243; _module_preset=&#8221;default&#8221; theme_builder_area=&#8221;post_content&#8221; gallery_ids=&#8221;3950,3951,3952,3953,3954,3955,3956,3957,3958,3959&#8243; posts_number=&#8221;10&#8243; show_title_and_caption=&#8221;off&#8221; hover_enabled=&#8221;0&#8243; sticky_enabled=&#8221;0&#8243;][\/et_pb_gallery][\/et_pb_column][\/et_pb_row][\/et_pb_section]<\/p>\n","protected":false},"excerpt":{"rendered":"<p>Nedjelja, 10. prosinca 2017., osvanuo hladan ali sun\u010dan dan (nakon jutarnje magle) a okolo sve bijelo od svje\u017ee napadlog snijega&#8230; a mi se bojali ki\u0161e i blata. Dar s neba. Park prirode Papuk i Slavonski planinari, uz svesrdnu pomo\u0107 doma\u0107ina (op\u0107ina i DVD Kaptol te Lova\u010dkom udrugom Vepar) obilje\u017eili su, po 12. puta, Me\u0111unarodni dan [&hellip;]<\/p>\n","protected":false},"author":1,"featured_media":0,"comment_status":"closed","ping_status":"open","sticky":false,"template":"","format":"standard","meta":{"_et_pb_use_builder":"on","_et_pb_old_content":"","_et_gb_content_width":"1080","footnotes":""},"categories":[31],"tags":[],"class_list":["post-3946","post","type-post","status-publish","format-standard","hentry","category-31"],"_links":{"self":[{"href":"https:\/\/www.slavonski-planinari.hr\/arhiva\/wp-json\/wp\/v2\/posts\/3946","targetHints":{"allow":["GET"]}}],"collection":[{"href":"https:\/\/www.slavonski-planinari.hr\/arhiva\/wp-json\/wp\/v2\/posts"}],"about":[{"href":"https:\/\/www.slavonski-planinari.hr\/arhiva\/wp-json\/wp\/v2\/types\/post"}],"author":[{"embeddable":true,"href":"https:\/\/www.slavonski-planinari.hr\/arhiva\/wp-json\/wp\/v2\/users\/1"}],"replies":[{"embeddable":true,"href":"https:\/\/www.slavonski-planinari.hr\/arhiva\/wp-json\/wp\/v2\/comments?post=3946"}],"version-history":[{"count":0,"href":"https:\/\/www.slavonski-planinari.hr\/arhiva\/wp-json\/wp\/v2\/posts\/3946\/revisions"}],"wp:attachment":[{"href":"https:\/\/www.slavonski-planinari.hr\/arhiva\/wp-json\/wp\/v2\/media?parent=3946"}],"wp:term":[{"taxonomy":"category","embeddable":true,"href":"https:\/\/www.slavonski-planinari.hr\/arhiva\/wp-json\/wp\/v2\/categories?post=3946"},{"taxonomy":"post_tag","embeddable":true,"href":"https:\/\/www.slavonski-planinari.hr\/arhiva\/wp-json\/wp\/v2\/tags?post=3946"}],"curies":[{"name":"wp","href":"https:\/\/api.w.org\/{rel}","templated":true}]}}