{"id":3942,"date":"2017-12-02T10:16:00","date_gmt":"2017-12-02T09:16:00","guid":{"rendered":"https:\/\/www.slavonski-planinari.hr\/arhiva\/?p=3942"},"modified":"2023-01-18T10:24:09","modified_gmt":"2023-01-18T09:24:09","slug":"proslava-95-godina-organiziranog-planinarstva-u-nasicama-i-55-godina-pd-krndija-nasice","status":"publish","type":"post","link":"https:\/\/www.slavonski-planinari.hr\/arhiva\/proslava-95-godina-organiziranog-planinarstva-u-nasicama-i-55-godina-pd-krndija-nasice\/","title":{"rendered":"Proslava 95 godina organiziranog planinarstva u Na\u0161icama i 55 godina PD \u201eKrndija\u201c Na\u0161ice"},"content":{"rendered":"<p>[et_pb_section fb_built=&#8221;1&#8243; theme_builder_area=&#8221;post_content&#8221; _builder_version=&#8221;4.19.4&#8243; _module_preset=&#8221;default&#8221;][et_pb_row _builder_version=&#8221;4.19.4&#8243; _module_preset=&#8221;default&#8221; theme_builder_area=&#8221;post_content&#8221;][et_pb_column _builder_version=&#8221;4.19.4&#8243; _module_preset=&#8221;default&#8221; type=&#8221;4_4&#8243; theme_builder_area=&#8221;post_content&#8221;][et_pb_text _builder_version=&#8221;4.19.4&#8243; _module_preset=&#8221;default&#8221; theme_builder_area=&#8221;post_content&#8221; hover_enabled=&#8221;0&#8243; sticky_enabled=&#8221;0&#8243;]<\/p>\n<div class=\"itemIntroText\">\n<p style=\"text-align: justify;\"><img loading=\"lazy\" decoding=\"async\" src=\"https:\/\/www.slavonski-planinari.hr\/arhiva\/wp-content\/uploads\/2023\/01\/nasice00009m.jpg\" width=\"170\" height=\"96\" alt=\"\" class=\"wp-image-3944 alignleft size-full\" \/>Ova godina zaista je po mnogo\u010demu posebna za na\u0161i\u010dko planinarstvo i PD \u201eKrndija\u201c Na\u0161ice.<\/p>\n<p style=\"text-align: justify;\">Uz mnogobrojna doga\u0111anja, aktivnosti i kvalitetno odra\u0111ene izlete kao i medijsku promociju planinarstva, nedavno je odr\u017ean i ve\u0107 tradicionalni 16. Planinarski tjedan.<\/p>\n<\/div>\n<div class=\"itemFullText\">\n<p style=\"text-align: justify;\">Tjedan je organiziran od 6.-12. studenoga, a pomno je pripreman od po\u010detka ove godine kako bi Na\u0161i\u010dani, ali i njihovi gosti u\u017eivali u sve\u010danoj prezentaciji i prazniku planinarstva i planinarskih aktivnosti.<\/p>\n<p style=\"text-align: justify;\">Naime, Planinarski tjedan je bio kruna proslave velikih obljetnica, a radi se o 95 godina organiziranog planinarstva u Na\u0161icama i 55 godina PD \u201eKrndija\u201c Na\u0161ice.<\/p>\n<p style=\"text-align: justify;\">Godine 1922. osnovano je PD \u201eBedemgrad\u201c koje je u vihoru Drugog svjetskog rata prestalo postojati, a 1962. nastaje PD \u201eKrndija\u201c Na\u0161ice koje kontinuirano djeluje i danas.<\/p>\n<p style=\"text-align: justify;\">Ovaj tjedan bio je najkvalitetniji od svih prethodnih, prepun doga\u0111anja, predavanja odli\u010dnih predava\u010da, poznatih planinara, alpinista, avanturista i onih kojima je priroda na srcu i u du\u0161i.<\/p>\n<p style=\"text-align: justify;\">Sve je zapo\u010delo u ponedjeljak, 6. studenoga sve\u010danim otvorenjem izlo\u017ebe koja prikazuje razdoblje s po\u010detaka \u0161ezdesetih godina i osnutka PD \u201eKrndija\u201c Na\u0161ice kroz fotografije, novinske \u010dlanke i dokumente. Istu ve\u010der predsjednik udruge \u201eSlavonski planinari\u201c Otmar Tosenberger odr\u017eao je zanimljivo predavanje o povijesti najdu\u017ee i najstarije planinarske obilaznice u Hrvatskoj, Slavonskom planinarskom putu \u010dija je prva kontrolna to\u010dka bila upravo Lond\u017eica nedaleko Na\u0161ica jo\u0161 davne 1957. godine. Kroz 60 godina bogatu povijesti SPP-a prikazane su brojne dotad nepoznate zanimljivosti.<\/p>\n<p style=\"text-align: justify;\">U utorak, 7. studenoga aktualni predsjednik i dopredsjednik Dru\u0161tva Hrvoje Tr\u017ei\u0107 i Franjo Matasi\u0107 odr\u017eali su predavanje na temu \u201ePlaninarenje u visokom gorju\u201c i prezentirali pripremu, znanja, vje\u0161tine, opremu, opasnosti i uvjete iznad 3000 metara nadmorske visine. Srijeda je bila rezervirana za duhovnu komponentu planinarstva tj. prezentiran je hodo\u010dasni\u010dki put Sv. Jakova koji je najdu\u017ei u Europi i prote\u017ee se u du\u017eini od \u010dak 800 km. Predstavio ga je Antun Zlatko Lon\u010dari\u0107, \u010dlan PD \u201eZanatlija\u201c Osijek.<\/p>\n<p style=\"text-align: justify;\">Najpoznatiji publicist planinarskih krugova u Hrvatskoj, ali i \u0161ire, Alan \u010caplar odr\u017eao je odli\u010dno predavanje na temu \u201eVia Dinarica\u201c koje govori o ljepotama kr\u0161kog krajolika Dinarida koji se prote\u017eu u nekoliko dr\u017eava i ogroman su potencijal razvoja planinskog turizma. U petak, 10. studenoga trenutno najpoznatiji hrvatski avanturist i pustolov Nikola Horvat odu\u0161evio je publiku izlaganjem \u201ePacific Crest trail\u201c, najdu\u017ee planinarske staze u svijetu koju je nedavno pro\u0161ao i koja se prote\u017ee u du\u017eini od \u010dak 4300 km od Meksika do Kanade. Horvatu su trebala 162 dana za ovaj izniman pothvat i zasad je jedini Hrvat kojemu je uspjelo pro\u0107i tu te\u0161ku stazu.<\/p>\n<p style=\"text-align: justify;\">Sun\u010dana subota, 11. studenoga ostat \u0107e posebno upam\u0107ena po planinarskom izletom sa svjetski poznatim alpinistom Stipom Bo\u017ei\u0107em. Na\u0161i\u010dani i gosti zajedno sa Stipom u\u017eivali su u jesenskim bojama i ljepotama pitomih staza Krndije, jedne od najstarijih planina ovog dijela Europe i geolo\u0161ki vrlo bogatoj, i upoznali se s dijelom Na\u0161i\u010dkog planinarskog puta i Na\u0161i\u010dke geolo\u0161ke staze \u010dija revitalizacija slijedi.<\/p>\n<p style=\"text-align: justify;\">Nedjelja, 12. studenoga, kulminacija proslave velikih obljetnica i sredi\u0161nja sve\u010danost Planinarskog tjedna ispunila je Dom kulture u Na\u0161icama do posljednjeg mjesta brojnim uglednim uzvanicima iz javnog \u017eivota i svijeta planinarstva. Predsjednik PD \u201eKrndija\u201c Na\u0161ice Hrvoje Tr\u017ei\u0107, nakon uvodnog pozdrava, podijelio je priznanja Dru\u0161tva zaslu\u017enim \u010dlanovima, pojedincima i institucijama te medijima koji poma\u017eu razvoju planinarstva u Na\u0161icama. Nakon toga je Vladimir Novak, predsjednik Izvr\u0161nog odbora HPS-a sve\u010dano uru\u010dio priznanja i plakete HPS-a zaslu\u017enim \u010dlanovima Dru\u0161tva. Njih 13 zaslu\u017eilo je priznanja. Uslijedio je zavr\u0161ni i najzanimljiviji \u010din ve\u010deri, multimedijalno predavanje Stipe Bo\u017ei\u0107a i predstavljanje knjige \u201eAlpski ratnici\u201c.<\/p>\n<p style=\"text-align: justify;\">Burnim pljeskom ispra\u0107en je posljednji doga\u0111aj i zavr\u0161en je jo\u0161 jedan Planinarski tjedan. Planinarstvo u Na\u0161icama kro\u010di krupnim koracima u budu\u0107nost i nova postignu\u0107a.<\/p>\n<p style=\"text-align: right;\">Hrvoje Tr\u017ei\u0107<\/p>\n<\/div>\n<p>[\/et_pb_text][\/et_pb_column][\/et_pb_row][\/et_pb_section]<\/p>\n","protected":false},"excerpt":{"rendered":"<p>Ova godina zaista je po mnogo\u010demu posebna za na\u0161i\u010dko planinarstvo i PD \u201eKrndija\u201c Na\u0161ice. Uz mnogobrojna doga\u0111anja, aktivnosti i kvalitetno odra\u0111ene izlete kao i medijsku promociju planinarstva, nedavno je odr\u017ean i ve\u0107 tradicionalni 16. Planinarski tjedan. Tjedan je organiziran od 6.-12. studenoga, a pomno je pripreman od po\u010detka ove godine kako bi Na\u0161i\u010dani, ali i [&hellip;]<\/p>\n","protected":false},"author":1,"featured_media":0,"comment_status":"closed","ping_status":"open","sticky":false,"template":"","format":"standard","meta":{"_et_pb_use_builder":"on","_et_pb_old_content":"","_et_gb_content_width":"1080","footnotes":""},"categories":[31],"tags":[],"class_list":["post-3942","post","type-post","status-publish","format-standard","hentry","category-31"],"_links":{"self":[{"href":"https:\/\/www.slavonski-planinari.hr\/arhiva\/wp-json\/wp\/v2\/posts\/3942","targetHints":{"allow":["GET"]}}],"collection":[{"href":"https:\/\/www.slavonski-planinari.hr\/arhiva\/wp-json\/wp\/v2\/posts"}],"about":[{"href":"https:\/\/www.slavonski-planinari.hr\/arhiva\/wp-json\/wp\/v2\/types\/post"}],"author":[{"embeddable":true,"href":"https:\/\/www.slavonski-planinari.hr\/arhiva\/wp-json\/wp\/v2\/users\/1"}],"replies":[{"embeddable":true,"href":"https:\/\/www.slavonski-planinari.hr\/arhiva\/wp-json\/wp\/v2\/comments?post=3942"}],"version-history":[{"count":0,"href":"https:\/\/www.slavonski-planinari.hr\/arhiva\/wp-json\/wp\/v2\/posts\/3942\/revisions"}],"wp:attachment":[{"href":"https:\/\/www.slavonski-planinari.hr\/arhiva\/wp-json\/wp\/v2\/media?parent=3942"}],"wp:term":[{"taxonomy":"category","embeddable":true,"href":"https:\/\/www.slavonski-planinari.hr\/arhiva\/wp-json\/wp\/v2\/categories?post=3942"},{"taxonomy":"post_tag","embeddable":true,"href":"https:\/\/www.slavonski-planinari.hr\/arhiva\/wp-json\/wp\/v2\/tags?post=3942"}],"curies":[{"name":"wp","href":"https:\/\/api.w.org\/{rel}","templated":true}]}}