{"id":3937,"date":"2017-11-23T10:10:00","date_gmt":"2017-11-23T09:10:00","guid":{"rendered":"https:\/\/www.slavonski-planinari.hr\/arhiva\/?p=3937"},"modified":"2023-01-18T10:15:56","modified_gmt":"2023-01-18T09:15:56","slug":"medunarodni-dan-planina-2017","status":"publish","type":"post","link":"https:\/\/www.slavonski-planinari.hr\/arhiva\/medunarodni-dan-planina-2017\/","title":{"rendered":"Me\u0111unarodni dan planina 2017."},"content":{"rendered":"<p>[et_pb_section fb_built=&#8221;1&#8243; _builder_version=&#8221;4.19.4&#8243; _module_preset=&#8221;default&#8221; global_colors_info=&#8221;{}&#8221;][et_pb_row _builder_version=&#8221;4.19.4&#8243; _module_preset=&#8221;default&#8221; global_colors_info=&#8221;{}&#8221;][et_pb_column type=&#8221;4_4&#8243; _builder_version=&#8221;4.19.4&#8243; _module_preset=&#8221;default&#8221; global_colors_info=&#8221;{}&#8221;][et_pb_text _builder_version=&#8221;4.19.4&#8243; _module_preset=&#8221;default&#8221; hover_enabled=&#8221;0&#8243; global_colors_info=&#8221;{}&#8221; sticky_enabled=&#8221;0&#8243;]<\/p>\n<div class=\"itemIntroText\">\n<p><img loading=\"lazy\" decoding=\"async\" src=\"https:\/\/www.slavonski-planinari.hr\/arhiva\/wp-content\/uploads\/2023\/01\/mdp-logo.jpg\" width=\"170\" height=\"118\" alt=\"\" class=\"wp-image-3100 alignleft size-full\" \/>Park prirode Papuk i Slavonski planinari tradicionalno obilje\u017eavaju Me\u0111unarodni dan planina\u00a0i pozivaju vas u nedjelju, 10. prosinca 2017., na\u00a012. IZLET NEPOZNATI PAPUK &#8211; Stazama kaptolskih kne\u017eeva.<\/p>\n<p>&nbsp;<\/p>\n<p>&nbsp;<\/p>\n<\/div>\n<div class=\"itemFullText\">\n<p>Uz hodanje i dru\u017eenje, upoznat \u0107emo prirodne i povijesne zna\u010dajke kraja:<\/p>\n<ul>\n<li>grobni tumuli, ostaci Pogane gradine&#8230;<\/li>\n<li>va\u017ena arheolo\u0161ka nalazi\u0161ta iz starijeg \u017eeljeznog doba (hallstaska kultura)<\/li>\n<\/ul>\n<p><img loading=\"lazy\" decoding=\"async\" src=\"https:\/\/www.slavonski-planinari.hr\/arhiva\/wp-content\/uploads\/2023\/01\/mdp17-1.jpg\" width=\"230\" height=\"159\" alt=\"\" class=\"wp-image-3939 alignleft size-full\" style=\"float: right;\" \/>Okupljanje do 9,00 kod starog grada u centru Kaptola (Po\u017ee\u0161ko-slavonska \u017eupanija).<\/p>\n<p>Vrijeme hoda oko 5 sa: Kaptol &#8211; arheolo\u0161ko nalazi\u0161te &#8211; lova\u010dka ku\u0107a Vodice pod Bazovom glavom &#8211; SPPom do vrha Kloko\u010dica &#8211; Pogana gradina &#8211; selo Doljanovci &#8211; Kaptol.<\/p>\n<p>Vrijeme hoda za lak\u0161u turu je oko 2 sata &#8211; do arheolo\u0161kog nalazi\u0161ta, podru\u010dje tumula i okolica.<\/p>\n<p>Pe\u010dat (manifestacije), letak, vodi\u010di izleta i de\u017eurstvo HGSS-a su osigurani.<\/p>\n<p>Planinarsku odje\u0107u i obu\u0107u (uklju\u010divo protuki\u0161nu) obavezno ponije (rezervna odje\u0107a u vozilu).<\/p>\n<p>&nbsp;<\/p>\n<p>Hrvatski planinarski savez svojim pokroviteljstvom podupire ovu proslavu Me\u0111unarodnog dana planina na Papuku s ovogodi\u0161njom temom: \u201ePlanine pod priskom: klima, glad, migracije\u201d<\/p>\n<p><strong>Info:<\/strong><span>\u00a0<\/span>PP Papuk, 034\/313 030,<span>\u00a0<\/span><span id=\"cloak2fea9d27a7317a7f4ecac5a239babe85\"><a href=\"mailto:kontakt@pp-papuk.hr\">kontakt@pp-papuk.hr<\/a><\/span>; Miro Mesi\u0107, 098\/416 530, Otmar Tosenberger. 091\/181 4119,<span>\u00a0<\/span><span id=\"cloak77ee7e9870e01dca74feb8be1dd55152\"><a href=\"mailto:slavonski.planinari@gmail.com\">slavonski.planinari@gmail.com<\/a><\/span><\/p>\n<\/div>\n<p>&nbsp;<\/p>\n<p>[\/et_pb_text][\/et_pb_column][\/et_pb_row][\/et_pb_section]<\/p>\n","protected":false},"excerpt":{"rendered":"<p>Park prirode Papuk i Slavonski planinari tradicionalno obilje\u017eavaju Me\u0111unarodni dan planina\u00a0i pozivaju vas u nedjelju, 10. prosinca 2017., na\u00a012. IZLET NEPOZNATI PAPUK &#8211; Stazama kaptolskih kne\u017eeva. &nbsp; &nbsp; Uz hodanje i dru\u017eenje, upoznat \u0107emo prirodne i povijesne zna\u010dajke kraja: grobni tumuli, ostaci Pogane gradine&#8230; va\u017ena arheolo\u0161ka nalazi\u0161ta iz starijeg \u017eeljeznog doba (hallstaska kultura) Okupljanje do [&hellip;]<\/p>\n","protected":false},"author":1,"featured_media":0,"comment_status":"closed","ping_status":"open","sticky":false,"template":"","format":"standard","meta":{"_et_pb_use_builder":"on","_et_pb_old_content":"","_et_gb_content_width":"1080","footnotes":""},"categories":[31],"tags":[],"class_list":["post-3937","post","type-post","status-publish","format-standard","hentry","category-31"],"_links":{"self":[{"href":"https:\/\/www.slavonski-planinari.hr\/arhiva\/wp-json\/wp\/v2\/posts\/3937","targetHints":{"allow":["GET"]}}],"collection":[{"href":"https:\/\/www.slavonski-planinari.hr\/arhiva\/wp-json\/wp\/v2\/posts"}],"about":[{"href":"https:\/\/www.slavonski-planinari.hr\/arhiva\/wp-json\/wp\/v2\/types\/post"}],"author":[{"embeddable":true,"href":"https:\/\/www.slavonski-planinari.hr\/arhiva\/wp-json\/wp\/v2\/users\/1"}],"replies":[{"embeddable":true,"href":"https:\/\/www.slavonski-planinari.hr\/arhiva\/wp-json\/wp\/v2\/comments?post=3937"}],"version-history":[{"count":0,"href":"https:\/\/www.slavonski-planinari.hr\/arhiva\/wp-json\/wp\/v2\/posts\/3937\/revisions"}],"wp:attachment":[{"href":"https:\/\/www.slavonski-planinari.hr\/arhiva\/wp-json\/wp\/v2\/media?parent=3937"}],"wp:term":[{"taxonomy":"category","embeddable":true,"href":"https:\/\/www.slavonski-planinari.hr\/arhiva\/wp-json\/wp\/v2\/categories?post=3937"},{"taxonomy":"post_tag","embeddable":true,"href":"https:\/\/www.slavonski-planinari.hr\/arhiva\/wp-json\/wp\/v2\/tags?post=3937"}],"curies":[{"name":"wp","href":"https:\/\/api.w.org\/{rel}","templated":true}]}}