{"id":3923,"date":"2017-11-18T10:01:00","date_gmt":"2017-11-18T09:01:00","guid":{"rendered":"https:\/\/www.slavonski-planinari.hr\/arhiva\/?p=3923"},"modified":"2023-01-18T10:03:02","modified_gmt":"2023-01-18T09:03:02","slug":"fotonatjecaj-sve-ljepote-dilj-gore","status":"publish","type":"post","link":"https:\/\/www.slavonski-planinari.hr\/arhiva\/fotonatjecaj-sve-ljepote-dilj-gore\/","title":{"rendered":"Fotonatje\u010daj &#8220;Sve ljepote Dilj gore&#8221;"},"content":{"rendered":"<p>[et_pb_section fb_built=&#8221;1&#8243; theme_builder_area=&#8221;post_content&#8221; _builder_version=&#8221;4.19.4&#8243; _module_preset=&#8221;default&#8221;][et_pb_row _builder_version=&#8221;4.19.4&#8243; _module_preset=&#8221;default&#8221; theme_builder_area=&#8221;post_content&#8221;][et_pb_column _builder_version=&#8221;4.19.4&#8243; _module_preset=&#8221;default&#8221; type=&#8221;4_4&#8243; theme_builder_area=&#8221;post_content&#8221;][et_pb_text _builder_version=&#8221;4.19.4&#8243; _module_preset=&#8221;default&#8221; theme_builder_area=&#8221;post_content&#8221; hover_enabled=&#8221;0&#8243; sticky_enabled=&#8221;0&#8243;]<\/p>\n<div class=\"itemIntroText\">\n<p style=\"text-align: justify;\"><img loading=\"lazy\" decoding=\"async\" src=\"https:\/\/www.slavonski-planinari.hr\/arhiva\/wp-content\/uploads\/2023\/01\/dilj-natjecaj.jpg\" width=\"170\" height=\"113\" alt=\"\" class=\"wp-image-3925 alignleft size-full\" \/>Planinarsko dru\u0161tvo Dilj gora Slavonski Brod u suradnji s fotoklubom Kadar Slavonski Brod u povodu Me\u0111unarodnog dana planina koji se obilje\u017eava 10. prosinca organizira fotonatje\u010daj \u201eSve ljepote Dilj Gore\u201c.<\/p>\n<p style=\"text-align: justify;\">\n<p style=\"text-align: justify;\">\n<p style=\"text-align: justify;\">\n<p style=\"text-align: justify;\">\n<p style=\"text-align: justify;\">\n<p style=\"text-align: justify;\">\n<\/div>\n<div class=\"itemFullText\">\n<p style=\"text-align: justify;\"><strong>Trajanje<\/strong>: mjesec dana (od 10. studenog 2017. do 10. prosinca 2017.).<\/p>\n<p style=\"text-align: justify;\"><strong>Sudjelovanje<\/strong>: Na natje\u010daju mogu sudjelovati svi ljubitelji planinarenja i fotografije, tj. sve osobe koje imaju navr\u0161enih 15 godina, bez obzira jesu li \u010dlanovi planinarske udruge ili fotokluba.<\/p>\n<p style=\"text-align: justify;\"><strong>Fotografije<\/strong>: Svrha najte\u010daja je promocija planinarstva i planinarskih staza i svih lokacija i ljepota Dilj Gore, stoga fotografije koje se \u0161alju na natje\u010daj moraju biti snimljene na podru\u010dju Dilj Gore. Motivi mogu biti razli\u010diti (planinari na planinarskim stazama, pejza\u017ei, jezera na Dilj gori \u2013 Petnja, Sovsko jezero, Ljeskove vode, biljni i \u017eivotinjski svijet&#8230; i sve \u0161to je oku lijepo)<\/p>\n<p style=\"text-align: justify;\">Fotografije se \u0161alju isklju\u010divo u digitalnom obliku i visokoj razlu\u010divosti (barem 2500 piksela po ve\u0107oj dimenziji stranice) na e-mail planinarskog dru\u0161va:<span>\u00a0<\/span><span id=\"cloak390c2c9ba717ea91867958b2655dbe75\"><a href=\"mailto:pd.diljgora@gmail.com\">pd.diljgora@gmail.com<\/a><\/span><\/p>\n<p style=\"text-align: justify;\">vaki sudionik mo\u017ee poslati najvi\u0161e 2 fotografije.<\/p>\n<p style=\"text-align: justify;\">Uz fotografiju obavezno poslati:<\/p>\n<ul style=\"text-align: justify;\">\n<li>Ime i prezime autora<\/li>\n<li>Naziv fotografije<\/li>\n<li>Pribli\u017enu lokaciju gdje je fotografija snimljena<\/li>\n<\/ul>\n<p style=\"text-align: justify;\">Najbolje fotograije izabire komisija koja se sastoji od \u010dlanova planinarskog dru\u0161tva Dilj gora Slavonski Brod i Fotokluba Kadar SB.<\/p>\n<p style=\"text-align: justify;\">Organizator natje\u010daja zadr\u017eava pravo kori\u0161tenja fotografija na izlo\u017ebama i facebook stranici uz navo\u0111enje imena autora.<\/p>\n<p style=\"text-align: justify;\"><strong>Nagrade:<\/strong><\/p>\n<ol style=\"text-align: justify;\">\n<li>Nagrada: Planinarski ud\u017ebenik (Alan \u010caplar) i sedmodnevni te\u010daj Osnove digitalne fotografije u organizaciji Fotokluba Kadar SB<\/li>\n<li>Nagrada: Karta Dilj Gore i \u010dlanarina za 2018. godinu u planinarskom dru\u0161tvu Dilj Gora ili Fotoklub Kadar SB<\/li>\n<li>Nagrada: \u010clanarina za 2018. godinu u planinarskom dru\u0161tvu Dilj gora Slavonski Brod.<\/li>\n<\/ol>\n<p style=\"text-align: justify;\">Za sva dodatna pitanja mo\u017eete poslati poruku u inbox na Facebook stranici Planinarskog dru\u0161tva Dilj gora Slavonski Brod.<\/p>\n<p style=\"text-align: justify;\">S nestrpljenjem \u010dekamo vidjeti Dilj kroz va\u0161e kadrove<\/p>\n<\/div>\n<p>[\/et_pb_text][\/et_pb_column][\/et_pb_row][\/et_pb_section]<\/p>\n","protected":false},"excerpt":{"rendered":"<p>Planinarsko dru\u0161tvo Dilj gora Slavonski Brod u suradnji s fotoklubom Kadar Slavonski Brod u povodu Me\u0111unarodnog dana planina koji se obilje\u017eava 10. prosinca organizira fotonatje\u010daj \u201eSve ljepote Dilj Gore\u201c. Trajanje: mjesec dana (od 10. studenog 2017. do 10. prosinca 2017.). Sudjelovanje: Na natje\u010daju mogu sudjelovati svi ljubitelji planinarenja i fotografije, tj. sve osobe koje imaju [&hellip;]<\/p>\n","protected":false},"author":1,"featured_media":0,"comment_status":"closed","ping_status":"open","sticky":false,"template":"","format":"standard","meta":{"_et_pb_use_builder":"on","_et_pb_old_content":"","_et_gb_content_width":"1080","footnotes":""},"categories":[31],"tags":[],"class_list":["post-3923","post","type-post","status-publish","format-standard","hentry","category-31"],"_links":{"self":[{"href":"https:\/\/www.slavonski-planinari.hr\/arhiva\/wp-json\/wp\/v2\/posts\/3923","targetHints":{"allow":["GET"]}}],"collection":[{"href":"https:\/\/www.slavonski-planinari.hr\/arhiva\/wp-json\/wp\/v2\/posts"}],"about":[{"href":"https:\/\/www.slavonski-planinari.hr\/arhiva\/wp-json\/wp\/v2\/types\/post"}],"author":[{"embeddable":true,"href":"https:\/\/www.slavonski-planinari.hr\/arhiva\/wp-json\/wp\/v2\/users\/1"}],"replies":[{"embeddable":true,"href":"https:\/\/www.slavonski-planinari.hr\/arhiva\/wp-json\/wp\/v2\/comments?post=3923"}],"version-history":[{"count":0,"href":"https:\/\/www.slavonski-planinari.hr\/arhiva\/wp-json\/wp\/v2\/posts\/3923\/revisions"}],"wp:attachment":[{"href":"https:\/\/www.slavonski-planinari.hr\/arhiva\/wp-json\/wp\/v2\/media?parent=3923"}],"wp:term":[{"taxonomy":"category","embeddable":true,"href":"https:\/\/www.slavonski-planinari.hr\/arhiva\/wp-json\/wp\/v2\/categories?post=3923"},{"taxonomy":"post_tag","embeddable":true,"href":"https:\/\/www.slavonski-planinari.hr\/arhiva\/wp-json\/wp\/v2\/tags?post=3923"}],"curies":[{"name":"wp","href":"https:\/\/api.w.org\/{rel}","templated":true}]}}