{"id":3918,"date":"2017-11-07T09:57:00","date_gmt":"2017-11-07T08:57:00","guid":{"rendered":"https:\/\/www.slavonski-planinari.hr\/arhiva\/?p=3918"},"modified":"2023-01-18T10:00:16","modified_gmt":"2023-01-18T09:00:16","slug":"planinari-iz-slavonije-uspjesno-pohadali-tecaj-za-vodice-na-omanovcu","status":"publish","type":"post","link":"https:\/\/www.slavonski-planinari.hr\/arhiva\/planinari-iz-slavonije-uspjesno-pohadali-tecaj-za-vodice-na-omanovcu\/","title":{"rendered":"Planinari iz Slavonije uspje\u0161no poha\u0111ali te\u010daj za vodi\u010de na Omanovcu"},"content":{"rendered":"<p>[et_pb_section fb_built=&#8221;1&#8243; theme_builder_area=&#8221;post_content&#8221; _builder_version=&#8221;4.19.4&#8243; _module_preset=&#8221;default&#8221;][et_pb_row _builder_version=&#8221;4.19.4&#8243; _module_preset=&#8221;default&#8221; theme_builder_area=&#8221;post_content&#8221;][et_pb_column _builder_version=&#8221;4.19.4&#8243; _module_preset=&#8221;default&#8221; type=&#8221;4_4&#8243; theme_builder_area=&#8221;post_content&#8221;][et_pb_text _builder_version=&#8221;4.19.4&#8243; _module_preset=&#8221;default&#8221; theme_builder_area=&#8221;post_content&#8221; hover_enabled=&#8221;0&#8243; sticky_enabled=&#8221;0&#8243;]<\/p>\n<div class=\"itemIntroText\">\n<p style=\"text-align: justify;\"><a href=\"https:\/\/www.slavonski-planinari.hr\/arhiva\/wp-content\/uploads\/2023\/01\/tecaj1.jpg\"><img loading=\"lazy\" decoding=\"async\" src=\"https:\/\/www.slavonski-planinari.hr\/arhiva\/wp-content\/uploads\/2023\/01\/tecaj1.jpg\" width=\"473\" height=\"328\" alt=\"\" class=\"wp-image-3920 alignleft size-full\" srcset=\"https:\/\/www.slavonski-planinari.hr\/arhiva\/wp-content\/uploads\/2023\/01\/tecaj1.jpg 473w, https:\/\/www.slavonski-planinari.hr\/arhiva\/wp-content\/uploads\/2023\/01\/tecaj1-300x208.jpg 300w\" sizes=\"(max-width: 473px) 100vw, 473px\" \/><\/a>U organizaciji Komisije za vodi\u010de HPS-a odr\u017ean je 14.-15. te 21.-22. listopada 2017. te\u010daj za vodi\u010de A standarda na Omanovcu.<\/p>\n<p style=\"text-align: justify;\">\n<\/div>\n<div class=\"itemFullText\">\n<p style=\"text-align: justify;\">Te\u010daju je pristupilo 30 kandidata, a vodio ga je vodi\u010d instruktor Nikola \u0160ebrek sa svojim instruktorskim timom koji su \u010dinili Dra\u017een Mlinari\u0107, Sa\u0161a Juri\u0107, dr. Dario \u0160vajda, Tanja Tomi\u010di\u0107, Mario Peri\u0107 te Josip Dikli\u0107.<\/p>\n<p style=\"text-align: justify;\">\n<p style=\"text-align: justify;\">\n<p style=\"text-align: justify;\">Tijekom dva vikenda, kandidati su odslu\u0161ali predavanja iz zadane tematike po programu, i izveli nekoliko terenskih vje\u017ebi iz orijentacije, tehnike vo\u0111enja, osnova spa\u0161avanja, pru\u017eanja prve pomo\u0107i, izrade \u0161umskog rukohvata i izrade skloni\u0161ta \u2013 bivka.<\/p>\n<p style=\"text-align: justify;\"><img loading=\"lazy\" decoding=\"async\" src=\"https:\/\/www.slavonski-planinari.hr\/arhiva\/wp-content\/uploads\/2023\/01\/tecaj2.jpg\" width=\"892\" height=\"373\" alt=\"\" class=\"wp-image-3921 aligncenter size-full\" srcset=\"https:\/\/www.slavonski-planinari.hr\/arhiva\/wp-content\/uploads\/2023\/01\/tecaj2.jpg 892w, https:\/\/www.slavonski-planinari.hr\/arhiva\/wp-content\/uploads\/2023\/01\/tecaj2-480x201.jpg 480w\" sizes=\"(min-width: 0px) and (max-width: 480px) 480px, (min-width: 481px) 892px, 100vw\" \/><\/p>\n<p style=\"text-align: justify;\">Svim kandidatima \u017eelimo puno uspjeha u predstoje\u0107em radu na stjecanju dodatnih iskustava u vo\u0111enju s mentorima iz mati\u010dnih dru\u0161tva i stanica vodi\u010da te kvalitetnu pripremu za predstoje\u0107i ispit.<\/p>\n<p style=\"text-align: right;\">Voditelj te\u010daja<br \/>Vodi\u010d instruktor, Nikola \u0160ebrek<br \/>Izvor: hps.hr<\/p>\n<\/div>\n<p>[\/et_pb_text][\/et_pb_column][\/et_pb_row][\/et_pb_section]<\/p>\n","protected":false},"excerpt":{"rendered":"<p>U organizaciji Komisije za vodi\u010de HPS-a odr\u017ean je 14.-15. te 21.-22. listopada 2017. te\u010daj za vodi\u010de A standarda na Omanovcu. Te\u010daju je pristupilo 30 kandidata, a vodio ga je vodi\u010d instruktor Nikola \u0160ebrek sa svojim instruktorskim timom koji su \u010dinili Dra\u017een Mlinari\u0107, Sa\u0161a Juri\u0107, dr. Dario \u0160vajda, Tanja Tomi\u010di\u0107, Mario Peri\u0107 te Josip Dikli\u0107. Tijekom [&hellip;]<\/p>\n","protected":false},"author":1,"featured_media":0,"comment_status":"closed","ping_status":"open","sticky":false,"template":"","format":"standard","meta":{"_et_pb_use_builder":"on","_et_pb_old_content":"","_et_gb_content_width":"1080","footnotes":""},"categories":[31],"tags":[],"class_list":["post-3918","post","type-post","status-publish","format-standard","hentry","category-31"],"_links":{"self":[{"href":"https:\/\/www.slavonski-planinari.hr\/arhiva\/wp-json\/wp\/v2\/posts\/3918","targetHints":{"allow":["GET"]}}],"collection":[{"href":"https:\/\/www.slavonski-planinari.hr\/arhiva\/wp-json\/wp\/v2\/posts"}],"about":[{"href":"https:\/\/www.slavonski-planinari.hr\/arhiva\/wp-json\/wp\/v2\/types\/post"}],"author":[{"embeddable":true,"href":"https:\/\/www.slavonski-planinari.hr\/arhiva\/wp-json\/wp\/v2\/users\/1"}],"replies":[{"embeddable":true,"href":"https:\/\/www.slavonski-planinari.hr\/arhiva\/wp-json\/wp\/v2\/comments?post=3918"}],"version-history":[{"count":0,"href":"https:\/\/www.slavonski-planinari.hr\/arhiva\/wp-json\/wp\/v2\/posts\/3918\/revisions"}],"wp:attachment":[{"href":"https:\/\/www.slavonski-planinari.hr\/arhiva\/wp-json\/wp\/v2\/media?parent=3918"}],"wp:term":[{"taxonomy":"category","embeddable":true,"href":"https:\/\/www.slavonski-planinari.hr\/arhiva\/wp-json\/wp\/v2\/categories?post=3918"},{"taxonomy":"post_tag","embeddable":true,"href":"https:\/\/www.slavonski-planinari.hr\/arhiva\/wp-json\/wp\/v2\/tags?post=3918"}],"curies":[{"name":"wp","href":"https:\/\/api.w.org\/{rel}","templated":true}]}}