{"id":3912,"date":"2017-11-04T09:51:00","date_gmt":"2017-11-04T08:51:00","guid":{"rendered":"https:\/\/www.slavonski-planinari.hr\/arhiva\/?p=3912"},"modified":"2023-01-18T09:57:11","modified_gmt":"2023-01-18T08:57:11","slug":"planinarenje-i-planinarstvo","status":"publish","type":"post","link":"https:\/\/www.slavonski-planinari.hr\/arhiva\/planinarenje-i-planinarstvo\/","title":{"rendered":"Planinarenje i planinarstvo"},"content":{"rendered":"<p>[et_pb_section fb_built=&#8221;1&#8243; theme_builder_area=&#8221;post_content&#8221; _builder_version=&#8221;4.19.4&#8243; _module_preset=&#8221;default&#8221;][et_pb_row _builder_version=&#8221;4.19.4&#8243; _module_preset=&#8221;default&#8221; theme_builder_area=&#8221;post_content&#8221;][et_pb_column _builder_version=&#8221;4.19.4&#8243; _module_preset=&#8221;default&#8221; type=&#8221;4_4&#8243; theme_builder_area=&#8221;post_content&#8221;][et_pb_text _builder_version=&#8221;4.19.4&#8243; _module_preset=&#8221;default&#8221; theme_builder_area=&#8221;post_content&#8221; hover_enabled=&#8221;0&#8243; sticky_enabled=&#8221;0&#8243;]<\/p>\n<div class=\"itemIntroText\">\n<p><a href=\"https:\/\/www.slavonski-planinari.hr\/arhiva\/wp-content\/uploads\/2023\/01\/skola1.jpg\" style=\"text-align: justify;\"><img loading=\"lazy\" decoding=\"async\" src=\"https:\/\/www.slavonski-planinari.hr\/arhiva\/wp-content\/uploads\/2023\/01\/skola1.jpg\" width=\"614\" height=\"461\" alt=\"\" class=\"wp-image-3916 alignleft size-full\" srcset=\"https:\/\/www.slavonski-planinari.hr\/arhiva\/wp-content\/uploads\/2023\/01\/skola1.jpg 614w, https:\/\/www.slavonski-planinari.hr\/arhiva\/wp-content\/uploads\/2023\/01\/skola1-480x360.jpg 480w\" sizes=\"(min-width: 0px) and (max-width: 480px) 480px, (min-width: 481px) 614px, 100vw\" \/><\/a><span style=\"text-align: justify;\"><\/span><\/p>\n<p style=\"text-align: justify;\">U srednjoj \u0161koli Isidora Kr\u0161njavoga u Na\u0161icama pro\u0161li tjedan odr\u017eano je predavanje pod nazivom &#8220;Planinarenje i planinarstvo&#8221; a gosti predava\u010di bili su Franjo Matasi\u0107 i Hrvoje Tr\u017ei\u0107, potpredsjednik i predjednik PD Krndija iz Na\u0161ica.<\/p>\n<\/div>\n<div class=\"itemFullText\">\n<p style=\"text-align: justify;\">Prenosimo vam \u010dlanak objavljen na stranicama \u0160kole.<\/p>\n<p style=\"text-align: justify;\">\n<p style=\"text-align: justify;\">Dugi niz godina u na\u0161oj \u0161koli nismo imali priliku \u010duti pone\u0161to o planinarstvu. Stoga smo 24. listopada pod satom razrednika ugostili Franju Matasi\u0107a i Hrvoja Tr\u017ei\u0107a, potpredsjednika i predjednika PD Krndija iz Na\u0161ice.<\/p>\n<p><a href=\"https:\/\/www.slavonski-planinari.hr\/arhiva\/wp-content\/uploads\/2023\/01\/skola2.jpg\"><img loading=\"lazy\" decoding=\"async\" src=\"https:\/\/www.slavonski-planinari.hr\/arhiva\/wp-content\/uploads\/2023\/01\/skola2.jpg\" width=\"650\" height=\"1157\" alt=\"\" class=\"wp-image-3915 alignright size-full\" style=\"float: right;\" srcset=\"https:\/\/www.slavonski-planinari.hr\/arhiva\/wp-content\/uploads\/2023\/01\/skola2.jpg 650w, https:\/\/www.slavonski-planinari.hr\/arhiva\/wp-content\/uploads\/2023\/01\/skola2-480x854.jpg 480w\" sizes=\"(min-width: 0px) and (max-width: 480px) 480px, (min-width: 481px) 650px, 100vw\" \/><\/a>Prisutni su bili u\u010denici 2. i 3. razreda u Industrijsko-obrtni\u010dkoj \u0161koli i u\u010denici 2. razreda u Gimnaziji i Ekonomiji.<\/p>\n<p style=\"text-align: justify;\">Cilj je bio:<\/p>\n<ul style=\"text-align: justify;\">\n<li>upoznati u\u010denike i kolege s planinarstvom op\u0107enito i njegovom tradicijom u Na\u0161icama kroz PD Krndija Na\u0161ice,<\/li>\n<li>pozvati na sudjelovanje u Planinarski tjedan u Na\u0161icama,<\/li>\n<li>uo\u010diti povezanost Stvoritelja i stvorenja \u2013 \u010dovjeka i okoli\u0161a,<\/li>\n<li>u\u010denje timskom radu i kolegijalnosti,<\/li>\n<li>preuzimanje odgovornosti prema stvorenom svijetu i otkrivanje njegove ljepote,<\/li>\n<li>osnivanje sekcije planinara srednjo\u0161kolaca PD Krndija pri S\u0160 Isidora Kr\u0161njavoga,<\/li>\n<li>poticanje kolega u\u010denika da se uklju\u010de,<\/li>\n<li>osmi\u0161ljavanje slobodnog vremena u\u010denika,<\/li>\n<li>bavljenje tjelesnim aktivnostima u prirodi<\/li>\n<li>dogovor za sljede\u0107i susret sa zainteresiranima i dogovor za prvi izlet.<\/li>\n<\/ul>\n<p style=\"text-align: justify;\">Susret je ostvaren kao korelacija Gra\u0111anskog odgoja i obrazovanja i grupe slobodnih aktivnosti Planinari (voditeljice: Danijela Puhani\u0107, prof. i Nikolina Pavlovi\u0107, prof.) te vjeronauka i sata razrednika.<\/p>\n<p style=\"text-align: right;\">Nikolina Pavlovi\u0107, prof.<\/p>\n<p style=\"text-align: right;\"><em>Izvor:\u00a0ss-ikrsnjavoga-nasice.skole.hr<\/em><\/p>\n<\/div>\n<p>[\/et_pb_text][\/et_pb_column][\/et_pb_row][\/et_pb_section]<\/p>\n","protected":false},"excerpt":{"rendered":"<p>U srednjoj \u0161koli Isidora Kr\u0161njavoga u Na\u0161icama pro\u0161li tjedan odr\u017eano je predavanje pod nazivom &#8220;Planinarenje i planinarstvo&#8221; a gosti predava\u010di bili su Franjo Matasi\u0107 i Hrvoje Tr\u017ei\u0107, potpredsjednik i predjednik PD Krndija iz Na\u0161ica. Prenosimo vam \u010dlanak objavljen na stranicama \u0160kole. Dugi niz godina u na\u0161oj \u0161koli nismo imali priliku \u010duti pone\u0161to o planinarstvu. Stoga [&hellip;]<\/p>\n","protected":false},"author":1,"featured_media":0,"comment_status":"closed","ping_status":"open","sticky":false,"template":"","format":"standard","meta":{"_et_pb_use_builder":"on","_et_pb_old_content":"","_et_gb_content_width":"1080","footnotes":""},"categories":[31],"tags":[],"class_list":["post-3912","post","type-post","status-publish","format-standard","hentry","category-31"],"_links":{"self":[{"href":"https:\/\/www.slavonski-planinari.hr\/arhiva\/wp-json\/wp\/v2\/posts\/3912","targetHints":{"allow":["GET"]}}],"collection":[{"href":"https:\/\/www.slavonski-planinari.hr\/arhiva\/wp-json\/wp\/v2\/posts"}],"about":[{"href":"https:\/\/www.slavonski-planinari.hr\/arhiva\/wp-json\/wp\/v2\/types\/post"}],"author":[{"embeddable":true,"href":"https:\/\/www.slavonski-planinari.hr\/arhiva\/wp-json\/wp\/v2\/users\/1"}],"replies":[{"embeddable":true,"href":"https:\/\/www.slavonski-planinari.hr\/arhiva\/wp-json\/wp\/v2\/comments?post=3912"}],"version-history":[{"count":0,"href":"https:\/\/www.slavonski-planinari.hr\/arhiva\/wp-json\/wp\/v2\/posts\/3912\/revisions"}],"wp:attachment":[{"href":"https:\/\/www.slavonski-planinari.hr\/arhiva\/wp-json\/wp\/v2\/media?parent=3912"}],"wp:term":[{"taxonomy":"category","embeddable":true,"href":"https:\/\/www.slavonski-planinari.hr\/arhiva\/wp-json\/wp\/v2\/categories?post=3912"},{"taxonomy":"post_tag","embeddable":true,"href":"https:\/\/www.slavonski-planinari.hr\/arhiva\/wp-json\/wp\/v2\/tags?post=3912"}],"curies":[{"name":"wp","href":"https:\/\/api.w.org\/{rel}","templated":true}]}}