{"id":3893,"date":"2017-10-30T09:32:00","date_gmt":"2017-10-30T08:32:00","guid":{"rendered":"https:\/\/www.slavonski-planinari.hr\/arhiva\/?p=3893"},"modified":"2023-01-18T09:49:36","modified_gmt":"2023-01-18T08:49:36","slug":"retro-izlet-2017-foto","status":"publish","type":"post","link":"https:\/\/www.slavonski-planinari.hr\/arhiva\/retro-izlet-2017-foto\/","title":{"rendered":"Retro izlet 2017. [FOTO]"},"content":{"rendered":"<p>[et_pb_section fb_built=&#8221;1&#8243; theme_builder_area=&#8221;post_content&#8221; _builder_version=&#8221;4.19.4&#8243; _module_preset=&#8221;default&#8221;][et_pb_row _builder_version=&#8221;4.19.4&#8243; _module_preset=&#8221;default&#8221; theme_builder_area=&#8221;post_content&#8221;][et_pb_column _builder_version=&#8221;4.19.4&#8243; _module_preset=&#8221;default&#8221; type=&#8221;4_4&#8243; theme_builder_area=&#8221;post_content&#8221;][et_pb_text _builder_version=&#8221;4.19.4&#8243; _module_preset=&#8221;default&#8221; theme_builder_area=&#8221;post_content&#8221; hover_enabled=&#8221;0&#8243; sticky_enabled=&#8221;0&#8243;]<\/p>\n<p style=\"text-align: justify;\">Ove je godine dr. Schwarz okupio pove\u0107e dru\u0161tvo za posjet izleti\u0161tu Jankovac te se na \u201cvremenski vlak\u201d prika\u010dio jo\u0161 jedan putni\u010dki vagon, rekli bi, postajemo prava kompozicija.<\/p>\n<p style=\"text-align: justify;\">Ideja izleta je da pro\u0111emo \u201cstazama\u201d Gutmannove \u017eeljeznice.<\/p>\n<p style=\"text-align: justify;\">Iz Osijeka kre\u0107emo putem Beli\u0161\u0107a gdje u vlak ulazi jedan od bra\u0107e Gutmann, Alfred. Malo predavanje o \u017eeljeznici osim Alfreda imao je i na\u0161 kondukter Zvonko, koji je ovoga puta imao pune ruke posla.<\/p>\n<p style=\"text-align: justify;\">Nastavljamo za Na\u0161ice gdje u vlak ulazi Marija Sidonija, grofica Peja\u010devi\u0107 s dru\u0161tvom. Put nastavljamo do Orahovice i dobro o\u010duvane Gutmannove lokomotive te nas sam Alfred upoznaje s vlastelinstvima koja jo\u0161 posjeduju na ovom podru\u010dju.<\/p>\n<p style=\"text-align: justify;\">Kre\u0107emo za Slatinski Drenovac gdje 42 izletnika kre\u0107e u avanturu s ciljem da se pje\u0161ice, u\u017eivaju\u0107i u ljepotama prirode do\u0111e do izleti\u0161ta Jankovac. Ostali izletnici na Jankovac uputili su se vlakom, no kako se pruga popravljala i oni su pje\u0161a\u010dili do izleti\u0161ta.<\/p>\n<p style=\"text-align: justify;\">Po dolasku na Jankovac, zate\u010deni smo mno\u0161tvom ljudi. Uprili\u010den je susret brata i sestre tj. grofice Marije Sidonije Peja\u010devi\u0107 i Josipa pl. Jankovi\u0107a od Vu\u010dina i Pribira. Usred njihova susreta dogodio se prepad hajduka Bojani\u0107a. Kako je Josip pl. Jankovi\u0107 poveo i svog glasovira\u010da, napetu situaciju smirili su tonovi klavira za kojim je bio mladi Valerijan Friml Antunovi\u0107.<\/p>\n<p style=\"text-align: justify;\">Dan se bli\u017eio svom kraju, nakon dru\u017eenja, obilaska jezera, \u0161etnji, raznih delicija, kre\u0107emo pje\u0161ice put Drenovca, da iskoristimo zadnje sun\u010deve zrake i upijemo ljepotu \u0161ume.<\/p>\n<p style=\"text-align: justify;\">Obzirom da nam je vlak du\u017ei nego lani, povratak ku\u0107i kroz \u201cvremensku rupu\u201c, se odu\u017eio. Naime nismo \u201cusko\u010dili\u201c u pravo vrijeme, no sve je dobro zavr\u0161ilo, te smo sretno stigli na mjesto polaska, dodu\u0161e ne u isto vrijeme, ali smo stigli.<\/p>\n<p style=\"text-align: justify;\">Hvala svima na odazivu i lijepom dru\u017eenju.<\/p>\n<p style=\"text-align: justify;\">S \u017eeljom da vam Retro izlet 2017. ostane u lijepom sje\u0107anju pozdravlja vas<\/p>\n<p style=\"text-align: right;\">Vo\u0111a izleta: \u017deljka Pavli\u0107<br \/><em>Preuzeto sa:\u00a0jankovac.hr<\/em><\/p>\n<p>[\/et_pb_text][et_pb_gallery _builder_version=&#8221;4.19.4&#8243; _module_preset=&#8221;default&#8221; theme_builder_area=&#8221;post_content&#8221; gallery_ids=&#8221;3910,3909,3908,3907,3906,3905,3904,3903,3902,3901,3900,3899,3898,3897,3896,3895&#8243; posts_number=&#8221;16&#8243; show_title_and_caption=&#8221;off&#8221; hover_enabled=&#8221;0&#8243; sticky_enabled=&#8221;0&#8243;][\/et_pb_gallery][\/et_pb_column][\/et_pb_row][\/et_pb_section]<\/p>\n","protected":false},"excerpt":{"rendered":"<p>Ove je godine dr. Schwarz okupio pove\u0107e dru\u0161tvo za posjet izleti\u0161tu Jankovac te se na \u201cvremenski vlak\u201d prika\u010dio jo\u0161 jedan putni\u010dki vagon, rekli bi, postajemo prava kompozicija. Ideja izleta je da pro\u0111emo \u201cstazama\u201d Gutmannove \u017eeljeznice. Iz Osijeka kre\u0107emo putem Beli\u0161\u0107a gdje u vlak ulazi jedan od bra\u0107e Gutmann, Alfred. Malo predavanje o \u017eeljeznici osim Alfreda [&hellip;]<\/p>\n","protected":false},"author":1,"featured_media":0,"comment_status":"closed","ping_status":"open","sticky":false,"template":"","format":"standard","meta":{"_et_pb_use_builder":"on","_et_pb_old_content":"","_et_gb_content_width":"1080","footnotes":""},"categories":[31],"tags":[],"class_list":["post-3893","post","type-post","status-publish","format-standard","hentry","category-31"],"_links":{"self":[{"href":"https:\/\/www.slavonski-planinari.hr\/arhiva\/wp-json\/wp\/v2\/posts\/3893","targetHints":{"allow":["GET"]}}],"collection":[{"href":"https:\/\/www.slavonski-planinari.hr\/arhiva\/wp-json\/wp\/v2\/posts"}],"about":[{"href":"https:\/\/www.slavonski-planinari.hr\/arhiva\/wp-json\/wp\/v2\/types\/post"}],"author":[{"embeddable":true,"href":"https:\/\/www.slavonski-planinari.hr\/arhiva\/wp-json\/wp\/v2\/users\/1"}],"replies":[{"embeddable":true,"href":"https:\/\/www.slavonski-planinari.hr\/arhiva\/wp-json\/wp\/v2\/comments?post=3893"}],"version-history":[{"count":0,"href":"https:\/\/www.slavonski-planinari.hr\/arhiva\/wp-json\/wp\/v2\/posts\/3893\/revisions"}],"wp:attachment":[{"href":"https:\/\/www.slavonski-planinari.hr\/arhiva\/wp-json\/wp\/v2\/media?parent=3893"}],"wp:term":[{"taxonomy":"category","embeddable":true,"href":"https:\/\/www.slavonski-planinari.hr\/arhiva\/wp-json\/wp\/v2\/categories?post=3893"},{"taxonomy":"post_tag","embeddable":true,"href":"https:\/\/www.slavonski-planinari.hr\/arhiva\/wp-json\/wp\/v2\/tags?post=3893"}],"curies":[{"name":"wp","href":"https:\/\/api.w.org\/{rel}","templated":true}]}}