{"id":3889,"date":"2017-10-30T09:30:00","date_gmt":"2017-10-30T08:30:00","guid":{"rendered":"https:\/\/www.slavonski-planinari.hr\/arhiva\/?p=3889"},"modified":"2023-01-18T09:32:10","modified_gmt":"2023-01-18T08:32:10","slug":"xvi-planinarski-tjedan","status":"publish","type":"post","link":"https:\/\/www.slavonski-planinari.hr\/arhiva\/xvi-planinarski-tjedan\/","title":{"rendered":"XVI. Planinarski tjedan"},"content":{"rendered":"<p>[et_pb_section fb_built=&#8221;1&#8243; theme_builder_area=&#8221;post_content&#8221; _builder_version=&#8221;4.19.4&#8243; _module_preset=&#8221;default&#8221;][et_pb_row _builder_version=&#8221;4.19.4&#8243; _module_preset=&#8221;default&#8221; theme_builder_area=&#8221;post_content&#8221;][et_pb_column _builder_version=&#8221;4.19.4&#8243; _module_preset=&#8221;default&#8221; type=&#8221;4_4&#8243; theme_builder_area=&#8221;post_content&#8221;][et_pb_text _builder_version=&#8221;4.19.4&#8243; _module_preset=&#8221;default&#8221; theme_builder_area=&#8221;post_content&#8221; hover_enabled=&#8221;0&#8243; sticky_enabled=&#8221;0&#8243;]<\/p>\n<div class=\"itemIntroText\">\n<p style=\"text-align: justify;\">Po\u0161tovani prijatelji planinari,<\/p>\n<p style=\"text-align: justify;\">\u010dast i zadovoljstvo nam je pozvati Vas na sredi\u0161nju proslavu velikih obljetnica na\u0161eg Dru\u0161tva.<\/p>\n<p style=\"text-align: justify;\">Jedan od najboljih alpinista svih vremena Stipe Bo\u017ei\u0107 po drugi puta u dvije godine dolazi u Na\u0161icama i to u dva dana.<\/p>\n<\/div>\n<div class=\"itemFullText\">\n<p style=\"text-align: justify;\">U godini kada na\u0161e Planinarsko dru\u0161tvo &#8220;Krndija&#8221; slavi 55 godina svog postojanja i kada se slavi 95 organiziranog planinarstva u Na\u0161icama dolaze nam renomirana imena hrvatskog i svjetskog planinarstva i alpinizma.<\/p>\n<p style=\"text-align: justify;\">Sredi\u0161nja i sve\u010dana proslava bit \u0107e od 6.- 12. studenoga u XVI. Planinarskom tjednu. Pozivamo Vas da uveli\u010date na\u0161 doga\u0111aj i u\u017eivate s nama sedmodnevnoj prezentaciji i prazniku planinarstva.<\/p>\n<p style=\"text-align: justify;\">Cjelokupni program je na slu\u017ebenom plakatu koji je u prilogu.<\/p>\n<p style=\"text-align: justify;\"><img loading=\"lazy\" decoding=\"async\" src=\"https:\/\/www.slavonski-planinari.hr\/arhiva\/wp-content\/uploads\/2023\/01\/planinarski-tjedan2.jpg\" width=\"650\" height=\"919\" alt=\"\" class=\"wp-image-3891 aligncenter size-full\" srcset=\"https:\/\/www.slavonski-planinari.hr\/arhiva\/wp-content\/uploads\/2023\/01\/planinarski-tjedan2.jpg 650w, https:\/\/www.slavonski-planinari.hr\/arhiva\/wp-content\/uploads\/2023\/01\/planinarski-tjedan2-480x679.jpg 480w\" sizes=\"(min-width: 0px) and (max-width: 480px) 480px, (min-width: 481px) 650px, 100vw\" \/><\/p>\n<p style=\"text-align: justify;\">Radujemo se Va\u0161em dolasku!<\/p>\n<p style=\"text-align: justify;\">P. s. Stipu Bo\u017ei\u0107a odvest \u0107emo do Bedemgrada, simbola Krndije, u subotu 11. studenoga, a okupljanje je do 9 h na parkirali\u0161tu ispred crkve sv. Antuna Padovanskog kada se kre\u0107e na izlet. Svi ste dobrodo\u0161li da vidimo kako se Bo\u017ei\u0107 snalazi u &#8220;ravnoj&#8221; Slavoniji. Okrjepa i pi\u0107e iz vlastite torbe.<\/p>\n<p style=\"text-align: right;\">S po\u0161tovanjem,<br \/>Hrvoje Tr\u017ei\u0107, mag. educ. phil. et hist.<br \/>predsjednik PD &#8220;Krndija&#8221; Na\u0161ice<\/p>\n<\/div>\n<p>[\/et_pb_text][\/et_pb_column][\/et_pb_row][\/et_pb_section]<\/p>\n","protected":false},"excerpt":{"rendered":"<p>Po\u0161tovani prijatelji planinari, \u010dast i zadovoljstvo nam je pozvati Vas na sredi\u0161nju proslavu velikih obljetnica na\u0161eg Dru\u0161tva. Jedan od najboljih alpinista svih vremena Stipe Bo\u017ei\u0107 po drugi puta u dvije godine dolazi u Na\u0161icama i to u dva dana. U godini kada na\u0161e Planinarsko dru\u0161tvo &#8220;Krndija&#8221; slavi 55 godina svog postojanja i kada se slavi [&hellip;]<\/p>\n","protected":false},"author":1,"featured_media":0,"comment_status":"closed","ping_status":"open","sticky":false,"template":"","format":"standard","meta":{"_et_pb_use_builder":"on","_et_pb_old_content":"","_et_gb_content_width":"1080","footnotes":""},"categories":[31],"tags":[],"class_list":["post-3889","post","type-post","status-publish","format-standard","hentry","category-31"],"_links":{"self":[{"href":"https:\/\/www.slavonski-planinari.hr\/arhiva\/wp-json\/wp\/v2\/posts\/3889","targetHints":{"allow":["GET"]}}],"collection":[{"href":"https:\/\/www.slavonski-planinari.hr\/arhiva\/wp-json\/wp\/v2\/posts"}],"about":[{"href":"https:\/\/www.slavonski-planinari.hr\/arhiva\/wp-json\/wp\/v2\/types\/post"}],"author":[{"embeddable":true,"href":"https:\/\/www.slavonski-planinari.hr\/arhiva\/wp-json\/wp\/v2\/users\/1"}],"replies":[{"embeddable":true,"href":"https:\/\/www.slavonski-planinari.hr\/arhiva\/wp-json\/wp\/v2\/comments?post=3889"}],"version-history":[{"count":0,"href":"https:\/\/www.slavonski-planinari.hr\/arhiva\/wp-json\/wp\/v2\/posts\/3889\/revisions"}],"wp:attachment":[{"href":"https:\/\/www.slavonski-planinari.hr\/arhiva\/wp-json\/wp\/v2\/media?parent=3889"}],"wp:term":[{"taxonomy":"category","embeddable":true,"href":"https:\/\/www.slavonski-planinari.hr\/arhiva\/wp-json\/wp\/v2\/categories?post=3889"},{"taxonomy":"post_tag","embeddable":true,"href":"https:\/\/www.slavonski-planinari.hr\/arhiva\/wp-json\/wp\/v2\/tags?post=3889"}],"curies":[{"name":"wp","href":"https:\/\/api.w.org\/{rel}","templated":true}]}}