{"id":3886,"date":"2017-10-25T09:24:00","date_gmt":"2017-10-25T08:24:00","guid":{"rendered":"https:\/\/www.slavonski-planinari.hr\/arhiva\/?p=3886"},"modified":"2023-01-18T09:27:22","modified_gmt":"2023-01-18T08:27:22","slug":"26-11-2017-memorijalni-pohod-na-andinu-baraku","status":"publish","type":"post","link":"https:\/\/www.slavonski-planinari.hr\/arhiva\/26-11-2017-memorijalni-pohod-na-andinu-baraku\/","title":{"rendered":"26.11.2017. &#8211; Memorijalni pohod na An\u0111inu baraku"},"content":{"rendered":"<p>[et_pb_section fb_built=&#8221;1&#8243; theme_builder_area=&#8221;post_content&#8221; _builder_version=&#8221;4.19.4&#8243; _module_preset=&#8221;default&#8221;][et_pb_row _builder_version=&#8221;4.19.4&#8243; _module_preset=&#8221;default&#8221; theme_builder_area=&#8221;post_content&#8221;][et_pb_column _builder_version=&#8221;4.19.4&#8243; _module_preset=&#8221;default&#8221; type=&#8221;4_4&#8243; theme_builder_area=&#8221;post_content&#8221;][et_pb_text _builder_version=&#8221;4.19.4&#8243; _module_preset=&#8221;default&#8221; theme_builder_area=&#8221;post_content&#8221; hover_enabled=&#8221;0&#8243; sticky_enabled=&#8221;0&#8243;]<\/p>\n<ul>\n<li>26.11. nedjelja &#8211; Mem. pohod na An\u0111inu baraku, PD Mali\u0161\u010dak Velika<br \/>(Mario Peri\u0107, mob. 098\/160 4468, e-mail:\u00a0<span id=\"cloak157b72cfcf660a806780ec811c6458f5\"><span id=\"cloak5ae5aec9335d8df7658d31a13cdbcfa5\"><a href=\"mailto:mperic2@gmail.com\">mperic2@gmail.com<\/a><\/span><\/span>)<\/li>\n<\/ul>\n<p>Pohod \u0107e biti odr\u017ean 26. studenog 2017. godine. Okupljanje je ispred crkve Sv. Augustina u Velikoj od 8.30 h, a polazak je u 9.00 h.<\/p>\n<p>Kod spomenika na An\u0111inoj baraci (o\u010dekivano oko 11.30 &#8211; 12.00h) odr\u017eati \u0107emo kratku molitvu i zapaliti svije\u0107e kako bi odali du\u017eno po\u0161tovanje poginulim braniteljima.<\/p>\n<p>Za sve sudionike \u0107e biti osigurana zakuska (tradicionalni kruh i mast) te topli \u010daj i kuhano vino.<\/p>\n<p>Povratak u Veliku planiran je do 16.00 h.<\/p>\n<p>Za sve dodatne informacije zovite nas na:<\/p>\n<ul>\n<li>098\/166 1480 (Tomislav Juri\u0107)<\/li>\n<li>091\/118 9901 (Tomislav \u0160ebalj)<\/li>\n<\/ul>\n<p>U sklopu memorijalnog pohoda odr\u017eava se i 4. utrka na 10 kilometara od Velike do \u201eAn\u0111ine barake\u201c pod nazivom \u201ePapu\u010dki cener\u201c. Start utrke je u 10.30 h ispred zgrade<br \/>Parka Prirode Papuk. Svi detalji utrke i prijave nalaze se na stranici<span>\u00a0<\/span><a href=\"http:\/\/www.stotinka.hr\/\">www.stotinka.hr<\/a><\/p>\n<p>Za dodatne informacije obratite se na:<\/p>\n<ul>\n<li>098\/160 4468 (Mario Peri\u0107)<\/li>\n<\/ul>\n<p>[\/et_pb_text][\/et_pb_column][\/et_pb_row][\/et_pb_section]<\/p>\n","protected":false},"excerpt":{"rendered":"<p>26.11. nedjelja &#8211; Mem. pohod na An\u0111inu baraku, PD Mali\u0161\u010dak Velika(Mario Peri\u0107, mob. 098\/160 4468, e-mail:\u00a0mperic2@gmail.com) Pohod \u0107e biti odr\u017ean 26. studenog 2017. godine. Okupljanje je ispred crkve Sv. Augustina u Velikoj od 8.30 h, a polazak je u 9.00 h. Kod spomenika na An\u0111inoj baraci (o\u010dekivano oko 11.30 &#8211; 12.00h) odr\u017eati \u0107emo kratku molitvu [&hellip;]<\/p>\n","protected":false},"author":1,"featured_media":0,"comment_status":"closed","ping_status":"open","sticky":false,"template":"","format":"standard","meta":{"_et_pb_use_builder":"on","_et_pb_old_content":"","_et_gb_content_width":"1080","footnotes":""},"categories":[31],"tags":[],"class_list":["post-3886","post","type-post","status-publish","format-standard","hentry","category-31"],"_links":{"self":[{"href":"https:\/\/www.slavonski-planinari.hr\/arhiva\/wp-json\/wp\/v2\/posts\/3886","targetHints":{"allow":["GET"]}}],"collection":[{"href":"https:\/\/www.slavonski-planinari.hr\/arhiva\/wp-json\/wp\/v2\/posts"}],"about":[{"href":"https:\/\/www.slavonski-planinari.hr\/arhiva\/wp-json\/wp\/v2\/types\/post"}],"author":[{"embeddable":true,"href":"https:\/\/www.slavonski-planinari.hr\/arhiva\/wp-json\/wp\/v2\/users\/1"}],"replies":[{"embeddable":true,"href":"https:\/\/www.slavonski-planinari.hr\/arhiva\/wp-json\/wp\/v2\/comments?post=3886"}],"version-history":[{"count":0,"href":"https:\/\/www.slavonski-planinari.hr\/arhiva\/wp-json\/wp\/v2\/posts\/3886\/revisions"}],"wp:attachment":[{"href":"https:\/\/www.slavonski-planinari.hr\/arhiva\/wp-json\/wp\/v2\/media?parent=3886"}],"wp:term":[{"taxonomy":"category","embeddable":true,"href":"https:\/\/www.slavonski-planinari.hr\/arhiva\/wp-json\/wp\/v2\/categories?post=3886"},{"taxonomy":"post_tag","embeddable":true,"href":"https:\/\/www.slavonski-planinari.hr\/arhiva\/wp-json\/wp\/v2\/tags?post=3886"}],"curies":[{"name":"wp","href":"https:\/\/api.w.org\/{rel}","templated":true}]}}