{"id":3813,"date":"2017-10-17T15:07:00","date_gmt":"2017-10-17T14:07:00","guid":{"rendered":"https:\/\/www.slavonski-planinari.hr\/arhiva\/?p=3813"},"modified":"2023-01-16T15:10:22","modified_gmt":"2023-01-16T14:10:22","slug":"2-osjecki-pjesacki-put-foto","status":"publish","type":"post","link":"https:\/\/www.slavonski-planinari.hr\/arhiva\/2-osjecki-pjesacki-put-foto\/","title":{"rendered":"2. Osje\u010dki pje\u0161a\u010dki put [FOTO]"},"content":{"rendered":"<p>[et_pb_section fb_built=&#8221;1&#8243; theme_builder_area=&#8221;post_content&#8221; _builder_version=&#8221;4.19.4&#8243; _module_preset=&#8221;default&#8221;][et_pb_row _builder_version=&#8221;4.19.4&#8243; _module_preset=&#8221;default&#8221; theme_builder_area=&#8221;post_content&#8221;][et_pb_column _builder_version=&#8221;4.19.4&#8243; _module_preset=&#8221;default&#8221; type=&#8221;4_4&#8243; theme_builder_area=&#8221;post_content&#8221;][et_pb_text _builder_version=&#8221;4.19.4&#8243; _module_preset=&#8221;default&#8221; theme_builder_area=&#8221;post_content&#8221; hover_enabled=&#8221;0&#8243; sticky_enabled=&#8221;0&#8243;]<\/p>\n<div class=\"itemIntroText\">\n<p style=\"text-align: justify;\">Sve je spremno za do\u010dek hoda\u010da. Bla\u017ea se potrudila pa iz svog vrta donijela punu ko\u0161aru jesenskih obilje\u017eja, tako da je \u0161tand na trgu A. Star\u010devi\u0107a izgledao prekrasno.<\/p>\n<\/div>\n<div class=\"itemFullText\">\n<p style=\"text-align: justify;\">Na\u0161e planinarke su napravile sendvi\u010de, da se malo okrijepimo prije hodanja. Bilo je to za goste iznena\u0111enje i odu\u0161evljenje.<\/p>\n<p style=\"text-align: justify;\">U 9:00 sati prisutnima se obratio, pozdravio ih i zahvalio na odazivu, predsjednik Dru\u0161tva Miro Mutter, zatim je \u201eBr\u0161ljanove Legose\u201e i djecu pozdravila voditeljica Sekcije za djecu i mlade\u017e, Mirela Poljak-\u0160ef\u010di\u0107 i na kraju sam kao vo\u0111a puta, objasnio kojim putem \u0107e se hodati i kroz koje KT \u0107emo pro\u0107i.<\/p>\n<p style=\"text-align: justify;\">Prvi dojam okupljanja na trgu bio je pomalo \u010dudan, veliki broj gostiju, \u0161to iz Hrvatske, a jo\u0161 vi\u0161e iz Bosne i Hercegovine i iz Srbije. Krenuli smo hodati, a putem su nam se pridru\u017eivali na\u0161i \u010dlanovi prema mjestu stanovanja, tako da je kolona postajala sve brojnija. Na trgu je bilo po mojoj procjeni mo\u017eda malo preko 150 hoda\u010da, a do cilja je stiglo preko 200 hoda\u010da. Neki su ostali bez graha jer su se bonovi za grah mogli kupiti na KT-1, kao i dnevnik OPP-a. Kuhari su pove\u0107ali koli\u010dinu graha, ali nisu se nadali tolikom broju. Nismo ni mi.<\/p>\n<p style=\"text-align: justify;\">Hodali smo do KT-2 do Tvr\u0111e, dive\u0107i se na\u0161im parkovima i Tvr\u0111i i mi i gosti. Pre\u0161li smo cestovnim mostom na lijevu obalu Drave do KT-3, Kopakabana. Razgledali i gledali Osijek iz drugog kuta, udarili 3. \u017eig u dnevnik OPP i uputili se uz Dravu do ZOO-a, KT-4, gdje nas je \u010dekala poznata osje\u010dka kompa i prevozila u nekoliko tura nazad na Osje\u010dku stranu. Na Pampasu, od prilike pola puta, pridru\u017euje se veliki broj Retfal\u010dana i uz Dravu kroz \u0161umu sti\u017ee se do vikend naselja \u201eKara\u0161ica\u201c pa do Udi\u010darskog doma do KT-5 gdje se stavlja 5. \u017eig i uru\u010duje bed\u017e OPP-a.<\/p>\n<p style=\"text-align: justify;\">Slijede, zaslu\u017eeni grah i planinarska veselica.<\/p>\n<p style=\"text-align: justify;\">Predstavnicima Dru\u0161tava koja su se odazvala pozivu za ovaj na\u0161 2. OPP, uru\u010dene su Zahvalnice.<\/p>\n<p style=\"text-align: justify;\">Najbrojnije gostuju\u0107e dru\u0161tvo je \u201eSpartak \u201e iz Subotice.<\/p>\n<p style=\"text-align: justify;\">Hvala svima koji su sudjelovali u organizaciji i realizaciji 2. Osje\u010dkog pje\u0161a\u010dkog puta 2017.god.<\/p>\n<p style=\"text-align: justify;\">Posebno hvala gostima iz inozemstva, koji su ovaj OPP u\u010dinili me\u0111unarodnim, a ni\u0161ta manje hvala i na\u0161im doma\u0107im Dru\u0161tvima.<\/p>\n<p style=\"text-align: justify;\">Ako svi prenesemo drugima utiske sa ovog OPP, o\u010dekujem slijede\u0107e godine puno ve\u0107i broj planinara, a naro\u010dito pje\u0161aka, na\u0161ih sugra\u0111ana, to svi mogu ishodati, a i vidjeti ljepotu grada iz druge perspektive.<\/p>\n<p style=\"text-align: right;\">U Osijeku, 10.10.2017.god.<br \/>Vo\u0111a puta: Miroslav Mitrovi\u0107-Mitar<br \/>Foto: Marija Bokun<br \/>Izvor: jankovac.hr<\/p>\n<\/div>\n<p>[\/et_pb_text][et_pb_gallery _builder_version=&#8221;4.19.4&#8243; _module_preset=&#8221;default&#8221; theme_builder_area=&#8221;post_content&#8221; gallery_ids=&#8221;3815,3816,3817,3818,3819,3820,3821,3822,3823,3824,3825,3826,3827,3828,3829,3830,3831,3832,3833,3834&#8243; posts_number=&#8221;20&#8243; show_title_and_caption=&#8221;off&#8221; hover_enabled=&#8221;0&#8243; sticky_enabled=&#8221;0&#8243;][\/et_pb_gallery][\/et_pb_column][\/et_pb_row][\/et_pb_section]<\/p>\n","protected":false},"excerpt":{"rendered":"<p>Sve je spremno za do\u010dek hoda\u010da. Bla\u017ea se potrudila pa iz svog vrta donijela punu ko\u0161aru jesenskih obilje\u017eja, tako da je \u0161tand na trgu A. Star\u010devi\u0107a izgledao prekrasno. Na\u0161e planinarke su napravile sendvi\u010de, da se malo okrijepimo prije hodanja. Bilo je to za goste iznena\u0111enje i odu\u0161evljenje. U 9:00 sati prisutnima se obratio, pozdravio ih [&hellip;]<\/p>\n","protected":false},"author":1,"featured_media":0,"comment_status":"closed","ping_status":"open","sticky":false,"template":"","format":"standard","meta":{"_et_pb_use_builder":"on","_et_pb_old_content":"","_et_gb_content_width":"1080","footnotes":""},"categories":[31],"tags":[],"class_list":["post-3813","post","type-post","status-publish","format-standard","hentry","category-31"],"_links":{"self":[{"href":"https:\/\/www.slavonski-planinari.hr\/arhiva\/wp-json\/wp\/v2\/posts\/3813","targetHints":{"allow":["GET"]}}],"collection":[{"href":"https:\/\/www.slavonski-planinari.hr\/arhiva\/wp-json\/wp\/v2\/posts"}],"about":[{"href":"https:\/\/www.slavonski-planinari.hr\/arhiva\/wp-json\/wp\/v2\/types\/post"}],"author":[{"embeddable":true,"href":"https:\/\/www.slavonski-planinari.hr\/arhiva\/wp-json\/wp\/v2\/users\/1"}],"replies":[{"embeddable":true,"href":"https:\/\/www.slavonski-planinari.hr\/arhiva\/wp-json\/wp\/v2\/comments?post=3813"}],"version-history":[{"count":0,"href":"https:\/\/www.slavonski-planinari.hr\/arhiva\/wp-json\/wp\/v2\/posts\/3813\/revisions"}],"wp:attachment":[{"href":"https:\/\/www.slavonski-planinari.hr\/arhiva\/wp-json\/wp\/v2\/media?parent=3813"}],"wp:term":[{"taxonomy":"category","embeddable":true,"href":"https:\/\/www.slavonski-planinari.hr\/arhiva\/wp-json\/wp\/v2\/categories?post=3813"},{"taxonomy":"post_tag","embeddable":true,"href":"https:\/\/www.slavonski-planinari.hr\/arhiva\/wp-json\/wp\/v2\/tags?post=3813"}],"curies":[{"name":"wp","href":"https:\/\/api.w.org\/{rel}","templated":true}]}}