{"id":3808,"date":"2017-10-17T15:00:00","date_gmt":"2017-10-17T14:00:00","guid":{"rendered":"https:\/\/www.slavonski-planinari.hr\/arhiva\/?p=3808"},"modified":"2023-01-16T15:03:06","modified_gmt":"2023-01-16T14:03:06","slug":"tpi-2017","status":"publish","type":"post","link":"https:\/\/www.slavonski-planinari.hr\/arhiva\/tpi-2017\/","title":{"rendered":"TPI 2017."},"content":{"rendered":"<p>[et_pb_section fb_built=&#8221;1&#8243; theme_builder_area=&#8221;post_content&#8221; _builder_version=&#8221;4.19.4&#8243; _module_preset=&#8221;default&#8221;][et_pb_row _builder_version=&#8221;4.19.4&#8243; _module_preset=&#8221;default&#8221; theme_builder_area=&#8221;post_content&#8221;][et_pb_column _builder_version=&#8221;4.19.4&#8243; _module_preset=&#8221;default&#8221; type=&#8221;4_4&#8243; theme_builder_area=&#8221;post_content&#8221;][et_pb_text _builder_version=&#8221;4.19.4&#8243; _module_preset=&#8221;default&#8221; theme_builder_area=&#8221;post_content&#8221; hover_enabled=&#8221;0&#8243; sticky_enabled=&#8221;0&#8243;]<\/p>\n<div class=\"itemIntroText\">\n<p style=\"text-align: justify;\"><img loading=\"lazy\" decoding=\"async\" src=\"https:\/\/www.slavonski-planinari.hr\/arhiva\/wp-content\/uploads\/2023\/01\/tpi17_2.jpg\" width=\"170\" height=\"96\" alt=\"\" class=\"wp-image-3811 alignleft size-full\" \/>U nedjelju, 1. listopada na\u0161i\u010dki planinari su zajedno s prijateljima prvi puta kod izleti\u0161ta &#8220;Staklana&#8221; u organizaciji PD &#8220;Krndija&#8221; Na\u0161ice obilje\u017eili tradicionalnu manifestaciju &#8220;TPI- Tragom prvog izleta na\u0161i\u010dkih planinara.&#8221;<\/p>\n<p style=\"text-align: justify;\">\n<\/div>\n<div class=\"itemFullText\">\n<p style=\"text-align: justify;\">&#8220;Staklana&#8221; je jedna od kontrolnih to\u010daka planinarske obilaznice koja nosi ime &#8220;TPI&#8221; upravo po prvom izletu na\u0161i\u010dkih planinara koji se odr\u017eao 10. lipnja 1923. kada se desetak entuzijasta, ljubitelja prirode i \u010dlanova tada\u0161njeg Planinarskog dru\u0161tva &#8220;Bedemgrad&#8221;, koje je prete\u010da dana\u0161njeg PD &#8220;Krndija&#8221;, uputilo u nepoznate predjele na\u0161e gore Krndije. Preko Feri\u010danaca i &#8220;Razbitog kola&#8221; oti\u0161li su do &#8220;Ravnog&#8221; brda i popeli se na &#8220;Petrov&#8221; vrh te se preko &#8220;Vrletine&#8221; i &#8220;Dobre vode&#8221; vratili do &#8220;Staklane.&#8221; U spomen na taj prvi organizirani izlet na\u0161i\u010dkih planinara, 1985. godine se utemeljila obilaznica &#8220;TPI&#8221;. U godini velikih jubileja, 95 godina planinarstva u Na\u0161icama i 55 godina PD &#8220;Krndija&#8221; Na\u0161ice, \u017eeljeli smo se po prvi puta na ovaj na\u010din prisjetiti izleta i ljudi koji su udahnuli \u017eivot planinarstvu u Na\u0161icama.<\/p>\n<p style=\"text-align: justify;\">Kod izleti\u0161ta &#8220;Staklana&#8221; se okupilo 50- ak planinara iz prijateljskih slavonskih dru\u0161tva koje je do\u010dekalo rosno i hladno jutro, ali i topla okrijepa uz \u010daj i tradicionalni slavonski doru\u010dak kojeg su \u010dinili masni kruh, luk i crvena paprika. Bili su tu prijatelji iz \u0110akova, Kutjeva, Vinkovaca, Graca, Po\u017eege, Pleternice, Orahovice, Feri\u010danaca i \u0110ur\u0111enovca. Nakon pozdravnih rije\u010di, svi zajedno smo se uputili u rosna prostranstva Krndije koju su milovale jesenje zrake sunca.<\/p>\n<p style=\"text-align: justify;\"><img loading=\"lazy\" decoding=\"async\" src=\"https:\/\/www.slavonski-planinari.hr\/arhiva\/wp-content\/uploads\/2023\/01\/tpi17_1.jpg\" width=\"680\" height=\"382\" alt=\"\" class=\"wp-image-3810 aligncenter size-full\" srcset=\"https:\/\/www.slavonski-planinari.hr\/arhiva\/wp-content\/uploads\/2023\/01\/tpi17_1.jpg 680w, https:\/\/www.slavonski-planinari.hr\/arhiva\/wp-content\/uploads\/2023\/01\/tpi17_1-480x270.jpg 480w\" sizes=\"(min-width: 0px) and (max-width: 480px) 480px, (min-width: 481px) 680px, 100vw\" \/><\/p>\n<p style=\"text-align: justify;\">Duboko u \u0161umi \u010dekalo nas jesensko ozra\u010dje i mir koji bi prekidao tek zvuk \u0161u\u0161tavog li\u0161\u0107a koje nam je poigravalo pod nogama. Pro\u0161li smo dio nemarkiranog puta iznad &#8220;Staklane&#8221; pa se vratili preko &#8220;Pijeskova&#8221; iznad kamenoloma &#8220;Jovac&#8221; i &#8220;Debelog&#8221; brda do &#8220;Staklane.&#8221; Vrijeme dru\u017eenja u planini uvijek brzo pro\u0111e, a pogotovo na Krndiji koja nas uvijek iznenadi nekim novim detaljima iako je dobro poznajemo. Planinarska \u0161etnja u trajanju od \u010detiri sata po lijepom i sun\u010danom vremenu pro\u0161la je u ugodnim razgovorima s dragim prijateljima uz razgledavanja prekrasnih zeleno- sme\u0111ih pejsa\u017ea jedne od najstarijih planina u Europi. I mi smo iznenadili na\u0161u Krndiju ovaj puta mnogobrojnom razigranom mlado\u0161\u0107u. I zaista, bilo je neobi\u010dno puno mladih. Lijepo je to vidjeti i svi mo\u017eemo biti ponosni na to. Pokazatelj je to da mladi prepoznaju rekreaciju, aktivnosti u planini i planinarenje kao idealan odmor za du\u0161u i tijelo.<\/p>\n<p style=\"text-align: justify;\">\u00a0Nakon planinarskog dijela, uslijedilo je dru\u017eenje uz mnoga ozarena i sretna lica. Zahvaljujem se svima koji su do\u0161li i dru\u017eili se u prirodi u ime nas doma\u0107ina. Vidimo se i idu\u0107e godine.<\/p>\n<p style=\"text-align: center;\"><strong>Umor prolazi, a zadovoljstvo ostaje!<\/strong><\/p>\n<p style=\"text-align: right;\">Izvor: PD Krndija, Hrvoje Tr\u017ei\u0107<\/p>\n<\/div>\n<p>[\/et_pb_text][\/et_pb_column][\/et_pb_row][\/et_pb_section]<\/p>\n","protected":false},"excerpt":{"rendered":"<p>U nedjelju, 1. listopada na\u0161i\u010dki planinari su zajedno s prijateljima prvi puta kod izleti\u0161ta &#8220;Staklana&#8221; u organizaciji PD &#8220;Krndija&#8221; Na\u0161ice obilje\u017eili tradicionalnu manifestaciju &#8220;TPI- Tragom prvog izleta na\u0161i\u010dkih planinara.&#8221; &#8220;Staklana&#8221; je jedna od kontrolnih to\u010daka planinarske obilaznice koja nosi ime &#8220;TPI&#8221; upravo po prvom izletu na\u0161i\u010dkih planinara koji se odr\u017eao 10. lipnja 1923. kada se [&hellip;]<\/p>\n","protected":false},"author":1,"featured_media":0,"comment_status":"closed","ping_status":"open","sticky":false,"template":"","format":"standard","meta":{"_et_pb_use_builder":"on","_et_pb_old_content":"","_et_gb_content_width":"1080","footnotes":""},"categories":[31],"tags":[],"class_list":["post-3808","post","type-post","status-publish","format-standard","hentry","category-31"],"_links":{"self":[{"href":"https:\/\/www.slavonski-planinari.hr\/arhiva\/wp-json\/wp\/v2\/posts\/3808","targetHints":{"allow":["GET"]}}],"collection":[{"href":"https:\/\/www.slavonski-planinari.hr\/arhiva\/wp-json\/wp\/v2\/posts"}],"about":[{"href":"https:\/\/www.slavonski-planinari.hr\/arhiva\/wp-json\/wp\/v2\/types\/post"}],"author":[{"embeddable":true,"href":"https:\/\/www.slavonski-planinari.hr\/arhiva\/wp-json\/wp\/v2\/users\/1"}],"replies":[{"embeddable":true,"href":"https:\/\/www.slavonski-planinari.hr\/arhiva\/wp-json\/wp\/v2\/comments?post=3808"}],"version-history":[{"count":0,"href":"https:\/\/www.slavonski-planinari.hr\/arhiva\/wp-json\/wp\/v2\/posts\/3808\/revisions"}],"wp:attachment":[{"href":"https:\/\/www.slavonski-planinari.hr\/arhiva\/wp-json\/wp\/v2\/media?parent=3808"}],"wp:term":[{"taxonomy":"category","embeddable":true,"href":"https:\/\/www.slavonski-planinari.hr\/arhiva\/wp-json\/wp\/v2\/categories?post=3808"},{"taxonomy":"post_tag","embeddable":true,"href":"https:\/\/www.slavonski-planinari.hr\/arhiva\/wp-json\/wp\/v2\/tags?post=3808"}],"curies":[{"name":"wp","href":"https:\/\/api.w.org\/{rel}","templated":true}]}}