{"id":3787,"date":"2017-09-22T14:47:00","date_gmt":"2017-09-22T13:47:00","guid":{"rendered":"https:\/\/www.slavonski-planinari.hr\/arhiva\/?p=3787"},"modified":"2023-01-16T14:50:15","modified_gmt":"2023-01-16T13:50:15","slug":"osjecki-pjesacki-put","status":"publish","type":"post","link":"https:\/\/www.slavonski-planinari.hr\/arhiva\/osjecki-pjesacki-put\/","title":{"rendered":"Osje\u010dki pje\u0161a\u010dki put"},"content":{"rendered":"<p>[et_pb_section fb_built=&#8221;1&#8243; theme_builder_area=&#8221;post_content&#8221; _builder_version=&#8221;4.19.4&#8243; _module_preset=&#8221;default&#8221;][et_pb_row _builder_version=&#8221;4.19.4&#8243; _module_preset=&#8221;default&#8221; theme_builder_area=&#8221;post_content&#8221;][et_pb_column _builder_version=&#8221;4.19.4&#8243; _module_preset=&#8221;default&#8221; type=&#8221;4_4&#8243; theme_builder_area=&#8221;post_content&#8221;][et_pb_text _builder_version=&#8221;4.19.4&#8243; _module_preset=&#8221;default&#8221; theme_builder_area=&#8221;post_content&#8221; hover_enabled=&#8221;0&#8243; sticky_enabled=&#8221;0&#8243;]<\/p>\n<div class=\"itemIntroText\">\n<p><img loading=\"lazy\" decoding=\"async\" src=\"https:\/\/www.slavonski-planinari.hr\/arhiva\/wp-content\/uploads\/2023\/01\/os-pjesacki.jpg\" width=\"121\" height=\"84\" alt=\"\" class=\"wp-image-3789 alignleft size-full\" \/>Osobito nam je zadovoljstvo pozvati Vas na sudjelovanje u Osje\u010dkom pje\u0161a\u010dkom putu koji \u0107e odr\u017eati 7. listopada 2017. godine.<\/p>\n<p>&nbsp;<\/p>\n<\/div>\n<div class=\"itemFullText\">\n<p>Okupljanje sudionika bit \u0107e na Trgu Ante Star\u010devi\u0107a u 8.00 h, a polazak \u0107e uslijediti s u 9.00 h.<\/p>\n<p>Osje\u010dki pje\u0161a\u010dki put obuhva\u0107a 5 kontrolnih to\u010daka (KT):<\/p>\n<ol>\n<li>KT1 TRG ANTE STAR\u010cEVI\u0106A<\/li>\n<li>KT2 TRG SVETOG TROJSTVA<\/li>\n<li>KT3 RESTORAN \u201cCOPACABANA\u201d<\/li>\n<li>KT4 \u201cZOO\u201d HOTEL OSIJEK<\/li>\n<li>KT5 UDI\u010cARSKI DOM, JOSIPOVAC<\/li>\n<\/ol>\n<p>&nbsp;<\/p>\n<p>Veselimo se \u0161to \u0107ete zajedno s nama podijeliti radost obilje\u017eavanja i uveli\u010dati ovako zna\u010dajan doga\u0111aj za na\u0161e Dru\u0161tvo! Nadamo se da \u0107e Vas ljepota pje\u0161a\u010denja na\u0161im predivnim gradom potaknuti na ponovni dolazak svake sljede\u0107e godine u isto vrijeme.<br \/>Dnevnik OPP-a mo\u017eete kupiti po simboli\u010dnoj cijeni od 10 kn.<\/p>\n<p style=\"text-align: right;\">HPD \u201cBr\u0161ljan-Jankovac\u201d<\/p>\n<\/div>\n<p>[\/et_pb_text][\/et_pb_column][\/et_pb_row][\/et_pb_section]<\/p>\n","protected":false},"excerpt":{"rendered":"<p>Osobito nam je zadovoljstvo pozvati Vas na sudjelovanje u Osje\u010dkom pje\u0161a\u010dkom putu koji \u0107e odr\u017eati 7. listopada 2017. godine. &nbsp; Okupljanje sudionika bit \u0107e na Trgu Ante Star\u010devi\u0107a u 8.00 h, a polazak \u0107e uslijediti s u 9.00 h. Osje\u010dki pje\u0161a\u010dki put obuhva\u0107a 5 kontrolnih to\u010daka (KT): KT1 TRG ANTE STAR\u010cEVI\u0106A KT2 TRG SVETOG TROJSTVA [&hellip;]<\/p>\n","protected":false},"author":1,"featured_media":0,"comment_status":"closed","ping_status":"open","sticky":false,"template":"","format":"standard","meta":{"_et_pb_use_builder":"on","_et_pb_old_content":"","_et_gb_content_width":"1080","footnotes":""},"categories":[31],"tags":[],"class_list":["post-3787","post","type-post","status-publish","format-standard","hentry","category-31"],"_links":{"self":[{"href":"https:\/\/www.slavonski-planinari.hr\/arhiva\/wp-json\/wp\/v2\/posts\/3787","targetHints":{"allow":["GET"]}}],"collection":[{"href":"https:\/\/www.slavonski-planinari.hr\/arhiva\/wp-json\/wp\/v2\/posts"}],"about":[{"href":"https:\/\/www.slavonski-planinari.hr\/arhiva\/wp-json\/wp\/v2\/types\/post"}],"author":[{"embeddable":true,"href":"https:\/\/www.slavonski-planinari.hr\/arhiva\/wp-json\/wp\/v2\/users\/1"}],"replies":[{"embeddable":true,"href":"https:\/\/www.slavonski-planinari.hr\/arhiva\/wp-json\/wp\/v2\/comments?post=3787"}],"version-history":[{"count":0,"href":"https:\/\/www.slavonski-planinari.hr\/arhiva\/wp-json\/wp\/v2\/posts\/3787\/revisions"}],"wp:attachment":[{"href":"https:\/\/www.slavonski-planinari.hr\/arhiva\/wp-json\/wp\/v2\/media?parent=3787"}],"wp:term":[{"taxonomy":"category","embeddable":true,"href":"https:\/\/www.slavonski-planinari.hr\/arhiva\/wp-json\/wp\/v2\/categories?post=3787"},{"taxonomy":"post_tag","embeddable":true,"href":"https:\/\/www.slavonski-planinari.hr\/arhiva\/wp-json\/wp\/v2\/tags?post=3787"}],"curies":[{"name":"wp","href":"https:\/\/api.w.org\/{rel}","templated":true}]}}