{"id":3755,"date":"2017-09-22T14:35:00","date_gmt":"2017-09-22T13:35:00","guid":{"rendered":"https:\/\/www.slavonski-planinari.hr\/arhiva\/?p=3755"},"modified":"2023-01-16T14:38:30","modified_gmt":"2023-01-16T13:38:30","slug":"staza-dida-rackog-foto","status":"publish","type":"post","link":"https:\/\/www.slavonski-planinari.hr\/arhiva\/staza-dida-rackog-foto\/","title":{"rendered":"Staza dida Ra\u010dkog [FOTO]"},"content":{"rendered":"<p>[et_pb_section fb_built=&#8221;1&#8243; theme_builder_area=&#8221;post_content&#8221; _builder_version=&#8221;4.19.4&#8243; _module_preset=&#8221;default&#8221;][et_pb_row _builder_version=&#8221;4.19.4&#8243; _module_preset=&#8221;default&#8221; theme_builder_area=&#8221;post_content&#8221;][et_pb_column _builder_version=&#8221;4.19.4&#8243; _module_preset=&#8221;default&#8221; type=&#8221;4_4&#8243; theme_builder_area=&#8221;post_content&#8221;][et_pb_text _builder_version=&#8221;4.19.4&#8243; _module_preset=&#8221;default&#8221; theme_builder_area=&#8221;post_content&#8221; hover_enabled=&#8221;0&#8243; sticky_enabled=&#8221;0&#8243;]<\/p>\n<p style=\"text-align: justify;\">Bilo je lijepo vidjeti toliku zainteresiranost za izlet otvaranje staze dida Ra\u010dkog u Gazijama, \u010dak su neki planinari stajali u autobusu.<\/p>\n<p style=\"text-align: justify;\">Mislila sam da \u0107e netko odustati, ali svi su do\u0161li na vrijeme. U autobusu su bili planinari od 4 do 77 godina, a ve\u0107ina njih je planinarilo sa dida Ra\u010dkim.<\/p>\n<p style=\"text-align: justify;\">Pun autobus krenuo je za Gazije, gdje su nas do\u010dekali doma\u0107ini, planinari, iz HPD Sunovrat \u0110ur\u0111enovac, sa rije\u010dima dobrodo\u0161lice i doru\u010dkom. Kad smo\u00a0 do\u0161li u Gazije svi su \u017eeljeli u\u0107i u\u00a0 \u201ecarstvo\u201c dida Ra\u010dkog, kako bi evocirale uspomene\u00a0 na njega. \u010cak smo i mi pove\u0107ali inventar ku\u0107ice, njegovom slikom snimljenoj\u00a0 ispred\u00a0 kamp-ku\u0107ice.<\/p>\n<p style=\"text-align: justify;\">Otvaranje staze u\u010dinile su na\u0161e \u201e legosice\u201c Petra i Sara, rezanjem br\u0161ljanove grane i prve krenule tom stazom. Staza je kru\u017ena, polazi od pl. ku\u0107e Tivanovo, pokraj Srednjaka, uz Lekin potok, Razbito kolo i nazad do pl. ku\u0107e,\u00a0 nije zahtjevna, a savladali smo visinsku razliku\u00a0 cca 200 m\/nm.<\/p>\n<p style=\"text-align: justify;\">Nakon prohodane staze, \u010dekao nas je planinarski grah i druge delicije, odmor, dru\u017eenje, prisje\u0107anje na dida Ra\u010dkog, o takvoj \u201e legendi \u201e se mo\u017ee puno i dugo pri\u010dati.<\/p>\n<p style=\"text-align: justify;\">Dan je bio sun\u010dan, lijepa staza koju su pro\u0161li svi planinari i na\u0161e \u201elegosice\u201c.<\/p>\n<p style=\"text-align: justify;\">Zahvaljujemo se na\u0161em vodi\u010du\u00a0 Dida Dragi i planinarima iz HPD Sunovrat na gostoprimstvu.<\/p>\n<p style=\"text-align: justify;\">Vidimo se do godine.<\/p>\n<p style=\"text-align: justify;\">\n<p style=\"text-align: right;\">Marija Bokun<\/p>\n<p style=\"text-align: right;\">Izvor: jankovac.hr<\/p>\n<p>[\/et_pb_text][et_pb_gallery _builder_version=&#8221;4.19.4&#8243; _module_preset=&#8221;default&#8221; theme_builder_area=&#8221;post_content&#8221; gallery_ids=&#8221;3757,3758,3759,3760,3761,3762,3763,3764,3765,3766,3767,3768&#8243; posts_number=&#8221;12&#8243; show_title_and_caption=&#8221;off&#8221; hover_enabled=&#8221;0&#8243; sticky_enabled=&#8221;0&#8243;][\/et_pb_gallery][\/et_pb_column][\/et_pb_row][\/et_pb_section]<\/p>\n","protected":false},"excerpt":{"rendered":"<p>Bilo je lijepo vidjeti toliku zainteresiranost za izlet otvaranje staze dida Ra\u010dkog u Gazijama, \u010dak su neki planinari stajali u autobusu. Mislila sam da \u0107e netko odustati, ali svi su do\u0161li na vrijeme. U autobusu su bili planinari od 4 do 77 godina, a ve\u0107ina njih je planinarilo sa dida Ra\u010dkim. Pun autobus krenuo je [&hellip;]<\/p>\n","protected":false},"author":1,"featured_media":0,"comment_status":"closed","ping_status":"open","sticky":false,"template":"","format":"standard","meta":{"_et_pb_use_builder":"on","_et_pb_old_content":"","_et_gb_content_width":"1080","footnotes":""},"categories":[31],"tags":[],"class_list":["post-3755","post","type-post","status-publish","format-standard","hentry","category-31"],"_links":{"self":[{"href":"https:\/\/www.slavonski-planinari.hr\/arhiva\/wp-json\/wp\/v2\/posts\/3755","targetHints":{"allow":["GET"]}}],"collection":[{"href":"https:\/\/www.slavonski-planinari.hr\/arhiva\/wp-json\/wp\/v2\/posts"}],"about":[{"href":"https:\/\/www.slavonski-planinari.hr\/arhiva\/wp-json\/wp\/v2\/types\/post"}],"author":[{"embeddable":true,"href":"https:\/\/www.slavonski-planinari.hr\/arhiva\/wp-json\/wp\/v2\/users\/1"}],"replies":[{"embeddable":true,"href":"https:\/\/www.slavonski-planinari.hr\/arhiva\/wp-json\/wp\/v2\/comments?post=3755"}],"version-history":[{"count":0,"href":"https:\/\/www.slavonski-planinari.hr\/arhiva\/wp-json\/wp\/v2\/posts\/3755\/revisions"}],"wp:attachment":[{"href":"https:\/\/www.slavonski-planinari.hr\/arhiva\/wp-json\/wp\/v2\/media?parent=3755"}],"wp:term":[{"taxonomy":"category","embeddable":true,"href":"https:\/\/www.slavonski-planinari.hr\/arhiva\/wp-json\/wp\/v2\/categories?post=3755"},{"taxonomy":"post_tag","embeddable":true,"href":"https:\/\/www.slavonski-planinari.hr\/arhiva\/wp-json\/wp\/v2\/tags?post=3755"}],"curies":[{"name":"wp","href":"https:\/\/api.w.org\/{rel}","templated":true}]}}