{"id":3751,"date":"2017-09-16T13:55:00","date_gmt":"2017-09-16T12:55:00","guid":{"rendered":"https:\/\/www.slavonski-planinari.hr\/arhiva\/?p=3751"},"modified":"2023-01-16T13:57:42","modified_gmt":"2023-01-16T12:57:42","slug":"tragom-prvog-izleta-nasickih-planinara","status":"publish","type":"post","link":"https:\/\/www.slavonski-planinari.hr\/arhiva\/tragom-prvog-izleta-nasickih-planinara\/","title":{"rendered":"Tragom prvog izleta na\u0161i\u010dkih planinara"},"content":{"rendered":"<p>[et_pb_section fb_built=&#8221;1&#8243; theme_builder_area=&#8221;post_content&#8221; _builder_version=&#8221;4.19.4&#8243; _module_preset=&#8221;default&#8221;][et_pb_row _builder_version=&#8221;4.19.4&#8243; _module_preset=&#8221;default&#8221; theme_builder_area=&#8221;post_content&#8221;][et_pb_column _builder_version=&#8221;4.19.4&#8243; _module_preset=&#8221;default&#8221; type=&#8221;4_4&#8243; theme_builder_area=&#8221;post_content&#8221;][et_pb_text _builder_version=&#8221;4.19.4&#8243; _module_preset=&#8221;default&#8221; theme_builder_area=&#8221;post_content&#8221; hover_enabled=&#8221;0&#8243; sticky_enabled=&#8221;0&#8243;]<\/p>\n<div class=\"itemIntroText\">\n<p>\u010cast i zadovoljstvo nam je pozvati Vas ovim putem u godini kada slavimo 95 godina planinarstva u Na\u0161icama i 55 godina PD &#8220;Krndija&#8221; Na\u0161ice na na\u0161u tradicionalnu planinarsku manifestaciju &#8220;Tragom prvog izleta na\u0161i\u010dkih planinara- TPI&#8221;\u00a0 koja se ove godine odr\u017eava kod kontrolne to\u010dke Staklana (izme\u0111u Seone i Gornje Moti\u010dine) u nedjelju,1. listopada 2017.<\/p>\n<\/div>\n<div class=\"itemFullText\">\n<p>Okupljanje je do 9 sati kada se kre\u0107e na stazu u tajanju oko 4 h.. Po dolasku o\u010dekuje Vas pi\u0107e dobrodo\u0161lice i doru\u010dak.\u00a0 Nakon obilaska staze, uprili\u010dit \u0107emo dru\u017eenje uz pi\u0107e po promotivnim cijenama. \u017deljno Vas i\u0161\u010dekujemo na na\u0161oj lijepoj Krndiji uz srda\u010dan planinarski pozdrav. Detalji su u slu\u017ebenom plakatu.<\/p>\n<p style=\"text-align: right;\">\u00a0\u00a0 Hrvoje Tr\u017ei\u0107, predsjednik PD &#8220;Krndija&#8221; Na\u0161ice<\/p>\n<p><img loading=\"lazy\" decoding=\"async\" src=\"https:\/\/www.slavonski-planinari.hr\/arhiva\/wp-content\/uploads\/2023\/01\/tpi-v17.jpg\" width=\"600\" height=\"849\" alt=\"\" class=\"wp-image-3753 aligncenter size-full\" srcset=\"https:\/\/www.slavonski-planinari.hr\/arhiva\/wp-content\/uploads\/2023\/01\/tpi-v17.jpg 600w, https:\/\/www.slavonski-planinari.hr\/arhiva\/wp-content\/uploads\/2023\/01\/tpi-v17-480x679.jpg 480w\" sizes=\"(min-width: 0px) and (max-width: 480px) 480px, (min-width: 481px) 600px, 100vw\" \/><\/p>\n<\/div>\n<p>[\/et_pb_text][\/et_pb_column][\/et_pb_row][\/et_pb_section]<\/p>\n","protected":false},"excerpt":{"rendered":"<p>\u010cast i zadovoljstvo nam je pozvati Vas ovim putem u godini kada slavimo 95 godina planinarstva u Na\u0161icama i 55 godina PD &#8220;Krndija&#8221; Na\u0161ice na na\u0161u tradicionalnu planinarsku manifestaciju &#8220;Tragom prvog izleta na\u0161i\u010dkih planinara- TPI&#8221;\u00a0 koja se ove godine odr\u017eava kod kontrolne to\u010dke Staklana (izme\u0111u Seone i Gornje Moti\u010dine) u nedjelju,1. listopada 2017. Okupljanje je [&hellip;]<\/p>\n","protected":false},"author":1,"featured_media":0,"comment_status":"closed","ping_status":"open","sticky":false,"template":"","format":"standard","meta":{"_et_pb_use_builder":"on","_et_pb_old_content":"","_et_gb_content_width":"1080","footnotes":""},"categories":[31],"tags":[],"class_list":["post-3751","post","type-post","status-publish","format-standard","hentry","category-31"],"_links":{"self":[{"href":"https:\/\/www.slavonski-planinari.hr\/arhiva\/wp-json\/wp\/v2\/posts\/3751","targetHints":{"allow":["GET"]}}],"collection":[{"href":"https:\/\/www.slavonski-planinari.hr\/arhiva\/wp-json\/wp\/v2\/posts"}],"about":[{"href":"https:\/\/www.slavonski-planinari.hr\/arhiva\/wp-json\/wp\/v2\/types\/post"}],"author":[{"embeddable":true,"href":"https:\/\/www.slavonski-planinari.hr\/arhiva\/wp-json\/wp\/v2\/users\/1"}],"replies":[{"embeddable":true,"href":"https:\/\/www.slavonski-planinari.hr\/arhiva\/wp-json\/wp\/v2\/comments?post=3751"}],"version-history":[{"count":0,"href":"https:\/\/www.slavonski-planinari.hr\/arhiva\/wp-json\/wp\/v2\/posts\/3751\/revisions"}],"wp:attachment":[{"href":"https:\/\/www.slavonski-planinari.hr\/arhiva\/wp-json\/wp\/v2\/media?parent=3751"}],"wp:term":[{"taxonomy":"category","embeddable":true,"href":"https:\/\/www.slavonski-planinari.hr\/arhiva\/wp-json\/wp\/v2\/categories?post=3751"},{"taxonomy":"post_tag","embeddable":true,"href":"https:\/\/www.slavonski-planinari.hr\/arhiva\/wp-json\/wp\/v2\/tags?post=3751"}],"curies":[{"name":"wp","href":"https:\/\/api.w.org\/{rel}","templated":true}]}}