{"id":3745,"date":"2017-09-14T13:46:00","date_gmt":"2017-09-14T12:46:00","guid":{"rendered":"https:\/\/www.slavonski-planinari.hr\/arhiva\/?p=3745"},"modified":"2023-01-16T13:49:01","modified_gmt":"2023-01-16T12:49:01","slug":"pd-krndija-nasice-odobren-projekt-iz-europske-unije-u-iznosu-615-454-00-kn","status":"publish","type":"post","link":"https:\/\/www.slavonski-planinari.hr\/arhiva\/pd-krndija-nasice-odobren-projekt-iz-europske-unije-u-iznosu-615-454-00-kn\/","title":{"rendered":"PD \u201eKrndija\u201c Na\u0161ice odobren projekt iz Europske unije u iznosu 615, 454, 00 kn"},"content":{"rendered":"<p>[et_pb_section fb_built=&#8221;1&#8243; theme_builder_area=&#8221;post_content&#8221; _builder_version=&#8221;4.19.4&#8243; _module_preset=&#8221;default&#8221;][et_pb_row _builder_version=&#8221;4.19.4&#8243; _module_preset=&#8221;default&#8221; theme_builder_area=&#8221;post_content&#8221;][et_pb_column _builder_version=&#8221;4.19.4&#8243; _module_preset=&#8221;default&#8221; type=&#8221;4_4&#8243; theme_builder_area=&#8221;post_content&#8221;][et_pb_text _builder_version=&#8221;4.19.4&#8243; _module_preset=&#8221;default&#8221; theme_builder_area=&#8221;post_content&#8221; hover_enabled=&#8221;0&#8243; sticky_enabled=&#8221;0&#8243;]<\/p>\n<div class=\"itemIntroText\">\n<p style=\"text-align: justify;\"><a href=\"https:\/\/www.slavonski-planinari.hr\/arhiva\/wp-content\/uploads\/2023\/01\/nasice-projekt1.jpg\"><img loading=\"lazy\" decoding=\"async\" src=\"https:\/\/www.slavonski-planinari.hr\/arhiva\/wp-content\/uploads\/2023\/01\/nasice-projekt1.jpg\" width=\"232\" height=\"148\" alt=\"\" class=\"wp-image-3747 alignleft size-full\" \/><\/a>Predsjednik PD &#8220;Krndija&#8221; Na\u0161ice Hrvoje Tr\u017ei\u0107 u utorak, 12. rujna zajedno s\u00a0 najbli\u017eim suradnikom i dopredsjednikom Franjom Matasi\u0107em potpisao je ugovor u Ministarstvu poljoprivrede vrijedan \u010dak 615,454,00 kn iz Europskog poljoprivrednog fonda za ruralni razvoj o &#8220;Uspostavi i ure\u0111enju pou\u010dnih staza na Krndiji&#8230;.&#8221;.\u00a0<\/p>\n<\/div>\n<div class=\"itemFullText\">\n<p style=\"text-align: justify;\">\u201eSve se to odvija u godini kada na\u0161e planinarsko dru\u0161tvo slavi 55 godina svog postojanja, a ujedno se obilje\u017eava i 95 godina planinarstva u Na\u0161icama. Ovo je jo\u0161 jedna dokaz kako mala udruga s velikom tradicijom mo\u017ee pomo\u0107i svom kraju zajedno u sinergiji s vi\u0161e institucija. Franjo i ja smo sigurno najmla\u0111i dopredsjednik i predsjednik jedne planinarske udruge u Hrvatskoj i sretni smo \u0161to kao mladi ljudi osje\u0107amo poziv i potrebu djelovati na korist \u0161iroj dru\u0161tvenoj zajednici i svom gradu. To je ujedno i apel mladima da se priklju\u010de i kroz volontiranje u udrugama i organizacijama doprinesu razvoju civilnog dru\u0161tva, a time i oplemene sebe.\u201c<\/p>\n<p style=\"text-align: justify;\">Naime, agencija za pla\u0107anja u poljoprivredi, ribarstvu i ruralnom razvoju zavr\u0161ila je obradu svih projekata pristiglih na natje\u010daj za operaciju 8.5.2. \u201eUspostava i ure\u0111enje pou\u010dnih staza, vidikovaca i ostale manje infrastrukture\u201c, \u010diji su korisnici trgova\u010dka dru\u0161tva i druge pravne osobe koje sukladno Zakonu o \u0161umama gospodare \u0161umama i \u0161umskim zemlji\u0161tima u vlasni\u0161tvu Republike Hrvatske, \u0161umoposjednici, udruge \u0161umoposjednika, udruge civilnog dru\u0161tva i druge pravne osobe aktivne u za\u0161titi prirode.\u00a0 Odobreno je ukupno 20 projekata u vrijednosti 9,1 milijun kuna, a potpora iznosi do 100% ukupnih prihvatljivih tro\u0161kova. Nakon \u0161to su pro\u0161li tjedan u Splitu potpisana tri ugovora s korisnicima za operaciju 8.5.2. iz Dalmatinskih \u017eupanija danas je u Zagrebu potpisano jo\u0161 13 ugovora ukupne vrijednosti 6.183.981,84 kn.&#8221;\u00a0<\/p>\n<p style=\"text-align: justify;\"><img loading=\"lazy\" decoding=\"async\" src=\"https:\/\/www.slavonski-planinari.hr\/arhiva\/wp-content\/uploads\/2023\/01\/nasice-projekt2.jpg\" width=\"800\" height=\"451\" alt=\"\" class=\"wp-image-3748 aligncenter size-full\" srcset=\"https:\/\/www.slavonski-planinari.hr\/arhiva\/wp-content\/uploads\/2023\/01\/nasice-projekt2.jpg 800w, https:\/\/www.slavonski-planinari.hr\/arhiva\/wp-content\/uploads\/2023\/01\/nasice-projekt2-480x271.jpg 480w\" sizes=\"(min-width: 0px) and (max-width: 480px) 480px, (min-width: 481px) 800px, 100vw\" \/><\/p>\n<p style=\"text-align: justify;\">PD \u201eKrndija\u201c uz udrugu iz Osijeka i Virovitice jedina je s podru\u010dja Slavonije kojoj je odobren projekt na \u0161to mo\u017eemo biti iznimno ponosni. Na\u0161i\u010dko planinarsko dru\u0161tvo jo\u0161 se pro\u0161le godine prijavilo za kapitalan projekt i nedavno stiglo nam je ju\u010der pozitivno rje\u0161enje o prihvatljivosti iz Agencije za pla\u0107anje u poljoprivredi, ribarstvu i ruralnom razvoju. Radi se o projektu ure\u0111enja planinarskih staza na Krndiji s naglaskom na NGS- Na\u0161i\u010dku geolo\u0161ku stazu koja govori o geolo\u0161koj pro\u0161losti jedne od najstarijih planina ovog dijela Europe. Uz revitalizaciju NGS-a, uredile bi se i postavile najsuvremenije informativno- edukacijske plo\u010de s QR kodovima, klupama, geolo\u0161kim stupom, plo\u010dom u centru grada s kartama planinarskih staza, ure\u0111enjem prilaza, nadstre\u0161nicama, vidikovacima, novim dnevnicima i jo\u0161 mnogo toga.\u00a0 Staza ima i pou\u010dni karakter i utemeljena je s namjerom da nam pribli\u017ei dio na\u0161e geolo\u0161ke ba\u0161tine, omogu\u0107i znanja o Krndiji, o vrhovima njenih stijena, njihovoj starosti i na\u010dinu postanka, te i\u0161\u010dezlom biljnom i \u017eivotinjskom svijetu. Posebne zanimljivosti Krndije \u010dine nalazi pretpovijesnog nosoroga, morskoga psa, brojni fosilni nalazi \u0161koljaka, morskih je\u017einaca, pu\u017eeva, koralja i sli\u010dno. Ujedno, obilazak staze upozorava i na povijesne zanimljivosti Krndije kao \u0161to su : postojanje anti\u010dke rimske ceste, srednjovjekovni grad \u201eBedemgrad\u201c iz 14. stolje\u0107a, nekada\u0161nji i sada\u0161nji kamenolomi, napu\u0161teni rudnik ugljena, te poznata i nepoznata grobi\u0161ta vojnika i civila (osobito iz II. svjetskog rata). Sadr\u017eaji staze namijenjeni su prije svega mladima u \u0161kolama, kako bi odr\u017eavanju \u201enastave u prirodi\u201c na licu mjesta upoznali prirodoslovnu ba\u0161tinu ovoga kraja i njene povijesne zanimljivosti, a o va\u017enosti staze postoji zainteresiranost ne samo planinara ve\u0107 i stru\u010dnjaka.<\/p>\n<p style=\"text-align: justify;\"><img loading=\"lazy\" decoding=\"async\" src=\"https:\/\/www.slavonski-planinari.hr\/arhiva\/wp-content\/uploads\/2023\/01\/nasice-projekt3.jpg\" width=\"780\" height=\"400\" alt=\"\" class=\"wp-image-3749 aligncenter size-full\" srcset=\"https:\/\/www.slavonski-planinari.hr\/arhiva\/wp-content\/uploads\/2023\/01\/nasice-projekt3.jpg 780w, https:\/\/www.slavonski-planinari.hr\/arhiva\/wp-content\/uploads\/2023\/01\/nasice-projekt3-480x246.jpg 480w\" sizes=\"(min-width: 0px) and (max-width: 480px) 480px, (min-width: 481px) 780px, 100vw\" \/><\/p>\n<p style=\"text-align: justify;\">\u201eKrndija \u0107e time, ali i na\u0161i\u010dki kraj, imati veliki turisti\u010dki potencijal privla\u010denja brojnih izletnika, planinara i zaljubljenika u prirodu koji \u0107e mo\u0107i u\u017eivati u prirodnim, kulturnim, povijesnim i geolo\u0161kim fenomenima na\u0161e planine. Ideja je postojala ve\u0107 dugo i trebalo je obaviti mnogo razgovora, dogovora i biti uporan te kucati na mnoga vrata. Rijetko koja udruga u Hrvatskoj se mo\u017ee pohvaliti ovakvim projektom i iznosom sredstava. Tek nam sad slijedi veliki posao i dat \u0107emo sve od sebe da se to maksimalno uredi. Ovaj kapitalan projekt va\u017ean je i za grad Na\u0161ice i mnogi ljudi su to prepoznali. Ovo je primjer sinergije \u010delnih ljudi na\u0161e udruge i brojnih institucija s kojima smo sura\u0111ivali. Zahvaljujem se jo\u0161 najbli\u017eim suradnicima Franji Matasi\u0107u i Tihomiru Kolembusu, biv\u0161em predsjedniku Branku Gruba\u010du, biv\u0161em gradona\u010delniku Kre\u0161imiru \u017dagaru koje je prepoznao projekt i gradu Na\u0161icama, Na\u0161i\u010dkoj razvojnoj agenciji na \u010delu sa Magdalenom Vidakovi\u0107 Gelen\u010dir,\u00a0 LAG- u \u201eKara\u0161ica\u201c i Ivanu Keglevi\u0107u, Zavi\u010dajnom muzeju Na\u0161ice i Silviji Lu\u010devnjak, samostalnom isra\u017eiva\u010du Branku Kranj\u010devu i Domagoju Jami\u010di\u0107u, geologu i stru\u010dnjaku koji je ideju prepoznao i donio stru\u010dna rje\u0161enja te svima onima koji su na bilo koji drugi na\u010din pomogli. Sad nam tek slijedi mukotrpni rad i trud, ali siguran sam da \u0107emo zajedno uspjeti.\u201c<\/p>\n<p style=\"text-align: right;\">Hrvoje Tr\u017ei\u0107,<br \/>mag. educ. phil. et hist.,<br \/>predsjednik PD \u201eKrndija\u201c Na\u0161ice<\/p>\n<\/div>\n<p>[\/et_pb_text][\/et_pb_column][\/et_pb_row][\/et_pb_section]<\/p>\n","protected":false},"excerpt":{"rendered":"<p>Predsjednik PD &#8220;Krndija&#8221; Na\u0161ice Hrvoje Tr\u017ei\u0107 u utorak, 12. rujna zajedno s\u00a0 najbli\u017eim suradnikom i dopredsjednikom Franjom Matasi\u0107em potpisao je ugovor u Ministarstvu poljoprivrede vrijedan \u010dak 615,454,00 kn iz Europskog poljoprivrednog fonda za ruralni razvoj o &#8220;Uspostavi i ure\u0111enju pou\u010dnih staza na Krndiji&#8230;.&#8221;.\u00a0 \u201eSve se to odvija u godini kada na\u0161e planinarsko dru\u0161tvo slavi 55 [&hellip;]<\/p>\n","protected":false},"author":1,"featured_media":0,"comment_status":"closed","ping_status":"open","sticky":false,"template":"","format":"standard","meta":{"_et_pb_use_builder":"on","_et_pb_old_content":"","_et_gb_content_width":"1080","footnotes":""},"categories":[31],"tags":[],"class_list":["post-3745","post","type-post","status-publish","format-standard","hentry","category-31"],"_links":{"self":[{"href":"https:\/\/www.slavonski-planinari.hr\/arhiva\/wp-json\/wp\/v2\/posts\/3745","targetHints":{"allow":["GET"]}}],"collection":[{"href":"https:\/\/www.slavonski-planinari.hr\/arhiva\/wp-json\/wp\/v2\/posts"}],"about":[{"href":"https:\/\/www.slavonski-planinari.hr\/arhiva\/wp-json\/wp\/v2\/types\/post"}],"author":[{"embeddable":true,"href":"https:\/\/www.slavonski-planinari.hr\/arhiva\/wp-json\/wp\/v2\/users\/1"}],"replies":[{"embeddable":true,"href":"https:\/\/www.slavonski-planinari.hr\/arhiva\/wp-json\/wp\/v2\/comments?post=3745"}],"version-history":[{"count":0,"href":"https:\/\/www.slavonski-planinari.hr\/arhiva\/wp-json\/wp\/v2\/posts\/3745\/revisions"}],"wp:attachment":[{"href":"https:\/\/www.slavonski-planinari.hr\/arhiva\/wp-json\/wp\/v2\/media?parent=3745"}],"wp:term":[{"taxonomy":"category","embeddable":true,"href":"https:\/\/www.slavonski-planinari.hr\/arhiva\/wp-json\/wp\/v2\/categories?post=3745"},{"taxonomy":"post_tag","embeddable":true,"href":"https:\/\/www.slavonski-planinari.hr\/arhiva\/wp-json\/wp\/v2\/tags?post=3745"}],"curies":[{"name":"wp","href":"https:\/\/api.w.org\/{rel}","templated":true}]}}