{"id":3722,"date":"2017-09-02T13:21:00","date_gmt":"2017-09-02T12:21:00","guid":{"rendered":"https:\/\/www.slavonski-planinari.hr\/arhiva\/?p=3722"},"modified":"2023-01-16T13:33:39","modified_gmt":"2023-01-16T12:33:39","slug":"kroz-vinograde-i-sume-2017","status":"publish","type":"post","link":"https:\/\/www.slavonski-planinari.hr\/arhiva\/kroz-vinograde-i-sume-2017\/","title":{"rendered":"Kroz vinograde i \u0161ume 2017."},"content":{"rendered":"<p>[et_pb_section fb_built=&#8221;1&#8243; theme_builder_area=&#8221;post_content&#8221; _builder_version=&#8221;4.19.4&#8243; _module_preset=&#8221;default&#8221;][et_pb_row _builder_version=&#8221;4.19.4&#8243; _module_preset=&#8221;default&#8221; theme_builder_area=&#8221;post_content&#8221;][et_pb_column _builder_version=&#8221;4.19.4&#8243; _module_preset=&#8221;default&#8221; type=&#8221;4_4&#8243; theme_builder_area=&#8221;post_content&#8221;][et_pb_text _builder_version=&#8221;4.19.4&#8243; _module_preset=&#8221;default&#8221; theme_builder_area=&#8221;post_content&#8221; hover_enabled=&#8221;0&#8243; sticky_enabled=&#8221;0&#8243;]<\/p>\n<div class=\"itemIntroText\">\n<p><img loading=\"lazy\" decoding=\"async\" src=\"https:\/\/www.slavonski-planinari.hr\/arhiva\/wp-content\/uploads\/2023\/01\/inogradi-17.jpg\" width=\"170\" height=\"127\" alt=\"\" class=\"wp-image-3724 alignleft size-full\" \/>U\u00a0nedjelju, 24. rujna 2017. odr\u017eat \u0107e se 26. susret planinara pod nazivom &#8220;Kroz vinograde i \u0161ume&#8221; u Feri\u010dancima.<\/p>\n<p>&nbsp;<\/p>\n<\/div>\n<div class=\"itemFullText\">\n<p>Okupljanje je pred \u0161kolom (prijava dru\u0161tava,\u010daj,pecivo)\u00a0do 09.00 sati.<\/p>\n<p>Parking za autobuse osiguran je na trgu kraj dru\u0161tvenog doma, a za osobna vozila u centru.<\/p>\n<p>Polazak na dulju stazu je u 10.00 sati a pohod taje 3h.<\/p>\n<p>Polazak na kra\u0107u stazu je u 10.05 sati i hoda se 1,30h.<\/p>\n<p>Program na Srednjaku:<\/p>\n<ul>\n<li>ru\u010dak (ugostiteljska ponuda \u2013 \u0107evapi, pi\u0107e po atraktivnim cijenama)<\/li>\n<li>dru\u017eenje uz tambura\u0161e<\/li>\n<\/ul>\n<p>Povratak u Feri\u010dance je po \u017eelji.<\/p>\n<p>O\u010dekujemo vas s rado\u0161\u0107u opet u Feri\u010dancima.<\/p>\n<p>Kontakt osobe:<\/p>\n<ul>\n<li>Luka Malo\u010da:099\/6922215\u00a0<\/li>\n<li>Ivan Ko\u010daj:097\/7759340<\/li>\n<li>Josip \u0160alek:098\/627401<\/li>\n<\/ul>\n<\/div>\n<p>[\/et_pb_text][\/et_pb_column][\/et_pb_row][\/et_pb_section]<\/p>\n","protected":false},"excerpt":{"rendered":"<p>U\u00a0nedjelju, 24. rujna 2017. odr\u017eat \u0107e se 26. susret planinara pod nazivom &#8220;Kroz vinograde i \u0161ume&#8221; u Feri\u010dancima. &nbsp; Okupljanje je pred \u0161kolom (prijava dru\u0161tava,\u010daj,pecivo)\u00a0do 09.00 sati. Parking za autobuse osiguran je na trgu kraj dru\u0161tvenog doma, a za osobna vozila u centru. Polazak na dulju stazu je u 10.00 sati a pohod taje 3h. [&hellip;]<\/p>\n","protected":false},"author":1,"featured_media":0,"comment_status":"closed","ping_status":"open","sticky":false,"template":"","format":"standard","meta":{"_et_pb_use_builder":"on","_et_pb_old_content":"","_et_gb_content_width":"1080","footnotes":""},"categories":[31],"tags":[],"class_list":["post-3722","post","type-post","status-publish","format-standard","hentry","category-31"],"_links":{"self":[{"href":"https:\/\/www.slavonski-planinari.hr\/arhiva\/wp-json\/wp\/v2\/posts\/3722","targetHints":{"allow":["GET"]}}],"collection":[{"href":"https:\/\/www.slavonski-planinari.hr\/arhiva\/wp-json\/wp\/v2\/posts"}],"about":[{"href":"https:\/\/www.slavonski-planinari.hr\/arhiva\/wp-json\/wp\/v2\/types\/post"}],"author":[{"embeddable":true,"href":"https:\/\/www.slavonski-planinari.hr\/arhiva\/wp-json\/wp\/v2\/users\/1"}],"replies":[{"embeddable":true,"href":"https:\/\/www.slavonski-planinari.hr\/arhiva\/wp-json\/wp\/v2\/comments?post=3722"}],"version-history":[{"count":0,"href":"https:\/\/www.slavonski-planinari.hr\/arhiva\/wp-json\/wp\/v2\/posts\/3722\/revisions"}],"wp:attachment":[{"href":"https:\/\/www.slavonski-planinari.hr\/arhiva\/wp-json\/wp\/v2\/media?parent=3722"}],"wp:term":[{"taxonomy":"category","embeddable":true,"href":"https:\/\/www.slavonski-planinari.hr\/arhiva\/wp-json\/wp\/v2\/categories?post=3722"},{"taxonomy":"post_tag","embeddable":true,"href":"https:\/\/www.slavonski-planinari.hr\/arhiva\/wp-json\/wp\/v2\/tags?post=3722"}],"curies":[{"name":"wp","href":"https:\/\/api.w.org\/{rel}","templated":true}]}}