{"id":3710,"date":"2017-08-24T13:12:00","date_gmt":"2017-08-24T12:12:00","guid":{"rendered":"https:\/\/www.slavonski-planinari.hr\/arhiva\/?p=3710"},"modified":"2023-01-16T13:16:02","modified_gmt":"2023-01-16T12:16:02","slug":"kilimanjaro-5895-m","status":"publish","type":"post","link":"https:\/\/www.slavonski-planinari.hr\/arhiva\/kilimanjaro-5895-m\/","title":{"rendered":"Kilimanjaro 5895 m"},"content":{"rendered":"<p>[et_pb_section fb_built=&#8221;1&#8243; theme_builder_area=&#8221;post_content&#8221; _builder_version=&#8221;4.19.4&#8243; _module_preset=&#8221;default&#8221;][et_pb_row _builder_version=&#8221;4.19.4&#8243; _module_preset=&#8221;default&#8221; theme_builder_area=&#8221;post_content&#8221;][et_pb_column _builder_version=&#8221;4.19.4&#8243; _module_preset=&#8221;default&#8221; type=&#8221;4_4&#8243; theme_builder_area=&#8221;post_content&#8221;][et_pb_text _builder_version=&#8221;4.19.4&#8243; _module_preset=&#8221;default&#8221; theme_builder_area=&#8221;post_content&#8221; hover_enabled=&#8221;0&#8243; sticky_enabled=&#8221;0&#8243;]<\/p>\n<div class=\"itemIntroText\">\n<p style=\"text-align: justify;\"><img loading=\"lazy\" decoding=\"async\" src=\"https:\/\/www.slavonski-planinari.hr\/arhiva\/wp-content\/uploads\/2023\/01\/kilimanjaro1a.jpg\" width=\"165\" height=\"124\" alt=\"\" class=\"wp-image-3712 alignleft size-full\" \/>Igor Miheli\u0107, \u010dlan planinarskog dru\u0161tva Ravnica iz Vukovara popeo se na najvi\u0161u to\u010dku Afrike, poznati Uhuru peak na Kilimanjaru visine 5895 m.<\/p>\n<\/div>\n<div class=\"itemFullText\">\n<p style=\"text-align: justify;\">Nakon godinu dana pripreme i visinske aklimatizacije, u trenucima kada je to bilo mogu\u0107e, ekipa od 20 hrvatskih planinara iz razli\u010ditih krajeva prekrasne na\u0161e u srpnju 2017. uputila se u zanimljivu dr\u017eavu Tanzaniju na uspon koji \u0107e ih zasigurno trajno obilje\u017eiti.<\/p>\n<p style=\"text-align: justify;\">Nakon dolaska prvo \u0161to se zapazi su bezbri\u017eni osmjesi malihTanzanijaca koji tr\u010de\u0107i kroz pra\u0161inu guraju \u201ekolo\u201c \u0161to me trenutno prebacilo trideset i vi\u0161e godina unazad kada smo i sami to znali \u010diniti. No\u0107 smo proveli u Moshiju, gradu podno Kilimanjara, gledaju\u0107i u vrh svi s istom \u017eeljom: \u201e\u017delim se popeti na krov Afrike\u2026\u201c.<\/p>\n<p style=\"text-align: justify;\">Nakon doru\u010dka koji je obilovao malim, ali preslatkim bananama i mangom, kre\u0107emo prema na\u0161em startu na 1800 m. Tamo se upoznajemo s\u00a0 vodi\u010dima, te veselo penjemo prvih 1000 m kroz zonu \u201eki\u0161na \u0161uma\u201c koja je prekrasna i za oko i za hodanje. Po dolasku u kamp Mandara hut na 2720 m, slijedi ve\u010dera za\u010dinjena \u0161alom i odlazak na spavanje uz nenaviknute \u201ezvukove\u201c \u017eivotinja iz obli\u017enje \u0161ume.<\/p>\n<p style=\"text-align: justify;\">Uspon koji je uslijedio narednog dana na 3720 m u kamp Horombo hut ve\u0107 je polako po\u010deo pokazivati pravu te\u017einu uspona. Lagane vrtoglavice, mu\u010dnine i probavne smetnje su se sve vi\u0161e pojavljivale i pokazivale nam da moramo napraviti dan aklimatizacije na navedenoj visini, \u0161to smo i u\u010dinili usponom narednog dana do visine 4100 m te ponovnim povratkom na spavanje na visinu od 3720 m i pripremom za najte\u017ei dan uspona.<\/p>\n<p style=\"text-align: justify;\">\u010cetvrti i najte\u017ei dan uspona kre\u0107e iz Horombo kampa do zavr\u0161nog kampa Kibo hut na 4720 m. Po dolasku u kamp umor i visinska bolest pokazuju pravo lice. Treba ru\u010dati i malo odmoriti te potom u 23 h krenuti na zavr\u0161ni uspon. Ru\u010dati je te\u0161ko, a zaspati jo\u0161 te\u017ee. Dobro i toplo obu\u010den sam legao u vre\u0107u za spavanje, ali zimica i drhtanje nisu prestajali.<\/p>\n<p style=\"text-align: justify;\"><img loading=\"lazy\" decoding=\"async\" src=\"https:\/\/www.slavonski-planinari.hr\/arhiva\/wp-content\/uploads\/2023\/01\/ilimanjaro11a.jpg\" width=\"700\" height=\"467\" alt=\"\" class=\"wp-image-3715 aligncenter size-full\" srcset=\"https:\/\/www.slavonski-planinari.hr\/arhiva\/wp-content\/uploads\/2023\/01\/ilimanjaro11a.jpg 700w, https:\/\/www.slavonski-planinari.hr\/arhiva\/wp-content\/uploads\/2023\/01\/ilimanjaro11a-480x320.jpg 480w\" sizes=\"(min-width: 0px) and (max-width: 480px) 480px, (min-width: 481px) 700px, 100vw\" \/><\/p>\n<p style=\"text-align: justify;\">U 23 h kre\u0107e zavr\u0161ni uspon. Ispred nas je vijugava serpentina kojoj nema kraja. Hoda\u0161 i gleda\u0161 kolonu naglavnih lampi iznad tebe i kolonu lampi ispod tebe. Sretan \u0161to je svijetlo Kibo huta sve manje, ali svijetlo na Gilmans pointu je jo\u0161 jako daleko.<\/p>\n<p style=\"text-align: justify;\">Negdje oko 6 h ujutro dolazimo na 5685 m, doti\u010demo tablu Gilmans point, i postajemo svjesni da je najte\u017ei dio uspona iza nas. Naime od Kibo huta do Gilmans pointa uspon je vrlo strm i konstantan, a dolaskom na Gilmans zapravo izbijamo na sam rub kratera. Ispred nas je jos cca 1,5 h bla\u017eeg uspona po obodu kratera do vr\u0161ne to\u010dke Uhuru peak na 5895 m kao krovna, najvi\u0161lja to\u010dka Afrike i Kilimanjara.<\/p>\n<p style=\"text-align: justify;\">Uglavnom pod velikim utjecajem visinske bolesti i na rubu snage dolazimo do najvi\u0161lje to\u010dke i na\u0161eg cilja. Slijedi slikanje, zadovoljstvo postignutim ciljem, pregr\u0161t iskrenih zagrljaja i osmjeha, a mene osobno su preplavile nekontrolirane suze radosnice\u2026 Svjestan postignutog uspjeha, svjestan trenutka, znao sam da se isplatio sav trud i ulo\u017eeni napor tjekom protekle godine.<\/p>\n<p style=\"text-align: justify;\"><img loading=\"lazy\" decoding=\"async\" src=\"https:\/\/www.slavonski-planinari.hr\/arhiva\/wp-content\/uploads\/2023\/01\/kilimanjaro2aa.jpg\" width=\"700\" height=\"525\" alt=\"\" class=\"wp-image-3713 aligncenter size-full\" srcset=\"https:\/\/www.slavonski-planinari.hr\/arhiva\/wp-content\/uploads\/2023\/01\/kilimanjaro2aa.jpg 700w, https:\/\/www.slavonski-planinari.hr\/arhiva\/wp-content\/uploads\/2023\/01\/kilimanjaro2aa-480x360.jpg 480w\" sizes=\"(min-width: 0px) and (max-width: 480px) 480px, (min-width: 481px) 700px, 100vw\" \/><\/p>\n<p style=\"text-align: justify;\">Ponosni i sretni nakon zajedni\u010dkog fotografiranja kre\u0107emo polako nizbrdo. Svaki naredni korak sve je lak\u0161i, a zraka je sve vi\u0161e. Oko 13 h sti\u017eemo u kamp na 4720 m. Vrijeme je zaslu\u017eenog ru\u010dka i predaha. Ne sje\u0107am se da li sam ru\u010dao, nije mi bilo ni bitno, znam samo da sam u\u017eivao u uspjehu i osvojenom vrhu. Sat kasnije napu\u0161tamo Kibo hut, ispred nas je jo\u0161 dobrih 5 sati do Horombo huta na 3720 m iz kojeg smo krenuli ujutro u 6, a vracamo se narednog dana oko 19 h \u0161to je vi\u0161e od 36 h hodanja s kra\u0107im odmorima.<\/p>\n<p style=\"text-align: justify;\">Pred mrak sti\u017eemo u kamp. Slijedi ve\u010dera za\u010dinjena pri\u010dama i smijehom. Nismo gotovo ni\u0161ta pojeli, ali nismo prestajali pri\u010dati o vrhu. Na na\u0161im licima jasno se vidi zadovoljstvo postignutim. Sjedim, slu\u0161am pri\u010de, pa odlutam na vrh. Znam da je Kili do uspona bio samo vrh Afrike, ali sad je on za mene ne\u0161to puno dublje i bli\u017ee. Ne\u0161to \u0161to sam \u0161est dana u\u010dio i upoznavao i na kraju uspje\u0161no polo\u017eio usponom na vrh.<\/p>\n<p style=\"text-align: justify;\">Slu\u017ebeno sam 396 897 \u010dovjek na svijetu koji se popeo na Kilimanjaro prema evidenciji koju vodi Nacionalni park Kilimanjaro i vjerojatno prvi stanovnik Vukovara koji je bio na navedenom vrhu. Zbog svega mi je izuzetno drago \u0161to sam imao \u017eelje, volje i snage za ovakav uspon koji \u0107e u meni ostaviti trajni znak.<\/p>\n<p style=\"text-align: justify;\">Do ponovnog uspona, Igor Miheli\u0107 PD Ravnica iz Vukovara!<\/p>\n<\/div>\n<p>[\/et_pb_text][\/et_pb_column][\/et_pb_row][\/et_pb_section]<\/p>\n","protected":false},"excerpt":{"rendered":"<p>Igor Miheli\u0107, \u010dlan planinarskog dru\u0161tva Ravnica iz Vukovara popeo se na najvi\u0161u to\u010dku Afrike, poznati Uhuru peak na Kilimanjaru visine 5895 m. Nakon godinu dana pripreme i visinske aklimatizacije, u trenucima kada je to bilo mogu\u0107e, ekipa od 20 hrvatskih planinara iz razli\u010ditih krajeva prekrasne na\u0161e u srpnju 2017. uputila se u zanimljivu dr\u017eavu Tanzaniju [&hellip;]<\/p>\n","protected":false},"author":1,"featured_media":0,"comment_status":"closed","ping_status":"open","sticky":false,"template":"","format":"standard","meta":{"_et_pb_use_builder":"on","_et_pb_old_content":"","_et_gb_content_width":"1080","footnotes":""},"categories":[31],"tags":[],"class_list":["post-3710","post","type-post","status-publish","format-standard","hentry","category-31"],"_links":{"self":[{"href":"https:\/\/www.slavonski-planinari.hr\/arhiva\/wp-json\/wp\/v2\/posts\/3710","targetHints":{"allow":["GET"]}}],"collection":[{"href":"https:\/\/www.slavonski-planinari.hr\/arhiva\/wp-json\/wp\/v2\/posts"}],"about":[{"href":"https:\/\/www.slavonski-planinari.hr\/arhiva\/wp-json\/wp\/v2\/types\/post"}],"author":[{"embeddable":true,"href":"https:\/\/www.slavonski-planinari.hr\/arhiva\/wp-json\/wp\/v2\/users\/1"}],"replies":[{"embeddable":true,"href":"https:\/\/www.slavonski-planinari.hr\/arhiva\/wp-json\/wp\/v2\/comments?post=3710"}],"version-history":[{"count":0,"href":"https:\/\/www.slavonski-planinari.hr\/arhiva\/wp-json\/wp\/v2\/posts\/3710\/revisions"}],"wp:attachment":[{"href":"https:\/\/www.slavonski-planinari.hr\/arhiva\/wp-json\/wp\/v2\/media?parent=3710"}],"wp:term":[{"taxonomy":"category","embeddable":true,"href":"https:\/\/www.slavonski-planinari.hr\/arhiva\/wp-json\/wp\/v2\/categories?post=3710"},{"taxonomy":"post_tag","embeddable":true,"href":"https:\/\/www.slavonski-planinari.hr\/arhiva\/wp-json\/wp\/v2\/tags?post=3710"}],"curies":[{"name":"wp","href":"https:\/\/api.w.org\/{rel}","templated":true}]}}