{"id":3687,"date":"2017-06-29T12:59:00","date_gmt":"2017-06-29T11:59:00","guid":{"rendered":"https:\/\/www.slavonski-planinari.hr\/arhiva\/?p=3687"},"modified":"2023-01-16T13:01:49","modified_gmt":"2023-01-16T12:01:49","slug":"petrovo-na-petrovom-vrhu-2","status":"publish","type":"post","link":"https:\/\/www.slavonski-planinari.hr\/arhiva\/petrovo-na-petrovom-vrhu-2\/","title":{"rendered":"Petrovo na Petrovom vrhu"},"content":{"rendered":"<p>[et_pb_section fb_built=&#8221;1&#8243; theme_builder_area=&#8221;post_content&#8221; _builder_version=&#8221;4.19.4&#8243; _module_preset=&#8221;default&#8221;][et_pb_row _builder_version=&#8221;4.19.4&#8243; _module_preset=&#8221;default&#8221; theme_builder_area=&#8221;post_content&#8221;][et_pb_column _builder_version=&#8221;4.19.4&#8243; _module_preset=&#8221;default&#8221; type=&#8221;4_4&#8243; theme_builder_area=&#8221;post_content&#8221;][et_pb_text _builder_version=&#8221;4.19.4&#8243; _module_preset=&#8221;default&#8221; theme_builder_area=&#8221;post_content&#8221; hover_enabled=&#8221;0&#8243; sticky_enabled=&#8221;0&#8243;]<\/p>\n<div class=\"itemIntroText\">\n<p>PD &#8220;Petrov vrh&#8221; Daruvar u suradnji s restoranom Kapelica i ove godine obilje\u017eava svoj dan prigodnom sve\u010dano\u0161\u0107u i planinarskim dru\u017eenjem pod nazivom &#8220;Petrovo na Petrovom vrhu&#8221;.<\/p>\n<\/div>\n<div class=\"itemFullText\">\n<p>Obilje\u017eavanje Dana Dru\u0161tva odr\u017eat \u0107e se u subotu, 1. srpnja a detalje programa pogledajte na najavnom plakatu.<\/p>\n<p><img loading=\"lazy\" decoding=\"async\" src=\"https:\/\/www.slavonski-planinari.hr\/arhiva\/wp-content\/uploads\/2023\/01\/plakatproljece.jpg\" width=\"600\" height=\"856\" alt=\"\" class=\"wp-image-3689 aligncenter size-full\" srcset=\"https:\/\/www.slavonski-planinari.hr\/arhiva\/wp-content\/uploads\/2023\/01\/plakatproljece.jpg 600w, https:\/\/www.slavonski-planinari.hr\/arhiva\/wp-content\/uploads\/2023\/01\/plakatproljece-480x685.jpg 480w\" sizes=\"(min-width: 0px) and (max-width: 480px) 480px, (min-width: 481px) 600px, 100vw\" \/><\/p>\n<\/div>\n<p>[\/et_pb_text][\/et_pb_column][\/et_pb_row][\/et_pb_section]<\/p>\n","protected":false},"excerpt":{"rendered":"<p>PD &#8220;Petrov vrh&#8221; Daruvar u suradnji s restoranom Kapelica i ove godine obilje\u017eava svoj dan prigodnom sve\u010dano\u0161\u0107u i planinarskim dru\u017eenjem pod nazivom &#8220;Petrovo na Petrovom vrhu&#8221;. Obilje\u017eavanje Dana Dru\u0161tva odr\u017eat \u0107e se u subotu, 1. srpnja a detalje programa pogledajte na najavnom plakatu.<\/p>\n","protected":false},"author":1,"featured_media":0,"comment_status":"closed","ping_status":"open","sticky":false,"template":"","format":"standard","meta":{"_et_pb_use_builder":"on","_et_pb_old_content":"","_et_gb_content_width":"1080","footnotes":""},"categories":[31],"tags":[],"class_list":["post-3687","post","type-post","status-publish","format-standard","hentry","category-31"],"_links":{"self":[{"href":"https:\/\/www.slavonski-planinari.hr\/arhiva\/wp-json\/wp\/v2\/posts\/3687","targetHints":{"allow":["GET"]}}],"collection":[{"href":"https:\/\/www.slavonski-planinari.hr\/arhiva\/wp-json\/wp\/v2\/posts"}],"about":[{"href":"https:\/\/www.slavonski-planinari.hr\/arhiva\/wp-json\/wp\/v2\/types\/post"}],"author":[{"embeddable":true,"href":"https:\/\/www.slavonski-planinari.hr\/arhiva\/wp-json\/wp\/v2\/users\/1"}],"replies":[{"embeddable":true,"href":"https:\/\/www.slavonski-planinari.hr\/arhiva\/wp-json\/wp\/v2\/comments?post=3687"}],"version-history":[{"count":0,"href":"https:\/\/www.slavonski-planinari.hr\/arhiva\/wp-json\/wp\/v2\/posts\/3687\/revisions"}],"wp:attachment":[{"href":"https:\/\/www.slavonski-planinari.hr\/arhiva\/wp-json\/wp\/v2\/media?parent=3687"}],"wp:term":[{"taxonomy":"category","embeddable":true,"href":"https:\/\/www.slavonski-planinari.hr\/arhiva\/wp-json\/wp\/v2\/categories?post=3687"},{"taxonomy":"post_tag","embeddable":true,"href":"https:\/\/www.slavonski-planinari.hr\/arhiva\/wp-json\/wp\/v2\/tags?post=3687"}],"curies":[{"name":"wp","href":"https:\/\/api.w.org\/{rel}","templated":true}]}}