{"id":3684,"date":"2017-06-12T12:55:00","date_gmt":"2017-06-12T11:55:00","guid":{"rendered":"https:\/\/www.slavonski-planinari.hr\/arhiva\/?p=3684"},"modified":"2023-01-16T12:59:34","modified_gmt":"2023-01-16T11:59:34","slug":"4-6-08-2017-slet-planinarskog-saveza-federacije-bih","status":"publish","type":"post","link":"https:\/\/www.slavonski-planinari.hr\/arhiva\/4-6-08-2017-slet-planinarskog-saveza-federacije-bih\/","title":{"rendered":"4.-6.08.2017. &#8211; Slet Planinarskog saveza Federacije BiH"},"content":{"rendered":"<p>[et_pb_section fb_built=&#8221;1&#8243; theme_builder_area=&#8221;post_content&#8221; _builder_version=&#8221;4.19.4&#8243; _module_preset=&#8221;default&#8221; custom_padding=&#8221;||478px|||&#8221;][et_pb_row _builder_version=&#8221;4.19.4&#8243; _module_preset=&#8221;default&#8221; theme_builder_area=&#8221;post_content&#8221;][et_pb_column _builder_version=&#8221;4.19.4&#8243; _module_preset=&#8221;default&#8221; type=&#8221;4_4&#8243; theme_builder_area=&#8221;post_content&#8221;][et_pb_text _builder_version=&#8221;4.19.4&#8243; _module_preset=&#8221;default&#8221; theme_builder_area=&#8221;post_content&#8221; hover_enabled=&#8221;0&#8243; sticky_enabled=&#8221;0&#8243;]<\/p>\n<ul>\n<li>04. &#8211; 06.08. pet.-ned. Slet Planinarskog saveza Federacije BiH, Od\u017eak, BiH<br \/>Doma\u0107in Dru\u0161tvo prijatelja prirode Od\u017eak.<\/li>\n<\/ul>\n<p>Uvr\u0161teno na zamolbu dragih prijatelja iz O\u017eaka, rado vi\u0111enih na na\u0161im akcijama.<br \/>(Ivo Lubina Dino \u2013 predsjednik dru\u0161tva, e-mail:<span>\u00a0<\/span><span id=\"cloaka9133d296aa39724ddc7a5b1eeda34ea\"><span id=\"cloak7590270d946b63fa4ecfb8aa7ddba5a4\"><a href=\"mailto:dpp.lipa.odzak@gmail.com\">dpp.lipa.odzak@gmail.com<\/a><\/span><\/span>)<\/p>\n<p>[\/et_pb_text][\/et_pb_column][\/et_pb_row][\/et_pb_section]<\/p>\n","protected":false},"excerpt":{"rendered":"<p>04. &#8211; 06.08. pet.-ned. Slet Planinarskog saveza Federacije BiH, Od\u017eak, BiHDoma\u0107in Dru\u0161tvo prijatelja prirode Od\u017eak. Uvr\u0161teno na zamolbu dragih prijatelja iz O\u017eaka, rado vi\u0111enih na na\u0161im akcijama.(Ivo Lubina Dino \u2013 predsjednik dru\u0161tva, e-mail:\u00a0dpp.lipa.odzak@gmail.com)<\/p>\n","protected":false},"author":1,"featured_media":0,"comment_status":"closed","ping_status":"open","sticky":false,"template":"","format":"standard","meta":{"_et_pb_use_builder":"on","_et_pb_old_content":"","_et_gb_content_width":"1080","footnotes":""},"categories":[31],"tags":[],"class_list":["post-3684","post","type-post","status-publish","format-standard","hentry","category-31"],"_links":{"self":[{"href":"https:\/\/www.slavonski-planinari.hr\/arhiva\/wp-json\/wp\/v2\/posts\/3684","targetHints":{"allow":["GET"]}}],"collection":[{"href":"https:\/\/www.slavonski-planinari.hr\/arhiva\/wp-json\/wp\/v2\/posts"}],"about":[{"href":"https:\/\/www.slavonski-planinari.hr\/arhiva\/wp-json\/wp\/v2\/types\/post"}],"author":[{"embeddable":true,"href":"https:\/\/www.slavonski-planinari.hr\/arhiva\/wp-json\/wp\/v2\/users\/1"}],"replies":[{"embeddable":true,"href":"https:\/\/www.slavonski-planinari.hr\/arhiva\/wp-json\/wp\/v2\/comments?post=3684"}],"version-history":[{"count":0,"href":"https:\/\/www.slavonski-planinari.hr\/arhiva\/wp-json\/wp\/v2\/posts\/3684\/revisions"}],"wp:attachment":[{"href":"https:\/\/www.slavonski-planinari.hr\/arhiva\/wp-json\/wp\/v2\/media?parent=3684"}],"wp:term":[{"taxonomy":"category","embeddable":true,"href":"https:\/\/www.slavonski-planinari.hr\/arhiva\/wp-json\/wp\/v2\/categories?post=3684"},{"taxonomy":"post_tag","embeddable":true,"href":"https:\/\/www.slavonski-planinari.hr\/arhiva\/wp-json\/wp\/v2\/tags?post=3684"}],"curies":[{"name":"wp","href":"https:\/\/api.w.org\/{rel}","templated":true}]}}