{"id":3627,"date":"2017-06-12T12:50:00","date_gmt":"2017-06-12T11:50:00","guid":{"rendered":"https:\/\/www.slavonski-planinari.hr\/arhiva\/?p=3627"},"modified":"2023-01-16T12:54:35","modified_gmt":"2023-01-16T11:54:35","slug":"antunovski-piknik-foto","status":"publish","type":"post","link":"https:\/\/www.slavonski-planinari.hr\/arhiva\/antunovski-piknik-foto\/","title":{"rendered":"Antunovski piknik [FOTO]"},"content":{"rendered":"<p>[et_pb_section fb_built=&#8221;1&#8243; theme_builder_area=&#8221;post_content&#8221; _builder_version=&#8221;4.19.4&#8243; _module_preset=&#8221;default&#8221;][et_pb_row _builder_version=&#8221;4.19.4&#8243; _module_preset=&#8221;default&#8221; theme_builder_area=&#8221;post_content&#8221;][et_pb_column _builder_version=&#8221;4.19.4&#8243; _module_preset=&#8221;default&#8221; type=&#8221;4_4&#8243; theme_builder_area=&#8221;post_content&#8221;][et_pb_text _builder_version=&#8221;4.19.4&#8243; _module_preset=&#8221;default&#8221; theme_builder_area=&#8221;post_content&#8221; hover_enabled=&#8221;0&#8243; sticky_enabled=&#8221;0&#8243;]<\/p>\n<div class=\"itemIntroText\">\n<p style=\"text-align: justify;\">Ovo je 24. Antunovski piknik, a odr\u017ean je u nedjelju 11.lipnja na izleti\u0161tu Paulinovac.<\/p>\n<p style=\"text-align: justify;\">Okupilo se oko 150\u00a0 planinara iz dvanaest planinarskih dru\u0161tava iz lijepe na\u0161e.<\/p>\n<\/div>\n<div class=\"itemFullText\">\n<p style=\"text-align: justify;\">Piknik je u sklopu proslave Dana grada Na\u0161ice, te proslave\u00a0 95 godina planinarstva, a i\u00a0 55 godina PD &#8220;Krndija&#8221; Na\u0161ice. Ovo je i prigoda za 60. obljetnicu Slavonskog planinarskog puta (SPP) koji je upravo zapo\u010deo iz Lond\u017eice kroz koju prolazi jedna od staza ovogodi\u0161njeg Antunovskog piknika.<\/p>\n<p style=\"text-align: justify;\">Doma\u0107in nas do\u010dekuje sa masnim kruhom s paprikom, doma\u0107om rakijom.<\/p>\n<p style=\"text-align: justify;\">Sve nazo\u010dne pozdravio je predsjednik dru\u0161tva Hrvoje Tr\u017ei\u0107 i pozvao na sredi\u0161nju proslavu na kojoj \u0107e biti renomirana imena hrvatskog planinarstva kao predava\u010di i gosti. Potvr\u0111eno je da im dolazi Alan \u010caplar, Nikola Horvat, a nadaju se da \u0107e im se i ovog puta odazvati Stipe Bo\u017ei\u0107 \u2013 koji je pro\u0161le godine bio i odu\u0161evio punu dvoranu svojom pri\u010dom i knjigom. Nakon pozdravnih rije\u010di kre\u0107emo na hodanja.<\/p>\n<p style=\"text-align: justify;\"><strong>Prva staza<\/strong><span>\u00a0<\/span>je oko 2 sata hoda : Paulinovca \u2013\u00a0 Bedemgrada \u2013 Paulinovac. Doma\u0107ini su u suradnji sa Zavi\u010dajnim muzejom grada Na\u0161ice priredili su nam kratko predavanje o povijesti Bedemgrada na Bedemgradu.<\/p>\n<p style=\"text-align: justify;\"><strong>Druga staza<\/strong><span>\u00a0<\/span>je oko 4 sata hoda Paulinovac- Lond\u017eica \u2013 Ivine vode \u2013Paulinovac. S druge staze manja grupa planinara je produ\u017eila hod prema Bedemgradu i vratila se na Paulinovac tako da su hodali 5 sati.<\/p>\n<p style=\"text-align: justify;\">Vrijeme je krasno, staza lagana,\u00a0 uz ugodan vjetri\u0107, a imali smo priliku da putem beremo \u0161umske jagode.<\/p>\n<p style=\"text-align: justify;\">Nakon povratka na Paulinovac doma\u0107in je za sve skuhao planinarski grah, a bila je i ponuda s ro\u0161tilja, te je svatko mogao birati jesti \u0161to voli. Nastavljamo dru\u017eenje uz \u017eivu glazbu , ples, pi\u0107e i kola\u010de.<\/p>\n<p style=\"text-align: justify;\">Svim gostima su uru\u010dene zahvalnice za sudjelovanje.\u00a0 Zavi\u010dajni muzej grada Na\u0161ice nazo\u010dnim planinarima je podijelio knjigu &#8211; \u010cOVJEK U PROSTORU I PROSTOR KROZ VRIJEME\u00a0 \/\u00a0 ODNOS \u010cOVJEKE I PROSTORA U SVJETLU ISTRA\u017dIVANJA NA\u0160I\u010cKOG KRAJA.<\/p>\n<p style=\"text-align: justify;\">Tako smo se mi lijepo dru\u017eili do sedamnaest sati, te se pozdravljamo sa doma\u0107inima i odlazimo ku\u0107i.<\/p>\n<p style=\"text-align: right;\">Tekst i foto: Mila Andri\u0107<\/p>\n<\/div>\n<p>[\/et_pb_text][et_pb_gallery _builder_version=&#8221;4.19.4&#8243; _module_preset=&#8221;default&#8221; theme_builder_area=&#8221;post_content&#8221; gallery_ids=&#8221;3629,3630,3631,3632,3633,3634,3635,3636,3637,3638,3639,3640,3641,3642,3643,3644,3645,3646,3647,3648,3649,3650,3651,3652,3653,3654,3655,3656,3657,3658,3659,3660,3661,3662,3663,3664,3665,3666,3667,3668,3669,3670,3671,3672,3673,3674,3675,3676,3677,3678,3679,3680,3681&#8243; posts_number=&#8221;58&#8243; show_title_and_caption=&#8221;off&#8221; hover_enabled=&#8221;0&#8243; sticky_enabled=&#8221;0&#8243;][\/et_pb_gallery][\/et_pb_column][\/et_pb_row][\/et_pb_section]<\/p>\n","protected":false},"excerpt":{"rendered":"<p>Ovo je 24. Antunovski piknik, a odr\u017ean je u nedjelju 11.lipnja na izleti\u0161tu Paulinovac. Okupilo se oko 150\u00a0 planinara iz dvanaest planinarskih dru\u0161tava iz lijepe na\u0161e. Piknik je u sklopu proslave Dana grada Na\u0161ice, te proslave\u00a0 95 godina planinarstva, a i\u00a0 55 godina PD &#8220;Krndija&#8221; Na\u0161ice. Ovo je i prigoda za 60. obljetnicu Slavonskog planinarskog [&hellip;]<\/p>\n","protected":false},"author":1,"featured_media":0,"comment_status":"closed","ping_status":"open","sticky":false,"template":"","format":"standard","meta":{"_et_pb_use_builder":"on","_et_pb_old_content":"","_et_gb_content_width":"1080","footnotes":""},"categories":[31],"tags":[],"class_list":["post-3627","post","type-post","status-publish","format-standard","hentry","category-31"],"_links":{"self":[{"href":"https:\/\/www.slavonski-planinari.hr\/arhiva\/wp-json\/wp\/v2\/posts\/3627","targetHints":{"allow":["GET"]}}],"collection":[{"href":"https:\/\/www.slavonski-planinari.hr\/arhiva\/wp-json\/wp\/v2\/posts"}],"about":[{"href":"https:\/\/www.slavonski-planinari.hr\/arhiva\/wp-json\/wp\/v2\/types\/post"}],"author":[{"embeddable":true,"href":"https:\/\/www.slavonski-planinari.hr\/arhiva\/wp-json\/wp\/v2\/users\/1"}],"replies":[{"embeddable":true,"href":"https:\/\/www.slavonski-planinari.hr\/arhiva\/wp-json\/wp\/v2\/comments?post=3627"}],"version-history":[{"count":0,"href":"https:\/\/www.slavonski-planinari.hr\/arhiva\/wp-json\/wp\/v2\/posts\/3627\/revisions"}],"wp:attachment":[{"href":"https:\/\/www.slavonski-planinari.hr\/arhiva\/wp-json\/wp\/v2\/media?parent=3627"}],"wp:term":[{"taxonomy":"category","embeddable":true,"href":"https:\/\/www.slavonski-planinari.hr\/arhiva\/wp-json\/wp\/v2\/categories?post=3627"},{"taxonomy":"post_tag","embeddable":true,"href":"https:\/\/www.slavonski-planinari.hr\/arhiva\/wp-json\/wp\/v2\/tags?post=3627"}],"curies":[{"name":"wp","href":"https:\/\/api.w.org\/{rel}","templated":true}]}}