{"id":3607,"date":"2017-06-01T12:41:00","date_gmt":"2017-06-01T11:41:00","guid":{"rendered":"https:\/\/www.slavonski-planinari.hr\/arhiva\/?p=3607"},"modified":"2023-01-16T12:43:50","modified_gmt":"2023-01-16T11:43:50","slug":"in-memoriam-ivan-vucak-buco-1950-2017","status":"publish","type":"post","link":"https:\/\/www.slavonski-planinari.hr\/arhiva\/in-memoriam-ivan-vucak-buco-1950-2017\/","title":{"rendered":"In memoriam: Ivan Vu\u010dak &#8211; Buco (1950.\u2013 2017.)"},"content":{"rendered":"<p>[et_pb_section fb_built=&#8221;1&#8243; theme_builder_area=&#8221;post_content&#8221; _builder_version=&#8221;4.19.4&#8243; _module_preset=&#8221;default&#8221;][et_pb_row _builder_version=&#8221;4.19.4&#8243; _module_preset=&#8221;default&#8221; theme_builder_area=&#8221;post_content&#8221;][et_pb_column _builder_version=&#8221;4.19.4&#8243; _module_preset=&#8221;default&#8221; type=&#8221;4_4&#8243; theme_builder_area=&#8221;post_content&#8221;][et_pb_text _builder_version=&#8221;4.19.4&#8243; _module_preset=&#8221;default&#8221; theme_builder_area=&#8221;post_content&#8221; hover_enabled=&#8221;0&#8243; sticky_enabled=&#8221;0&#8243;]<\/p>\n<div class=\"itemIntroText\">\n<p style=\"text-align: justify;\"><img loading=\"lazy\" decoding=\"async\" src=\"https:\/\/www.slavonski-planinari.hr\/arhiva\/wp-content\/uploads\/2023\/01\/buco1.jpg\" width=\"143\" height=\"95\" alt=\"\" class=\"wp-image-3609 alignleft size-full\" \/>Govoriti o Buci planinaru nije jednostavno. Sigurno je puno slika, planinarskih pri\u010da i sje\u0107anja ponio sa sobom. Njegovi prijatelji, suputnici i partneri iz naveza pomogli su da saznamo pone\u0161to gdje je Buco bio i \u0161to pro\u017eivio.<\/p>\n<\/div>\n<div class=\"itemFullText\">\n<p style=\"text-align: justify;\">Rodio se u Osijeku, osnovnu \u0161kolu i gimnaziju zavr\u0161io u rodom gradu, a Pravni fakultet u Zagrebu. Planinariti je po\u010deo 1978. godine sa suprugom Davorkom i sinom Tomislavom, gdje drugdje nego na Jankovcu.<\/p>\n<p style=\"text-align: justify;\">Za njega je boravak u planini bio samo razlog da bolje upozna krajeve i ljude koji tamo \u017eive. \u010cesto je na svojim putovanjima boravio u sredinama siroma\u0161nih doma\u0107ina, ali je ipak s njima dijelio i hranu i le\u017eaj i prijevozno sredstvo, a probao je u\u0107i i njihovu kulturu, obi\u010daje.<\/p>\n<p style=\"text-align: justify;\">Bucin je planinarski put neobi\u010dan, sjetimo se samo onoga \u0161to je prepoznatljivo \u0161iroj planinarskoj zajednici:<\/p>\n<p style=\"text-align: justify;\">Po\u010detkom osamdesetih formira se alpinisti\u010dka jezgra u PD Jankovac, s mladim Mariom Poljakom na \u010delu. Usporedno Buco predvodi ne\u0161to stariju grupu alpinista i visokogoraca s ambicijama za uspone u visokim svjetskim gorjima. Prvi takav cilj: Ju\u017ena Amerika, Ande u Peruu \u2013 Huascaran Norte (6655 m). U ljeto 1983. vrh je osvojen, u navezu Ivan Vu\u010dak &#8211; Buco i Dubravko Marjanovi\u0107 &#8211; Doc. Bila je to prva alpinisti\u010dka ekspedicija iz Slavonije, poticaj i drugim slavoncima, no donekle usporedivi rezultati su uslijedili tek poslije dobrih desetak godina. Do danas, 34 godine kasnije, samo se 6 slavonskih planinara popelo na ve\u0107u visinu od Buce.<\/p>\n<p style=\"text-align: justify;\"><img loading=\"lazy\" decoding=\"async\" src=\"https:\/\/www.slavonski-planinari.hr\/arhiva\/wp-content\/uploads\/2023\/01\/buco2.jpg\" width=\"500\" height=\"692\" alt=\"\" class=\"wp-image-3610 aligncenter size-full\" srcset=\"https:\/\/www.slavonski-planinari.hr\/arhiva\/wp-content\/uploads\/2023\/01\/buco2.jpg 500w, https:\/\/www.slavonski-planinari.hr\/arhiva\/wp-content\/uploads\/2023\/01\/buco2-480x664.jpg 480w\" sizes=\"(min-width: 0px) and (max-width: 480px) 480px, (min-width: 481px) 500px, 100vw\" \/><\/p>\n<p style=\"text-align: justify;\">U novogodi\u0161njoj no\u0107i 1986. \/87. , izgorio je planinarski dom na Jankovcu. Buco je izabran na mjesto predsjednika PD Jankovac, a ubrzo se osniva Koordinacijski odbor za obnovu doma, na \u010delu sa predsjednikom Vladimirom Tomi\u0107em. Predsjednik Dru\u0161tva koordinira izme\u0111u Odbora i Dru\u0161tva \u2013 u stvarnosti, Buco je motor koji obnavlja dom.<\/p>\n<p style=\"text-align: justify;\">Radovi su zapo\u010deli po\u010detkom svibnja 1987.g., a ve\u0107 27. prosinca 1987. dom je uz skromnu sve\u010danost otvoren. Nije to bila samo obnova nego i potpuna rekonstrukcija kojom je dom dobio izgled kakvog danas poznajemo.<\/p>\n<p style=\"text-align: justify;\">Prva slavonska visokogorska ekspedicija na Kavkaz se organizira 1990. Buco je zamjenik vo\u0111e ekspedicije i vo\u0111a uspona. Uspon na vrh Elbrus je djelomi\u010dno uspio jer se pri vrhu dogodila nesre\u0107a tako da su na\u0161i \u010dlanovi odustali od uspona radi spa\u0161avanja \u017eivota stradalih njema\u010dkih planinara. Buci je to bio zadnji veliki uspon. Cjelokupni do\u017eivljaj ekspedicije u Peru 1983. cijenio je ipak vi\u0161e od svih ostalih putovanja.<\/p>\n<p style=\"text-align: justify;\">Dobitnik je je priznanja Slavonskog planinarskog saveza \u201eDragutin Lerman\u201c za 1988. godinu a tako\u0111er i 1990., kao sudionik ekspedicije Kavkaz &#8217;90.<\/p>\n<p style=\"text-align: justify;\">Bucin prijatelj, partner iz naveza s Huascarana, Dubravko Marjanovi\u0107- Doc, u ime svih planinara se opra\u0161ta od na\u0161eg prijatelja rije\u010dima:<\/p>\n<p style=\"text-align: center;\"><em><strong>Danas u 9;12, napustio je tijelo Ivan Vu\u010dak Buco.<\/strong><\/em><\/p>\n<p style=\"text-align: center;\"><strong><em>Sunce se di\u017ee, Mjesec se puni, a dan se du\u017ei &#8211; izvrsno vrijeme za polazak prema Bhagavad giti.<\/em><\/strong><\/p>\n<p style=\"text-align: center;\"><strong><em>Sretan ti put!<\/em><\/strong><\/p>\n<p style=\"text-align: justify;\">Pogreb je 02.06.2017. (petak) u 11:30 sati na Novogradskom groblju (kod OLT-a).<\/p>\n<p style=\"text-align: justify;\">Po\u010divao u miru Bo\u017ejem!<\/p>\n<\/div>\n<p>[\/et_pb_text][\/et_pb_column][\/et_pb_row][\/et_pb_section]<\/p>\n","protected":false},"excerpt":{"rendered":"<p>Govoriti o Buci planinaru nije jednostavno. Sigurno je puno slika, planinarskih pri\u010da i sje\u0107anja ponio sa sobom. Njegovi prijatelji, suputnici i partneri iz naveza pomogli su da saznamo pone\u0161to gdje je Buco bio i \u0161to pro\u017eivio. Rodio se u Osijeku, osnovnu \u0161kolu i gimnaziju zavr\u0161io u rodom gradu, a Pravni fakultet u Zagrebu. Planinariti je [&hellip;]<\/p>\n","protected":false},"author":1,"featured_media":0,"comment_status":"closed","ping_status":"open","sticky":false,"template":"","format":"standard","meta":{"_et_pb_use_builder":"on","_et_pb_old_content":"","_et_gb_content_width":"1080","footnotes":""},"categories":[31],"tags":[],"class_list":["post-3607","post","type-post","status-publish","format-standard","hentry","category-31"],"_links":{"self":[{"href":"https:\/\/www.slavonski-planinari.hr\/arhiva\/wp-json\/wp\/v2\/posts\/3607","targetHints":{"allow":["GET"]}}],"collection":[{"href":"https:\/\/www.slavonski-planinari.hr\/arhiva\/wp-json\/wp\/v2\/posts"}],"about":[{"href":"https:\/\/www.slavonski-planinari.hr\/arhiva\/wp-json\/wp\/v2\/types\/post"}],"author":[{"embeddable":true,"href":"https:\/\/www.slavonski-planinari.hr\/arhiva\/wp-json\/wp\/v2\/users\/1"}],"replies":[{"embeddable":true,"href":"https:\/\/www.slavonski-planinari.hr\/arhiva\/wp-json\/wp\/v2\/comments?post=3607"}],"version-history":[{"count":0,"href":"https:\/\/www.slavonski-planinari.hr\/arhiva\/wp-json\/wp\/v2\/posts\/3607\/revisions"}],"wp:attachment":[{"href":"https:\/\/www.slavonski-planinari.hr\/arhiva\/wp-json\/wp\/v2\/media?parent=3607"}],"wp:term":[{"taxonomy":"category","embeddable":true,"href":"https:\/\/www.slavonski-planinari.hr\/arhiva\/wp-json\/wp\/v2\/categories?post=3607"},{"taxonomy":"post_tag","embeddable":true,"href":"https:\/\/www.slavonski-planinari.hr\/arhiva\/wp-json\/wp\/v2\/tags?post=3607"}],"curies":[{"name":"wp","href":"https:\/\/api.w.org\/{rel}","templated":true}]}}