{"id":3602,"date":"2017-05-29T12:37:00","date_gmt":"2017-05-29T11:37:00","guid":{"rendered":"https:\/\/www.slavonski-planinari.hr\/arhiva\/?p=3602"},"modified":"2023-01-16T12:40:53","modified_gmt":"2023-01-16T11:40:53","slug":"14-planinarski-pohod-lipanj-u-lipiku","status":"publish","type":"post","link":"https:\/\/www.slavonski-planinari.hr\/arhiva\/14-planinarski-pohod-lipanj-u-lipiku\/","title":{"rendered":"14. planinarski pohod Lipanj u Lipiku"},"content":{"rendered":"<p>[et_pb_section fb_built=&#8221;1&#8243; theme_builder_area=&#8221;post_content&#8221; _builder_version=&#8221;4.19.4&#8243; _module_preset=&#8221;default&#8221;][et_pb_row _builder_version=&#8221;4.19.4&#8243; _module_preset=&#8221;default&#8221; theme_builder_area=&#8221;post_content&#8221;][et_pb_column _builder_version=&#8221;4.19.4&#8243; _module_preset=&#8221;default&#8221; type=&#8221;4_4&#8243; theme_builder_area=&#8221;post_content&#8221;][et_pb_text _builder_version=&#8221;4.19.4&#8243; _module_preset=&#8221;default&#8221; theme_builder_area=&#8221;post_content&#8221; hover_enabled=&#8221;0&#8243; sticky_enabled=&#8221;0&#8243;]<\/p>\n<div class=\"itemIntroText\">\n<p style=\"text-align: justify;\"><img loading=\"lazy\" decoding=\"async\" src=\"https:\/\/www.slavonski-planinari.hr\/arhiva\/wp-content\/uploads\/2023\/01\/lipik17m.jpg\" width=\"137\" height=\"91\" alt=\"\" class=\"wp-image-3605 alignleft size-full\" \/>Pozivamo vas da nam se pridru\u017eite na 14. planinarskom pohodu &#8220;Lipanj u Lipiku&#8221; tijekom kojeg \u0107emo slu\u017ebeno otvoriti novoozna\u010denu planinarsku stazu od zaseoka Skenderovci do ostataka zidina srednjovjekovne utvrde Bijela Stijena.<\/p>\n<p style=\"text-align: justify;\">\n<\/div>\n<div class=\"itemFullText\">\n<p style=\"text-align: justify;\">Tako\u0111er se nadamo da \u0107ete se nastaviti dru\u017eiti s nama na zajedni\u010dkom ru\u010dku uz zabavu u perivoju Lipika gdje \u0107e se u to vrijeme odr\u017eavati Dani zdravlja, rekreacije i zdrave prehrane.<\/p>\n<p style=\"text-align: justify;\">Pohod \u0107e se odr\u017eati u nedjelju, 11. lipnja 2017. godine, a detalje programa pogledajte u pozivnici:<\/p>\n<p style=\"text-align: justify;\"><img loading=\"lazy\" decoding=\"async\" src=\"https:\/\/www.slavonski-planinari.hr\/arhiva\/wp-content\/uploads\/2023\/01\/lipik17.jpg\" width=\"500\" height=\"727\" alt=\"\" class=\"wp-image-3604 aligncenter size-full\" srcset=\"https:\/\/www.slavonski-planinari.hr\/arhiva\/wp-content\/uploads\/2023\/01\/lipik17.jpg 500w, https:\/\/www.slavonski-planinari.hr\/arhiva\/wp-content\/uploads\/2023\/01\/lipik17-480x698.jpg 480w\" sizes=\"(min-width: 0px) and (max-width: 480px) 480px, (min-width: 481px) 500px, 100vw\" \/><\/p>\n<\/div>\n<p>[\/et_pb_text][\/et_pb_column][\/et_pb_row][\/et_pb_section]<\/p>\n","protected":false},"excerpt":{"rendered":"<p>Pozivamo vas da nam se pridru\u017eite na 14. planinarskom pohodu &#8220;Lipanj u Lipiku&#8221; tijekom kojeg \u0107emo slu\u017ebeno otvoriti novoozna\u010denu planinarsku stazu od zaseoka Skenderovci do ostataka zidina srednjovjekovne utvrde Bijela Stijena. Tako\u0111er se nadamo da \u0107ete se nastaviti dru\u017eiti s nama na zajedni\u010dkom ru\u010dku uz zabavu u perivoju Lipika gdje \u0107e se u to vrijeme [&hellip;]<\/p>\n","protected":false},"author":1,"featured_media":0,"comment_status":"closed","ping_status":"open","sticky":false,"template":"","format":"standard","meta":{"_et_pb_use_builder":"on","_et_pb_old_content":"","_et_gb_content_width":"1080","footnotes":""},"categories":[31],"tags":[],"class_list":["post-3602","post","type-post","status-publish","format-standard","hentry","category-31"],"_links":{"self":[{"href":"https:\/\/www.slavonski-planinari.hr\/arhiva\/wp-json\/wp\/v2\/posts\/3602","targetHints":{"allow":["GET"]}}],"collection":[{"href":"https:\/\/www.slavonski-planinari.hr\/arhiva\/wp-json\/wp\/v2\/posts"}],"about":[{"href":"https:\/\/www.slavonski-planinari.hr\/arhiva\/wp-json\/wp\/v2\/types\/post"}],"author":[{"embeddable":true,"href":"https:\/\/www.slavonski-planinari.hr\/arhiva\/wp-json\/wp\/v2\/users\/1"}],"replies":[{"embeddable":true,"href":"https:\/\/www.slavonski-planinari.hr\/arhiva\/wp-json\/wp\/v2\/comments?post=3602"}],"version-history":[{"count":0,"href":"https:\/\/www.slavonski-planinari.hr\/arhiva\/wp-json\/wp\/v2\/posts\/3602\/revisions"}],"wp:attachment":[{"href":"https:\/\/www.slavonski-planinari.hr\/arhiva\/wp-json\/wp\/v2\/media?parent=3602"}],"wp:term":[{"taxonomy":"category","embeddable":true,"href":"https:\/\/www.slavonski-planinari.hr\/arhiva\/wp-json\/wp\/v2\/categories?post=3602"},{"taxonomy":"post_tag","embeddable":true,"href":"https:\/\/www.slavonski-planinari.hr\/arhiva\/wp-json\/wp\/v2\/tags?post=3602"}],"curies":[{"name":"wp","href":"https:\/\/api.w.org\/{rel}","templated":true}]}}