{"id":3574,"date":"2017-05-17T12:27:00","date_gmt":"2017-05-17T11:27:00","guid":{"rendered":"https:\/\/www.slavonski-planinari.hr\/arhiva\/?p=3574"},"modified":"2023-01-16T12:29:06","modified_gmt":"2023-01-16T11:29:06","slug":"24-antunovski-piknik","status":"publish","type":"post","link":"https:\/\/www.slavonski-planinari.hr\/arhiva\/24-antunovski-piknik\/","title":{"rendered":"24. Antunovski piknik"},"content":{"rendered":"<p>[et_pb_section fb_built=&#8221;1&#8243; theme_builder_area=&#8221;post_content&#8221; _builder_version=&#8221;4.19.4&#8243; _module_preset=&#8221;default&#8221;][et_pb_row _builder_version=&#8221;4.19.4&#8243; _module_preset=&#8221;default&#8221; theme_builder_area=&#8221;post_content&#8221;][et_pb_column _builder_version=&#8221;4.19.4&#8243; _module_preset=&#8221;default&#8221; type=&#8221;4_4&#8243; theme_builder_area=&#8221;post_content&#8221;][et_pb_text _builder_version=&#8221;4.19.4&#8243; _module_preset=&#8221;default&#8221; theme_builder_area=&#8221;post_content&#8221; hover_enabled=&#8221;0&#8243; sticky_enabled=&#8221;0&#8243;]<\/p>\n<div class=\"itemIntroText\">\n<p style=\"text-align: justify;\">\u010cast i zadovoljstvo nam je pozvati Vas ovim putem na na\u0161u tradicionalnu manifestaciju, 24. Antunovski piknik koji se odr\u017eava povodom Dana grada Na\u0161ica na izleti\u0161tu Paulinovac na Krndiji, 11. lipnja u nedjelju.<\/p>\n<\/div>\n<div class=\"itemFullText\">\n<p style=\"text-align: justify;\">Okupljanje je do 9 sati kada se kre\u0107e na staze.<\/p>\n<p style=\"text-align: justify;\">Molimo Vas da se po dolasku obavezno prijavite, a budu\u0107i da se ova planinarska godina u Na\u0161icama obilje\u017eava kao 95-ta godina planinarstva i 55. godina od osnutka PD &#8220;Krndija&#8221; Na\u0161ice, \u010dekaju Vas i prigodni pe\u010dat manifestacije kao i prigodna kartica s mjestom za \u017eig koja \u0107e se prodavati po cijeni od 5 kn.<\/p>\n<p style=\"text-align: justify;\">Pi\u0107e \u0107e biti u ponudi i kod pl. ku\u0107e &#8220;Krndija&#8221; u Lond\u017eici i na Bedemgradu. Svim gostima nakon hoda\u010dkih tura bit \u0107e uru\u010dene zahvalnice.<\/p>\n<p style=\"text-align: justify;\">Nakon obilaska staza, uprili\u010dit \u0107emo dru\u017eenje uz planinarski grah, glazbu i pi\u0107e po promotivnim cijenama.<\/p>\n<p style=\"text-align: justify;\">\u017deljno Vas i\u0161\u010dekujemo na na\u0161oj lijepoj Krndiji uz srda\u010dan planinarski pozdrav.<\/p>\n<p style=\"text-align: justify;\">Detalji su u slu\u017ebenom plakatu.<\/p>\n<p style=\"text-align: justify;\"><img loading=\"lazy\" decoding=\"async\" src=\"https:\/\/www.slavonski-planinari.hr\/arhiva\/wp-content\/uploads\/2023\/01\/antunovski17-v.jpg\" width=\"500\" height=\"707\" alt=\"\" class=\"wp-image-3576 aligncenter size-full\" srcset=\"https:\/\/www.slavonski-planinari.hr\/arhiva\/wp-content\/uploads\/2023\/01\/antunovski17-v.jpg 500w, https:\/\/www.slavonski-planinari.hr\/arhiva\/wp-content\/uploads\/2023\/01\/antunovski17-v-480x679.jpg 480w\" sizes=\"(min-width: 0px) and (max-width: 480px) 480px, (min-width: 481px) 500px, 100vw\" \/><\/p>\n<p style=\"text-align: right;\">Hrvoje Tr\u017ei\u0107, predsjednik PD &#8220;Krndija&#8221; Na\u0161ice<\/p>\n<\/div>\n<p>[\/et_pb_text][\/et_pb_column][\/et_pb_row][\/et_pb_section]<\/p>\n","protected":false},"excerpt":{"rendered":"<p>\u010cast i zadovoljstvo nam je pozvati Vas ovim putem na na\u0161u tradicionalnu manifestaciju, 24. Antunovski piknik koji se odr\u017eava povodom Dana grada Na\u0161ica na izleti\u0161tu Paulinovac na Krndiji, 11. lipnja u nedjelju. Okupljanje je do 9 sati kada se kre\u0107e na staze. Molimo Vas da se po dolasku obavezno prijavite, a budu\u0107i da se ova [&hellip;]<\/p>\n","protected":false},"author":1,"featured_media":0,"comment_status":"closed","ping_status":"open","sticky":false,"template":"","format":"standard","meta":{"_et_pb_use_builder":"on","_et_pb_old_content":"","_et_gb_content_width":"1080","footnotes":""},"categories":[31],"tags":[],"class_list":["post-3574","post","type-post","status-publish","format-standard","hentry","category-31"],"_links":{"self":[{"href":"https:\/\/www.slavonski-planinari.hr\/arhiva\/wp-json\/wp\/v2\/posts\/3574","targetHints":{"allow":["GET"]}}],"collection":[{"href":"https:\/\/www.slavonski-planinari.hr\/arhiva\/wp-json\/wp\/v2\/posts"}],"about":[{"href":"https:\/\/www.slavonski-planinari.hr\/arhiva\/wp-json\/wp\/v2\/types\/post"}],"author":[{"embeddable":true,"href":"https:\/\/www.slavonski-planinari.hr\/arhiva\/wp-json\/wp\/v2\/users\/1"}],"replies":[{"embeddable":true,"href":"https:\/\/www.slavonski-planinari.hr\/arhiva\/wp-json\/wp\/v2\/comments?post=3574"}],"version-history":[{"count":0,"href":"https:\/\/www.slavonski-planinari.hr\/arhiva\/wp-json\/wp\/v2\/posts\/3574\/revisions"}],"wp:attachment":[{"href":"https:\/\/www.slavonski-planinari.hr\/arhiva\/wp-json\/wp\/v2\/media?parent=3574"}],"wp:term":[{"taxonomy":"category","embeddable":true,"href":"https:\/\/www.slavonski-planinari.hr\/arhiva\/wp-json\/wp\/v2\/categories?post=3574"},{"taxonomy":"post_tag","embeddable":true,"href":"https:\/\/www.slavonski-planinari.hr\/arhiva\/wp-json\/wp\/v2\/tags?post=3574"}],"curies":[{"name":"wp","href":"https:\/\/api.w.org\/{rel}","templated":true}]}}