{"id":3569,"date":"2017-05-17T12:25:00","date_gmt":"2017-05-17T11:25:00","guid":{"rendered":"https:\/\/www.slavonski-planinari.hr\/arhiva\/?p=3569"},"modified":"2023-01-16T12:27:23","modified_gmt":"2023-01-16T11:27:23","slug":"12-viroviticki-susret-planinara","status":"publish","type":"post","link":"https:\/\/www.slavonski-planinari.hr\/arhiva\/12-viroviticki-susret-planinara\/","title":{"rendered":"12. viroviti\u010dki susret planinara"},"content":{"rendered":"<p>[et_pb_section fb_built=&#8221;1&#8243; _builder_version=&#8221;4.19.4&#8243; _module_preset=&#8221;default&#8221; custom_padding=&#8221;||199px|||&#8221; global_colors_info=&#8221;{}&#8221;][et_pb_row _builder_version=&#8221;4.19.4&#8243; _module_preset=&#8221;default&#8221; global_colors_info=&#8221;{}&#8221;][et_pb_column type=&#8221;4_4&#8243; _builder_version=&#8221;4.19.4&#8243; _module_preset=&#8221;default&#8221; global_colors_info=&#8221;{}&#8221;][et_pb_text _builder_version=&#8221;4.19.4&#8243; _module_preset=&#8221;default&#8221; hover_enabled=&#8221;0&#8243; global_colors_info=&#8221;{}&#8221; sticky_enabled=&#8221;0&#8243;]<\/p>\n<div class=\"itemIntroText\">\n<p><img loading=\"lazy\" decoding=\"async\" src=\"https:\/\/www.slavonski-planinari.hr\/arhiva\/wp-content\/uploads\/2023\/01\/susret-ribnjaci.jpg\" width=\"144\" height=\"117\" alt=\"\" class=\"wp-image-3572 alignleft size-full\" \/>Dragi prijatelji! Na\u0161e dru\u0161tvo Vas poziva da nam se pridru\u017eite na obilje\u017eavanju susreta i upoznate viroviti\u010dki dio Bilogore pod nazivom 12. viroviti\u010dki susret planinara, koji \u0107e se odr\u017eati u nedjelju 4.6.2017.godine.<\/p>\n<\/div>\n<div class=\"itemFullText\">\n<p>Staze nisu zahtjevne i prilago\u0111ene su svim uzrastima.<\/p>\n<p>Program susreta:<\/p>\n<ul>\n<li>Okupljanje kod planinarske ku\u0107e Brusovi od 09:00 do 09:30 sati.<\/li>\n<li>U 09:30 sati polazak na du\u017eu stazu (4 sata).<\/li>\n<li>U 09:45 sati polazak na kra\u0107u stazu (2,30 sata).<\/li>\n<li>Ru\u010dak od 12:30 i dru\u017eenje uz muziku.<\/li>\n<\/ul>\n<p>Molimo da Va\u0161 dolazak prijavite do 2.6.2017. godine na broj mobitela 098 1684839(Vlado).<\/p>\n<p>Radujemo se Va\u0161em dolasku.<\/p>\n<p style=\"text-align: right;\">IZVR\u0160NI ODBOR HPD-a PAPUK<\/p>\n<\/div>\n<p>[\/et_pb_text][\/et_pb_column][\/et_pb_row][\/et_pb_section]<\/p>\n","protected":false},"excerpt":{"rendered":"<p>Dragi prijatelji! Na\u0161e dru\u0161tvo Vas poziva da nam se pridru\u017eite na obilje\u017eavanju susreta i upoznate viroviti\u010dki dio Bilogore pod nazivom 12. viroviti\u010dki susret planinara, koji \u0107e se odr\u017eati u nedjelju 4.6.2017.godine. Staze nisu zahtjevne i prilago\u0111ene su svim uzrastima. Program susreta: Okupljanje kod planinarske ku\u0107e Brusovi od 09:00 do 09:30 sati. U 09:30 sati polazak [&hellip;]<\/p>\n","protected":false},"author":1,"featured_media":0,"comment_status":"closed","ping_status":"open","sticky":false,"template":"","format":"standard","meta":{"_et_pb_use_builder":"on","_et_pb_old_content":"","_et_gb_content_width":"1080","footnotes":""},"categories":[31],"tags":[],"class_list":["post-3569","post","type-post","status-publish","format-standard","hentry","category-31"],"_links":{"self":[{"href":"https:\/\/www.slavonski-planinari.hr\/arhiva\/wp-json\/wp\/v2\/posts\/3569","targetHints":{"allow":["GET"]}}],"collection":[{"href":"https:\/\/www.slavonski-planinari.hr\/arhiva\/wp-json\/wp\/v2\/posts"}],"about":[{"href":"https:\/\/www.slavonski-planinari.hr\/arhiva\/wp-json\/wp\/v2\/types\/post"}],"author":[{"embeddable":true,"href":"https:\/\/www.slavonski-planinari.hr\/arhiva\/wp-json\/wp\/v2\/users\/1"}],"replies":[{"embeddable":true,"href":"https:\/\/www.slavonski-planinari.hr\/arhiva\/wp-json\/wp\/v2\/comments?post=3569"}],"version-history":[{"count":0,"href":"https:\/\/www.slavonski-planinari.hr\/arhiva\/wp-json\/wp\/v2\/posts\/3569\/revisions"}],"wp:attachment":[{"href":"https:\/\/www.slavonski-planinari.hr\/arhiva\/wp-json\/wp\/v2\/media?parent=3569"}],"wp:term":[{"taxonomy":"category","embeddable":true,"href":"https:\/\/www.slavonski-planinari.hr\/arhiva\/wp-json\/wp\/v2\/categories?post=3569"},{"taxonomy":"post_tag","embeddable":true,"href":"https:\/\/www.slavonski-planinari.hr\/arhiva\/wp-json\/wp\/v2\/tags?post=3569"}],"curies":[{"name":"wp","href":"https:\/\/api.w.org\/{rel}","templated":true}]}}