{"id":3558,"date":"2017-05-14T12:10:00","date_gmt":"2017-05-14T11:10:00","guid":{"rendered":"https:\/\/www.slavonski-planinari.hr\/arhiva\/?p=3558"},"modified":"2023-01-16T12:17:00","modified_gmt":"2023-01-16T11:17:00","slug":"20-21-05-2017-pohod-slavonskim-planinama","status":"publish","type":"post","link":"https:\/\/www.slavonski-planinari.hr\/arhiva\/20-21-05-2017-pohod-slavonskim-planinama\/","title":{"rendered":"20.-21.05.2017. &#8211; Pohod Slavonskim planinama"},"content":{"rendered":"<p>[et_pb_section fb_built=&#8221;1&#8243; theme_builder_area=&#8221;post_content&#8221; _builder_version=&#8221;4.19.4&#8243; _module_preset=&#8221;default&#8221;][et_pb_row _builder_version=&#8221;4.19.4&#8243; _module_preset=&#8221;default&#8221; theme_builder_area=&#8221;post_content&#8221;][et_pb_column _builder_version=&#8221;4.19.4&#8243; _module_preset=&#8221;default&#8221; type=&#8221;4_4&#8243; theme_builder_area=&#8221;post_content&#8221;][et_pb_text _builder_version=&#8221;4.19.4&#8243; _module_preset=&#8221;default&#8221; theme_builder_area=&#8221;post_content&#8221; hover_enabled=&#8221;0&#8243; sticky_enabled=&#8221;0&#8243;]<\/p>\n<p style=\"text-align: justify;\"><strong>20. i 21.05. sub.\/ned<\/strong><\/p>\n<p style=\"text-align: justify;\">Pohod Slavonskim planinama, novi ciklus, Po\u017ee\u0161ka gora, SP<br \/>(Otmar Tosenberger, 0911814119, e-mail:<span>\u00a0<\/span><a href=\"mailto:slavonski.planinari@gmail.com)\"><span id=\"cloak1f1e5848419aba86b63b192c1ec79e64\"><\/span><\/a><a href=\"mailto:slavonski.planinari@gmail.com\">slavonski.planinari@gmail.com<\/a>)<\/p>\n<p style=\"text-align: justify;\">\n<p style=\"text-align: justify;\"><img loading=\"lazy\" decoding=\"async\" src=\"https:\/\/www.slavonski-planinari.hr\/arhiva\/wp-content\/uploads\/2023\/01\/pohod-sps.jpg\" width=\"163\" height=\"132\" alt=\"\" class=\"wp-image-3560 alignleft size-full\" \/>Dragi prijatelji, planinarke i planinari, nastavljamo drugi petogodi\u0161nji ciklus &#8220;Pohoda slavonskim planinama&#8221; u najavljenom i uobi\u010dajenom terminu i prema ve\u0107 tradicionalnom programu.<\/p>\n<p style=\"text-align: justify;\">Stoga Vas pozivamo vas na &#8220;Pohod slavonskim planinama&#8221; II ciklus, druga dionica &#8211; 20.\/21. svibnja 2017. trasom SPPa od Strmca preko Zakorenja do Po\u017ee\u0161ke Koprivnice. Osim SPPa, koji slavi 60 godina od osnutka, predla\u017eemo i logisti\u010dki podr\u017eavamo djelomi\u010dni ili potpuni obilazak &#8220;5uPG &#8211; 5 utvrda Po\u017ee\u0161ke gore&#8221; \u2013 zanimljive i pou\u010dne to\u010dkaste obilaznice (Vi\u0161kova\u010dki grad, Vrhova\u010dki grad, Gornja Vrbova, Dola\u010dki grad i kula Gra\u010danica).<\/p>\n<p style=\"text-align: justify;\"><strong>PROGRAM POHODA:<\/strong><\/p>\n<p style=\"text-align: justify;\"><strong>20.5. subota<\/strong><\/p>\n<ul style=\"text-align: justify;\">\n<li>8,30 okupljanje sudionika ispred pl. ku\u0107e Strmac.<br \/>Ako netko \u017eeli do\u0107i u petak nave\u010der, za spavanje se treba obratiti izravno domaru: \u017deljko Br\u010di\u0107 \u2013 Du\u0161a, 098 195 2320<\/li>\n<li>9,00 kre\u0107e se na Pohod: Srmac -(2h30&#8243;)\u2013 Ba\u0107in Dol\u2013 (1h15&#8243;)- Kula Gra\u010danica \u2013(2h30&#8243;)- vrh Kapavac\u2013(1h30&#8243;) \u2013 Pl. skloni\u0161te &#8221; Bajin Kijer&#8221; Zakorenje, dolazak oko 18-19 sati.<br \/>Ukupno oko 8 sati hoda bez ve\u0107ih pauza. Ve\u0107a pauza na Gra\u010danici.<br \/>Za one koji \u017eele manje hodati, mogu\u0107e su opcije: Strmac \u2013 Gra\u010danica ili Gra\u010danica \u2013 Zakorenje (polazak iz Gra\u010danice oko 13 sati).<\/li>\n<\/ul>\n<p style=\"text-align: justify;\">Kontrolne to\u010dke prvog dana: Pl. ku\u0107a Strmac \u2013 KT 7 SPP \/ Kula Gra\u010danica \u2013 KT 8 SPP i KT 5 &#8220;5uPG&#8221;\/ vrh Kapavac (618 m) \u2013 KT 9 SPP, KT &#8220;Najvi\u0161i vrhovi hrvatskih \u017eupanija&#8221; za Brodsko-posavsku \u017eupaniju.<\/p>\n<p style=\"text-align: justify;\">Na odmori\u0161tima dostupnim za vozila, bit \u0107e ponu\u0111eni osvje\u017eavaju\u0107i napitci po popularnim cijenama i pitka voda.<\/p>\n<p style=\"text-align: justify;\">Organizirana prehrana nije predvi\u0111ena. Onima koji to \u017eele, prevozit \u0107e se prtljaga (presvlaka, hrana i sl) do odmori\u0161ta i kasnije tijekom Pohoda.<\/p>\n<ul style=\"text-align: justify;\">\n<li>19,00 &#8211; 06,00 ve\u010dera, odmor i no\u0107enje \u2013 pl.skloni\u0161te Bajin Kijer u Zakorenju Doma\u0107in je Planinarska sekcija &#8220;Kapavac&#8221; Zakorenje HPD-a&#8221;Sokolovac&#8221; Po\u017eega. Za umorne hoda\u010de bit \u0107e doma\u0107e mesne juhe a ro\u0161tilj na raspolaganju. Obavezno ponijeti vre\u0107e za spavanje i prostirke i najaviti se za no\u0107enje dan ranije. Ako ne bude mjesta u skloni\u0161tu, mo\u017ee se no\u0107iti u \u0161atorima pored objekta.<\/li>\n<\/ul>\n<p style=\"text-align: justify;\"><strong>21.05. nedjelja<\/strong><\/p>\n<ul style=\"text-align: justify;\">\n<li>7,30 nastavak Pohoda: prijevoz vozilima (kombi) od Zakorenja do \u0161umarskog objekta Kuzma i odatle do Dola\u010dki grad \u2013 Kamen -(1h45&#8243;)\u2013 Maksimov hrast (altrenativno: Dola\u010dki grad \u2013 Piljana \u2013 Maksimov hrast) \u2013 gradina Gornja \u00a0Vrbova (alternativno, + 30&#8243;) (2h30&#8243;)\u2013 Crkveni Vrhovci \u2013(2h30&#8243;)- Klikun -(40&#8243;)\u2013 Po\u017ee\u0161ka Koprivnica<br \/>Ukupno oko 7-8 sati hoda bez ve\u0107ih pauza. Ve\u0107a pauza kod Crkvenih Vrhovaca.<\/li>\n<li>16,00 &#8211; 17,00 sati &#8211; dolazak u Po\u017ee\u0161ku Koprivnicu, zavr\u0161etak Pohoda.<\/li>\n<\/ul>\n<p style=\"text-align: justify;\">Za one koji nemaju svoj prijevoz i treba ih vratiti (samo voza\u010de ili sve zajedno) do vozila parkiranih na Strmcu ili u Zakorenju, organizirat \u0107e se prijevoz po popularnoj cijeni. Zbog planiranja, potrebno je prijaviti potrebe za prijevozom osoba najkasnije do\u00a0<span>19.05.2017.<\/span><\/p>\n<p style=\"text-align: justify;\">NAPOMENA: Obzirom da se 21.05. 2017. odr\u017eavaju lokalni izbori, nastojat \u0107emo se organizirati tako da Pohod zavr\u0161imo ranije kako bi ve\u0107ina mogla sti\u0107i na svoja birali\u0161ta prije 19,00.<br \/>&#8230;&#8230;&#8230;&#8230;&#8230;&#8230;&#8230;&#8230;&#8230;&#8230;&#8230;&#8230;&#8230;&#8230;&#8230;&#8230;&#8230;&#8230;&#8230;&#8230;&#8230;&#8230;&#8230;&#8230;&#8230;&#8230;&#8230;&#8230;&#8230;.<\/p>\n<p><img loading=\"lazy\" decoding=\"async\" src=\"https:\/\/www.slavonski-planinari.hr\/arhiva\/wp-content\/uploads\/2023\/01\/povelja.jpg\" width=\"167\" height=\"235\" alt=\"\" class=\"wp-image-3561 aligncenter size-full\" style=\"float: right;\" srcset=\"https:\/\/www.slavonski-planinari.hr\/arhiva\/wp-content\/uploads\/2023\/01\/povelja.jpg 244w, https:\/\/www.slavonski-planinari.hr\/arhiva\/wp-content\/uploads\/2023\/01\/povelja-213x300.jpg 213w\" sizes=\"(max-width: 167px) 100vw, 167px\" \/>Uz prigodni pe\u010dat Pohoda svi sudionici dobivaju naljepnicu 60 godina SPP.<br \/>U prodaji: dnevnik SPP \u2013 50 kn; dnevnik 5uPG \u2013 35 kn, karton Pohoda -10 kn.<\/p>\n<p style=\"text-align: justify;\">Ako bude zainteresiranih za obilazak svih 5 KT &#8220;5uPG &#8221; u vrijeme dva dana Pohoda to \u0107e biti logisti\u010dki podr\u017eano. Treba ra\u010dunati da oni, u tom slu\u010daju, ne\u0107e sti\u0107i prehodati i sav predvi\u0111eni put SPP-om. KT ove obilaznice &#8220;ovjeravaju&#8221; se isklju\u010divo fotografijom obilaznika na mjestu opisanom u dnevniku. Uz ovjeren\u00a0dnevnik, obilaznik dobiva prikladnu Povelju.<\/p>\n<p style=\"text-align: justify;\"><strong>Dodatne mogu\u0107nosti:<\/strong><br \/>Tko ne mo\u017ee do\u0107i u subotu u jutro, mo\u017ee se Pohodu pridru\u017eiti na Gra\u010danici oko 13,00 sati (uz najavu) ili u nedjelju u jutro, kod \u0161umarskog objekta Kuzma SPP je mogu\u0107e obi\u0107i i brdskim biciklom, dijelom istim putem kao hodaju\u0107i a dijelom \u0161umskim cestama i eventualno do KT pje\u0161ice. Za sada nismo zabilje\u017eili takav obilazak pa je prilika da se zainteresirani jave radi prijedloga najpovoljnije trase i ostalog dogovora. Dionica Po\u017ee\u0161ka Gora je vrlo pogodna za obilazak biciklom.<\/p>\n<p style=\"text-align: justify;\">Molimo najave dolaska, a naro\u010dito potreba za prijevozom osoba \u010dim prije, a najkasnije 19.5.2017. isklju\u010divo na e-mail adresu:<span>\u00a0<\/span><span id=\"cloak7aa29ad94779b627f74ed75dc509958d\"><a href=\"mailto:slavonski.planinari@gmail.com\">slavonski.planinari@gmail.com<\/a><\/span>.<\/p>\n<p style=\"text-align: justify;\">Organizator osigurava prijevoz rezervnih stvari i opreme, osvje\u017eavaju\u0107e napitke i vodu na ve\u0107im odmori\u0161tima.<\/p>\n<p style=\"text-align: justify;\">Za sva poja\u0161njenja, pitanja, najave i sl: Otmar Tosenberger, 091\/1814119,<br \/>e-mail:<span>\u00a0<\/span><span id=\"cloak486f5bb91b92f729e4a2f9523c8e4d5e\"><a href=\"mailto:slavonski.planinari@gmail.com\">slavonski.planinari@gmail.com<\/a><\/span><br \/>Dobro do\u0161li!<\/p>\n<p>[\/et_pb_text][\/et_pb_column][\/et_pb_row][\/et_pb_section]<\/p>\n","protected":false},"excerpt":{"rendered":"<p>20. i 21.05. sub.\/ned Pohod Slavonskim planinama, novi ciklus, Po\u017ee\u0161ka gora, SP(Otmar Tosenberger, 0911814119, e-mail:\u00a0slavonski.planinari@gmail.com) Dragi prijatelji, planinarke i planinari, nastavljamo drugi petogodi\u0161nji ciklus &#8220;Pohoda slavonskim planinama&#8221; u najavljenom i uobi\u010dajenom terminu i prema ve\u0107 tradicionalnom programu. Stoga Vas pozivamo vas na &#8220;Pohod slavonskim planinama&#8221; II ciklus, druga dionica &#8211; 20.\/21. svibnja 2017. trasom SPPa [&hellip;]<\/p>\n","protected":false},"author":1,"featured_media":0,"comment_status":"closed","ping_status":"open","sticky":false,"template":"","format":"standard","meta":{"_et_pb_use_builder":"on","_et_pb_old_content":"","_et_gb_content_width":"1080","footnotes":""},"categories":[31],"tags":[],"class_list":["post-3558","post","type-post","status-publish","format-standard","hentry","category-31"],"_links":{"self":[{"href":"https:\/\/www.slavonski-planinari.hr\/arhiva\/wp-json\/wp\/v2\/posts\/3558","targetHints":{"allow":["GET"]}}],"collection":[{"href":"https:\/\/www.slavonski-planinari.hr\/arhiva\/wp-json\/wp\/v2\/posts"}],"about":[{"href":"https:\/\/www.slavonski-planinari.hr\/arhiva\/wp-json\/wp\/v2\/types\/post"}],"author":[{"embeddable":true,"href":"https:\/\/www.slavonski-planinari.hr\/arhiva\/wp-json\/wp\/v2\/users\/1"}],"replies":[{"embeddable":true,"href":"https:\/\/www.slavonski-planinari.hr\/arhiva\/wp-json\/wp\/v2\/comments?post=3558"}],"version-history":[{"count":0,"href":"https:\/\/www.slavonski-planinari.hr\/arhiva\/wp-json\/wp\/v2\/posts\/3558\/revisions"}],"wp:attachment":[{"href":"https:\/\/www.slavonski-planinari.hr\/arhiva\/wp-json\/wp\/v2\/media?parent=3558"}],"wp:term":[{"taxonomy":"category","embeddable":true,"href":"https:\/\/www.slavonski-planinari.hr\/arhiva\/wp-json\/wp\/v2\/categories?post=3558"},{"taxonomy":"post_tag","embeddable":true,"href":"https:\/\/www.slavonski-planinari.hr\/arhiva\/wp-json\/wp\/v2\/tags?post=3558"}],"curies":[{"name":"wp","href":"https:\/\/api.w.org\/{rel}","templated":true}]}}