{"id":3220,"date":"2016-12-22T12:14:00","date_gmt":"2016-12-22T11:14:00","guid":{"rendered":"https:\/\/www.slavonski-planinari.hr\/arhiva\/?p=3220"},"modified":"2023-01-13T12:18:49","modified_gmt":"2023-01-13T11:18:49","slug":"najave-dogadanja-u-2017","status":"publish","type":"post","link":"https:\/\/www.slavonski-planinari.hr\/arhiva\/najave-dogadanja-u-2017\/","title":{"rendered":"Najave doga\u0111anja u 2017."},"content":{"rendered":"<p>[et_pb_section fb_built=&#8221;1&#8243; theme_builder_area=&#8221;post_content&#8221; _builder_version=&#8221;4.19.4&#8243; _module_preset=&#8221;default&#8221; custom_padding=&#8221;||285px|||&#8221;][et_pb_row _builder_version=&#8221;4.19.4&#8243; _module_preset=&#8221;default&#8221; theme_builder_area=&#8221;post_content&#8221;][et_pb_column _builder_version=&#8221;4.19.4&#8243; _module_preset=&#8221;default&#8221; type=&#8221;4_4&#8243; theme_builder_area=&#8221;post_content&#8221;][et_pb_text _builder_version=&#8221;4.19.4&#8243; _module_preset=&#8221;default&#8221; theme_builder_area=&#8221;post_content&#8221; hover_enabled=&#8221;0&#8243; sticky_enabled=&#8221;0&#8243;]<\/p>\n<div class=\"itemIntroText\">\n<p><img loading=\"lazy\" decoding=\"async\" src=\"https:\/\/www.slavonski-planinari.hr\/arhiva\/wp-content\/uploads\/2023\/01\/foto-zima.jpg\" width=\"170\" height=\"113\" alt=\"\" class=\"wp-image-3222 alignleft size-full\" \/>2016. bli\u017ei se kraju, a iza nas su brojni veseli susreti. Dru\u017eili smo se u<span>\u00a0<\/span><a href=\"kutjevacko-martinje-okupilo-vise-od-2100-planinara-foto\" rel=\"alternate\">Kutjevu<\/a>, na<span>\u00a0<\/span><a href=\"odrzani-dani-hrvatskih-planinara-na-omanovcu\" rel=\"alternate\">Omanovcu<\/a>\u00a0i<span>\u00a0<\/span><a href=\"66-dan-slavonskih-planinara-foto\" rel=\"alternate\">Krndiji<\/a>, ali i<span>\u00a0<\/span><a href=\"susret-planinara-slavonje-i-vojvodine-2016-foto\" rel=\"alternate\">Fru\u0161koj gori<\/a>, organizirali brojne<span>\u00a0<\/span><a href=\"u-planinama-je-raj-foto\" rel=\"alternate\">izlo\u017ebe<\/a>&#8230;<\/p>\n<\/div>\n<div class=\"itemFullText\">\n<p>S jednakim \u017earom planiramo nastavak dru\u017eenja i u 2017. godini.\u00a0<\/p>\n<p>Pogledajte cjelokupni<span>\u00a0<\/span><a href=\"kalendar-znacajnih-dogadanja-u-2017\" rel=\"alternate\">kalendar<span>\u00a0<\/span><\/a>zna\u010dajnih doga\u0111anja planiranih u 2017. godini.<\/p>\n<p>Od nadolaze\u0107ih izleta izdvajamo:<\/p>\n<ul>\n<li>06.01.2017. &#8211; 3 kralja na Boroviku<\/li>\n<li>15.01.2017.- 19. Novogodi\u0161nji pohod PP VRA Bljesak<\/li>\n<li>29.01.2017. &#8211; Zadnji prvoga<\/li>\n<li>18.02.2017. &#8211; ZIMBA<\/li>\n<li>26.02.2017. &#8211; Etapni obilazak SPP<\/li>\n<\/ul>\n<\/div>\n<p>[\/et_pb_text][\/et_pb_column][\/et_pb_row][\/et_pb_section]<\/p>\n","protected":false},"excerpt":{"rendered":"<p>2016. bli\u017ei se kraju, a iza nas su brojni veseli susreti. Dru\u017eili smo se u\u00a0Kutjevu, na\u00a0Omanovcu\u00a0i\u00a0Krndiji, ali i\u00a0Fru\u0161koj gori, organizirali brojne\u00a0izlo\u017ebe&#8230; S jednakim \u017earom planiramo nastavak dru\u017eenja i u 2017. godini.\u00a0 Pogledajte cjelokupni\u00a0kalendar\u00a0zna\u010dajnih doga\u0111anja planiranih u 2017. godini. Od nadolaze\u0107ih izleta izdvajamo: 06.01.2017. &#8211; 3 kralja na Boroviku 15.01.2017.- 19. Novogodi\u0161nji pohod PP VRA Bljesak [&hellip;]<\/p>\n","protected":false},"author":1,"featured_media":0,"comment_status":"closed","ping_status":"open","sticky":false,"template":"","format":"standard","meta":{"_et_pb_use_builder":"on","_et_pb_old_content":"","_et_gb_content_width":"1080","footnotes":""},"categories":[30],"tags":[],"class_list":["post-3220","post","type-post","status-publish","format-standard","hentry","category-30"],"_links":{"self":[{"href":"https:\/\/www.slavonski-planinari.hr\/arhiva\/wp-json\/wp\/v2\/posts\/3220","targetHints":{"allow":["GET"]}}],"collection":[{"href":"https:\/\/www.slavonski-planinari.hr\/arhiva\/wp-json\/wp\/v2\/posts"}],"about":[{"href":"https:\/\/www.slavonski-planinari.hr\/arhiva\/wp-json\/wp\/v2\/types\/post"}],"author":[{"embeddable":true,"href":"https:\/\/www.slavonski-planinari.hr\/arhiva\/wp-json\/wp\/v2\/users\/1"}],"replies":[{"embeddable":true,"href":"https:\/\/www.slavonski-planinari.hr\/arhiva\/wp-json\/wp\/v2\/comments?post=3220"}],"version-history":[{"count":0,"href":"https:\/\/www.slavonski-planinari.hr\/arhiva\/wp-json\/wp\/v2\/posts\/3220\/revisions"}],"wp:attachment":[{"href":"https:\/\/www.slavonski-planinari.hr\/arhiva\/wp-json\/wp\/v2\/media?parent=3220"}],"wp:term":[{"taxonomy":"category","embeddable":true,"href":"https:\/\/www.slavonski-planinari.hr\/arhiva\/wp-json\/wp\/v2\/categories?post=3220"},{"taxonomy":"post_tag","embeddable":true,"href":"https:\/\/www.slavonski-planinari.hr\/arhiva\/wp-json\/wp\/v2\/tags?post=3220"}],"curies":[{"name":"wp","href":"https:\/\/api.w.org\/{rel}","templated":true}]}}