{"id":3213,"date":"2016-12-28T12:08:00","date_gmt":"2016-12-28T11:08:00","guid":{"rendered":"https:\/\/www.slavonski-planinari.hr\/arhiva\/?p=3213"},"modified":"2023-01-13T12:11:41","modified_gmt":"2023-01-13T11:11:41","slug":"18-02-2017-zimba","status":"publish","type":"post","link":"https:\/\/www.slavonski-planinari.hr\/arhiva\/18-02-2017-zimba\/","title":{"rendered":"18.02.2017. &#8211; ZIMBA"},"content":{"rendered":"<p>[et_pb_section fb_built=&#8221;1&#8243; theme_builder_area=&#8221;post_content&#8221; _builder_version=&#8221;4.19.4&#8243; _module_preset=&#8221;default&#8221;][et_pb_row _builder_version=&#8221;4.19.4&#8243; _module_preset=&#8221;default&#8221; theme_builder_area=&#8221;post_content&#8221;][et_pb_column _builder_version=&#8221;4.19.4&#8243; _module_preset=&#8221;default&#8221; type=&#8221;4_4&#8243; theme_builder_area=&#8221;post_content&#8221;][et_pb_text _builder_version=&#8221;4.19.4&#8243; _module_preset=&#8221;default&#8221; theme_builder_area=&#8221;post_content&#8221; hover_enabled=&#8221;0&#8243; sticky_enabled=&#8221;0&#8243;]<\/p>\n<ul>\n<li><strong>18.02.2017. subota &#8211; ZIMBA &#8211; zima u Baranji<\/strong><\/li>\n<\/ul>\n<p>Kotlina, PD Zanatlija Osijek<br \/>Kontakt: Vladimir Pavi\u010di\u0107, mob: 091 22 71 789, e-mail:<span>\u00a0<\/span><span id=\"cloak07d8a13cb2c9b0630dc46e48e1104cf5\"><span id=\"cloakb480356f72400de589a48a13ece69547\"><a href=\"mailto:pavicic.vladimir@gmail.com\">pavicic.vladimir@gmail.com<\/a><\/span><\/span><\/p>\n<p><a href=\"https:\/\/www.slavonski-planinari.hr\/arhiva\/wp-content\/uploads\/2023\/01\/zimba2017v.jpg\"><img loading=\"lazy\" decoding=\"async\" src=\"https:\/\/www.slavonski-planinari.hr\/arhiva\/wp-content\/uploads\/2023\/01\/zimba2017v.jpg\" width=\"716\" height=\"403\" alt=\"\" class=\"wp-image-3215 alignleft size-full\" srcset=\"https:\/\/www.slavonski-planinari.hr\/arhiva\/wp-content\/uploads\/2023\/01\/zimba2017v.jpg 716w, https:\/\/www.slavonski-planinari.hr\/arhiva\/wp-content\/uploads\/2023\/01\/zimba2017v-480x270.jpg 480w\" sizes=\"(min-width: 0px) and (max-width: 480px) 480px, (min-width: 481px) 716px, 100vw\" \/><\/a>ZIMBA (zima u Baranji) je tradicionalni susret koji se odr\u017eava ve\u0107 par godina.<\/p>\n<p>Ovogodi\u0161nja ZIMBA zakazana je za subotu, 18. velja\u010de.<\/p>\n<p>Polazak je u 8:00 s parkirali\u0161ta\u00a0kod Bille &#8211; Sjenjak, a povratak u ve\u010dernjim satima.<\/p>\n<p>Prijevoz je autobusom a cijena izleta 30 kn. Hrana iz ruksaka ili\u00a0grah po cijeni od 20,00 kn u ponudi doma\u0107ina.<\/p>\n<p><strong>PROGRAM IZLETA:<\/strong><\/p>\n<p>Kre\u0107emo u 8,00 sati iz Osijeka (kod Bille) za Kotlinu. Dolazimo do Vatrogasnog doma, gdje nas do\u010dekuje na\u0161a Gastro sekcija i okrepljuje nas doru\u010dkom \u2013 \u010daj + kruh s masti ili pekmezom. Okupljanje i drugih planinarskih dru\u0161tava, te pozdravna rije\u010d na\u0161eg Predsjednika dru\u0161tva Vlade Pavi\u010di\u0107a.<\/p>\n<p>Oko 10,00 sati pokret na pje\u0161a\u010dku turu u trajanju od oko 3 sata \u2013 koju je osmislio na\u0161 vodi\u010d \u0110uro Conjar \u2013 trasu staze \u0107e prilagoditi vremenskim uvjetima. Blato zagarantirano.<\/p>\n<p>Oko 13-14 sati povratak u Kotlinu, ru\u010dak i planinarski maskembal uz ples.<\/p>\n<p>Molim sve sudionike da pripreme maske \u2013 bit \u0107e bolja zabava i smijeh.<\/p>\n<p>Polazak za Osijek se predvi\u0111a oko 19,00-20,00 sati \u2013 ve\u0107 prema raspolo\u017eenju sudionika.<\/p>\n<p>VO\u0110A PUTA \u2013 Ljilja Havranek \u2013 mob. 095-900-9096<\/p>\n<p>Prijaviti se mo\u017eete telefonskim putem ili osobno u prostorijama dru\u0161tva HPD Zanatlija, utorkom od 19:30 do 20:15 sati.\u00a0<\/p>\n<p>&nbsp;<\/p>\n<p><strong>PRIKLJU\u010cITE NAM SE I U\u017dIVAJTE S NAMA!<\/strong><\/p>\n<p style=\"text-align: right;\">Izvor:\u00a0hpd-zanatlija.hr<\/p>\n<p>[\/et_pb_text][\/et_pb_column][\/et_pb_row][\/et_pb_section]<\/p>\n","protected":false},"excerpt":{"rendered":"<p>18.02.2017. subota &#8211; ZIMBA &#8211; zima u Baranji Kotlina, PD Zanatlija OsijekKontakt: Vladimir Pavi\u010di\u0107, mob: 091 22 71 789, e-mail:\u00a0pavicic.vladimir@gmail.com ZIMBA (zima u Baranji) je tradicionalni susret koji se odr\u017eava ve\u0107 par godina. Ovogodi\u0161nja ZIMBA zakazana je za subotu, 18. velja\u010de. Polazak je u 8:00 s parkirali\u0161ta\u00a0kod Bille &#8211; Sjenjak, a povratak u ve\u010dernjim satima. [&hellip;]<\/p>\n","protected":false},"author":1,"featured_media":0,"comment_status":"closed","ping_status":"open","sticky":false,"template":"","format":"standard","meta":{"_et_pb_use_builder":"on","_et_pb_old_content":"","_et_gb_content_width":"1080","footnotes":""},"categories":[30],"tags":[],"class_list":["post-3213","post","type-post","status-publish","format-standard","hentry","category-30"],"_links":{"self":[{"href":"https:\/\/www.slavonski-planinari.hr\/arhiva\/wp-json\/wp\/v2\/posts\/3213","targetHints":{"allow":["GET"]}}],"collection":[{"href":"https:\/\/www.slavonski-planinari.hr\/arhiva\/wp-json\/wp\/v2\/posts"}],"about":[{"href":"https:\/\/www.slavonski-planinari.hr\/arhiva\/wp-json\/wp\/v2\/types\/post"}],"author":[{"embeddable":true,"href":"https:\/\/www.slavonski-planinari.hr\/arhiva\/wp-json\/wp\/v2\/users\/1"}],"replies":[{"embeddable":true,"href":"https:\/\/www.slavonski-planinari.hr\/arhiva\/wp-json\/wp\/v2\/comments?post=3213"}],"version-history":[{"count":0,"href":"https:\/\/www.slavonski-planinari.hr\/arhiva\/wp-json\/wp\/v2\/posts\/3213\/revisions"}],"wp:attachment":[{"href":"https:\/\/www.slavonski-planinari.hr\/arhiva\/wp-json\/wp\/v2\/media?parent=3213"}],"wp:term":[{"taxonomy":"category","embeddable":true,"href":"https:\/\/www.slavonski-planinari.hr\/arhiva\/wp-json\/wp\/v2\/categories?post=3213"},{"taxonomy":"post_tag","embeddable":true,"href":"https:\/\/www.slavonski-planinari.hr\/arhiva\/wp-json\/wp\/v2\/tags?post=3213"}],"curies":[{"name":"wp","href":"https:\/\/api.w.org\/{rel}","templated":true}]}}