{"id":3202,"date":"2016-12-22T12:01:00","date_gmt":"2016-12-22T11:01:00","guid":{"rendered":"https:\/\/www.slavonski-planinari.hr\/arhiva\/?p=3202"},"modified":"2023-01-13T12:03:03","modified_gmt":"2023-01-13T11:03:03","slug":"21-memorijalni-pohod-fokinom-stazom","status":"publish","type":"post","link":"https:\/\/www.slavonski-planinari.hr\/arhiva\/21-memorijalni-pohod-fokinom-stazom\/","title":{"rendered":"21. memorijalni pohod Fokinom stazom"},"content":{"rendered":"<p>[et_pb_section fb_built=&#8221;1&#8243; theme_builder_area=&#8221;post_content&#8221; _builder_version=&#8221;4.19.4&#8243; _module_preset=&#8221;default&#8221;][et_pb_row _builder_version=&#8221;4.19.4&#8243; _module_preset=&#8221;default&#8221; theme_builder_area=&#8221;post_content&#8221;][et_pb_column _builder_version=&#8221;4.19.4&#8243; _module_preset=&#8221;default&#8221; type=&#8221;4_4&#8243; theme_builder_area=&#8221;post_content&#8221;][et_pb_text _builder_version=&#8221;4.19.4&#8243; _module_preset=&#8221;default&#8221; theme_builder_area=&#8221;post_content&#8221; hover_enabled=&#8221;0&#8243; sticky_enabled=&#8221;0&#8243;]<\/p>\n<div class=\"itemIntroText\">\n<p style=\"text-align: justify;\">Tradicionalni 21. memorijalni pohod Fokinom stazom 1991. u na\u0161oj organizaciji 17. prosinca 2016. po sun\u010danom ali hladnom vremenu okupio je oko 300 planinara i sudionika pohoda iz 42 planinarska dru\u0161tva te 7 raznih udruga.<\/p>\n<p style=\"text-align: justify;\">Nakon okupljanja na trgu ispred muzeja sudionike smo po\u010dastili kruhom namazanim ma\u0161\u0107u i pekmezom te rakijom.<\/p>\n<\/div>\n<div class=\"itemFullText\">\n<p style=\"text-align: justify;\">Prije pohoda sudionici su imali priliku besplatno pogledati impresivni stalni izlo\u017ebeni postav vojne i ratne povijesti koji je uspostavljen velikim trudom pakra\u010dkog profesora Marija Tu\u0161eka.<\/p>\n<p style=\"text-align: justify;\">U 10 sati je formirana kolona te smo krenuli uobi\u010dajenom trasom do spomenika na mjestu pogibije Marijana Kulhavog-Foku te jo\u0161 \u0161estoricu bjelovarskih branitelja Ivana Bedekovi\u0107a, Ante \u0106uri\u0107a, Franje Ga\u0161para, Dra\u017eena Hudeca, \u017deljka Novosela i Darka Pero\u0161a koji su poginuli 29. prosinca 1991. godine u isto\u010dnim pakra\u010dkim vinogradima prilikom akcije osloba\u0111anja okupiranog podru\u010dja \u201cAlfa\u201d.<\/p>\n<p style=\"text-align: justify;\">Prije dolaska do spomenika zastajemo kod obitelji Sre\u010dka Brusa koji svake godine sudionike po\u010dasti doma\u0107im specijalitetima.<\/p>\n<p style=\"text-align: justify;\">Kao i svake godine kod spomen obilje\u017eja na mjestu pogibije branitelja u isto\u010dnim Pakra\u010dkim vinogradima polo\u017eeni su vijenci i zapaljene svije\u0107e.<\/p>\n<p style=\"text-align: justify;\">Vijence su polo\u017eili gradona\u010delnica Pakraca Anamarija Bla\u017eevi\u0107 ispred Grada Pakraca i predsjednik PD \u201ePsunj\u201c Pakrac Zoran Milakovi\u0107. Nakon polaganja vijenaca planinarka iz Bjelovara Milka Mato\u0161 povela je zajedni\u010dku molitvu za poginule branitelje.<\/p>\n<p style=\"text-align: justify;\"><img loading=\"lazy\" decoding=\"async\" src=\"https:\/\/www.slavonski-planinari.hr\/arhiva\/wp-content\/uploads\/2023\/01\/fokina2016a.jpg\" width=\"600\" height=\"450\" alt=\"\" class=\"wp-image-3204 aligncenter size-full\" srcset=\"https:\/\/www.slavonski-planinari.hr\/arhiva\/wp-content\/uploads\/2023\/01\/fokina2016a.jpg 600w, https:\/\/www.slavonski-planinari.hr\/arhiva\/wp-content\/uploads\/2023\/01\/fokina2016a-480x360.jpg 480w\" sizes=\"(min-width: 0px) and (max-width: 480px) 480px, (min-width: 481px) 600px, 100vw\" \/><\/p>\n<p style=\"text-align: justify;\">Na\u0161 predsjednik Zoran Milakovi\u0107 zahvalio se svim sudionicima \u0161to su se odazvali kako bi zajedno odali po\u010dast poginulim hrvatskim braniteljima. Gradona\u010delnica Pakraca Anamarija Bla\u017eevi\u0107 izrazila je zadovoljstvo i zahvalnost planinarskom dru\u0161tvu, kao i svim sudionicima pohoda \u0161to na ovaj na\u010din izra\u017eavaju du\u017eno po\u0161tovanje i sje\u0107anje na pakra\u010dkog planinara Marijana Kulhavog-Foku poginulog u obrani svog grada i domovine te njegove poginule suborce iz Bjelovara koji su poginuli brane\u0107i Pakrac, ali i cijelu Hrvatsku.<\/p>\n<p style=\"text-align: justify;\">Pohod je zavr\u0161io uobi\u010dajenim dru\u017eenjem u planinarskom domu na Omanovcu uz nezaobilazni planinarski grah i topli \u010daj.<\/p>\n<p style=\"text-align: justify;\">\u010clanovi na\u0161eg dru\u0161tva zahvaljuju se svim u\u010desnicima ovogodi\u0161njeg pohoda.<\/p>\n<p style=\"text-align: center;\"><em><strong>PD Psunj (izvor)<\/strong><\/em><\/p>\n<p style=\"text-align: right;\"><em>Vi\u0161e fotografija na\u00a0<a href=\"http:\/\/pdpsunj.hr\/21-memorijalni-pohod-fokinom-stazom\" rel=\"alternate\">PD Psunj<\/a><\/em><\/p>\n<\/div>\n<p>[\/et_pb_text][\/et_pb_column][\/et_pb_row][\/et_pb_section]<\/p>\n","protected":false},"excerpt":{"rendered":"<p>Tradicionalni 21. memorijalni pohod Fokinom stazom 1991. u na\u0161oj organizaciji 17. prosinca 2016. po sun\u010danom ali hladnom vremenu okupio je oko 300 planinara i sudionika pohoda iz 42 planinarska dru\u0161tva te 7 raznih udruga. Nakon okupljanja na trgu ispred muzeja sudionike smo po\u010dastili kruhom namazanim ma\u0161\u0107u i pekmezom te rakijom. Prije pohoda sudionici su imali [&hellip;]<\/p>\n","protected":false},"author":1,"featured_media":0,"comment_status":"closed","ping_status":"open","sticky":false,"template":"","format":"standard","meta":{"_et_pb_use_builder":"on","_et_pb_old_content":"","_et_gb_content_width":"1080","footnotes":""},"categories":[30],"tags":[],"class_list":["post-3202","post","type-post","status-publish","format-standard","hentry","category-30"],"_links":{"self":[{"href":"https:\/\/www.slavonski-planinari.hr\/arhiva\/wp-json\/wp\/v2\/posts\/3202","targetHints":{"allow":["GET"]}}],"collection":[{"href":"https:\/\/www.slavonski-planinari.hr\/arhiva\/wp-json\/wp\/v2\/posts"}],"about":[{"href":"https:\/\/www.slavonski-planinari.hr\/arhiva\/wp-json\/wp\/v2\/types\/post"}],"author":[{"embeddable":true,"href":"https:\/\/www.slavonski-planinari.hr\/arhiva\/wp-json\/wp\/v2\/users\/1"}],"replies":[{"embeddable":true,"href":"https:\/\/www.slavonski-planinari.hr\/arhiva\/wp-json\/wp\/v2\/comments?post=3202"}],"version-history":[{"count":0,"href":"https:\/\/www.slavonski-planinari.hr\/arhiva\/wp-json\/wp\/v2\/posts\/3202\/revisions"}],"wp:attachment":[{"href":"https:\/\/www.slavonski-planinari.hr\/arhiva\/wp-json\/wp\/v2\/media?parent=3202"}],"wp:term":[{"taxonomy":"category","embeddable":true,"href":"https:\/\/www.slavonski-planinari.hr\/arhiva\/wp-json\/wp\/v2\/categories?post=3202"},{"taxonomy":"post_tag","embeddable":true,"href":"https:\/\/www.slavonski-planinari.hr\/arhiva\/wp-json\/wp\/v2\/tags?post=3202"}],"curies":[{"name":"wp","href":"https:\/\/api.w.org\/{rel}","templated":true}]}}