{"id":3197,"date":"2016-11-29T11:58:00","date_gmt":"2016-11-29T10:58:00","guid":{"rendered":"https:\/\/www.slavonski-planinari.hr\/arhiva\/?p=3197"},"modified":"2023-01-13T12:00:14","modified_gmt":"2023-01-13T11:00:14","slug":"bernard-margitic-1956-2016","status":"publish","type":"post","link":"https:\/\/www.slavonski-planinari.hr\/arhiva\/bernard-margitic-1956-2016\/","title":{"rendered":"Bernard Margiti\u0107 (1956\u20132016)"},"content":{"rendered":"<p>[et_pb_section fb_built=&#8221;1&#8243; theme_builder_area=&#8221;post_content&#8221; _builder_version=&#8221;4.19.4&#8243; _module_preset=&#8221;default&#8221;][et_pb_row _builder_version=&#8221;4.19.4&#8243; _module_preset=&#8221;default&#8221; theme_builder_area=&#8221;post_content&#8221;][et_pb_column _builder_version=&#8221;4.19.4&#8243; _module_preset=&#8221;default&#8221; type=&#8221;4_4&#8243; theme_builder_area=&#8221;post_content&#8221;][et_pb_text _builder_version=&#8221;4.19.4&#8243; _module_preset=&#8221;default&#8221; theme_builder_area=&#8221;post_content&#8221; hover_enabled=&#8221;0&#8243; sticky_enabled=&#8221;0&#8243;]<\/p>\n<div class=\"gmail_default\" style=\"text-align: justify;\"><img loading=\"lazy\" decoding=\"async\" src=\"https:\/\/www.slavonski-planinari.hr\/arhiva\/wp-content\/uploads\/2023\/01\/Bernard2.jpg\" width=\"225\" height=\"300\" alt=\"\" class=\"wp-image-3200 alignleft size-full\" \/>Ju\u010der nas je iznenada napustio Berni, dragi prijatelj svih \u010dlanova velike planinarske obitelji &#8230;<\/div>\n<div class=\"gmail_default\" style=\"text-align: justify;\">\u00a0<\/div>\n<div class=\"gmail_default\" style=\"text-align: justify;\">S tugom se opra\u0161tamo od njega &#8230;<\/div>\n<div class=\"gmail_default\" style=\"text-align: justify;\">&#8230; vje\u010dna mu hvala za sve i laki mu putovi nebeski!<\/div>\n<div class=\"itemFullText\" style=\"text-align: justify;\"><\/div>\n<div class=\"gmail_default\" style=\"text-align: justify;\">\u00a0<\/div>\n<div class=\"gmail_default\">\n<h3 style=\"text-align: justify;\">Bernard Margiti\u0107 (1956 \u2013 2016)<\/h3>\n<p style=\"text-align: justify;\">Naglo i iznenadno, u Zagrebu je 28. 11. preminuo Bernard Margiti\u0107, jedan od najistaknutijih \u010dlanova HPD-a \u201e\u017deljezni\u010dar\u201c i du\u017enosnika Hrvatskog planinarskog saveza.<\/p>\n<p style=\"text-align: justify;\">Bernard Margiti\u0107 bio je svestran planinar i izniman popularizator planinarstva. Cijeli je \u017eivot posvetio planinarstvu. Prve planinarske korake napravio je u HPD-u \u201eZagreb-Matica\u201c, a od 1982. \u010dlan je HPD-a \u201e\u017deljezni\u010dar\u201c. U HPD-u \u201e\u017deljezni\u010dar\u201c sedam je godina vodio sekciju<span>\u00a0<\/span><em>Go\u00adrani.<\/em><span>\u00a0<\/span>Vodio je \u0161est planinarskih \u0161kola i tri male planarske \u0161kole iz koje je na\u00adstala sekcija<span>\u00a0<\/span><em>OSA<\/em>.<\/p>\n<p style=\"text-align: justify;\">Bio je me\u0111u osniva\u010dima sekcije visokogorskog planinarenja. Anga\u017eirao se kao markacist u ure\u0111ivanju planinarskih putova, a tako\u0111er je dao nemjerljiv doprinos u svim aktivnostima vezanim uz planinarske putove, planinarske ku\u0107e, za\u0161titu prirode, planinarska priznanja, rad s mladima i u svim drugim djelatnostima kojima se bavio.<\/p>\n<p style=\"text-align: justify;\">Velik doprinos dao je i svojim informati\u010dkim znanjem. Kao planinarski vodi\u010d organizirao je i vodio vi\u0161e stotina izleta, tura i pohoda. Od 2003. do 2005. obna\u0161ao je du\u017enost predsjednika HPD-a \u201e\u017deljezni\u010dar\u201c.<\/p>\n<p style=\"text-align: justify;\"><img loading=\"lazy\" decoding=\"async\" src=\"https:\/\/www.slavonski-planinari.hr\/arhiva\/wp-content\/uploads\/2023\/01\/bernard1.jpg\" width=\"700\" height=\"393\" alt=\"\" class=\"wp-image-3199 aligncenter size-full\" srcset=\"https:\/\/www.slavonski-planinari.hr\/arhiva\/wp-content\/uploads\/2023\/01\/bernard1.jpg 700w, https:\/\/www.slavonski-planinari.hr\/arhiva\/wp-content\/uploads\/2023\/01\/bernard1-480x269.jpg 480w\" sizes=\"(min-width: 0px) and (max-width: 480px) 480px, (min-width: 481px) 700px, 100vw\" \/><\/p>\n<p style=\"text-align: justify;\">Posebno je volio planinarske obilaznice i bio njihov najve\u0107i popularizator. Prvi je stekao zlatnu zna\u010dku, plaketu i posebno priznanje Hrvatske planinarske obilaz\u00adni\u00adce, a kao transverzalac bio je hrvatski rekoreder po broju obi\u0111enih planinarskih obilaznica. Po\u00adkrenuo je planinarske obilaznice<span>\u00a0<\/span><em>Hrvatske planinarske ku\u0107e, \u0160piljama Lijepe Na\u0161e, \u010cetiri godi\u0161nja doba na O\u0161trcu, Be\u017ei Jankec<\/em><span>\u00a0<\/span>i mnoge druge, te obnovio natjecanje<span>\u00a0<\/span><em>Trans\u00adver\u00adzalac<\/em><span>\u00a0<\/span>pod imenom<span>\u00a0<\/span><em>Gojzerica<\/em>.<\/p>\n<p style=\"text-align: justify;\">Osmislio je i suvremeni na\u010din kategorizacije planinarskih obilaznica koji je primijenjen u natjecanju<span>\u00a0<\/span><em>Gojzerica,<\/em><span>\u00a0<\/span>a mnogim dru\u0161tvima pomogao je savjetima i uputama pri osnivanju njihovih planinarskih obilaznica.<\/p>\n<p style=\"text-align: justify;\">Posebno se istaknuo i kao \u010dlan Izvr\u0161nog odbora Hrvatskog planinarskog saveza u pet mandata. U Hrvatskom planinarskom savezu tako\u0111er je bio \u010dlan Komisije za planinarske putove i Komisije za vodi\u010de. Dao je velik doprinos kao pro\u010delnik potkomisije za vodi\u010de dru\u0161tvenih izleta, radio je na obnovi Hr\u00advat\u00adske plananinarske obilaznice i Velebitskog planinarskog puta a kao markacist instruktor sudjelovao na velikom broju te\u010daja za markaciste.<\/p>\n<p style=\"text-align: justify;\">Za svoj svestrani planinarski anga\u017eman primio je sva najvi\u0161a priznanja HPS-a: bron\u010dani znak 1985, srebrni znak 1995, zlatni znak 2000 i plaketu 2005. godine. Godine 2009. primio je godi\u0161nju nagradu za najboljeg du\u017enosnika Hrvatskog planinarskog saveza.<\/p>\n<p style=\"text-align: justify;\">Iznad svega, bio je izniman planinarski prijatelj, uvijek spreman anga\u017eirati se nesebi\u010dno u cilju unaprje\u0111enja planinarstva. Na taj na\u010din stekao je velik broj prijatelja i po\u0161tovatelja koji \u0107e ga trajno pamtiti po dobrim djelima, po\u017ertvovnosti i velikom planinarskom znanju. Iznenadni odlazak Bernarda Margiti\u0107a nenadoknadiv je gubitak za njegovu obitelj, HPD \u201e\u017deljezni\u010dar\u201c i za Hrvatski planinarski savez.<\/p>\n<\/div>\n<p>[\/et_pb_text][\/et_pb_column][\/et_pb_row][\/et_pb_section]<\/p>\n","protected":false},"excerpt":{"rendered":"<p>Ju\u010der nas je iznenada napustio Berni, dragi prijatelj svih \u010dlanova velike planinarske obitelji &#8230; \u00a0 S tugom se opra\u0161tamo od njega &#8230; &#8230; vje\u010dna mu hvala za sve i laki mu putovi nebeski! \u00a0 Bernard Margiti\u0107 (1956 \u2013 2016) Naglo i iznenadno, u Zagrebu je 28. 11. preminuo Bernard Margiti\u0107, jedan od najistaknutijih \u010dlanova HPD-a [&hellip;]<\/p>\n","protected":false},"author":1,"featured_media":0,"comment_status":"closed","ping_status":"open","sticky":false,"template":"","format":"standard","meta":{"_et_pb_use_builder":"on","_et_pb_old_content":"","_et_gb_content_width":"1080","footnotes":""},"categories":[30],"tags":[],"class_list":["post-3197","post","type-post","status-publish","format-standard","hentry","category-30"],"_links":{"self":[{"href":"https:\/\/www.slavonski-planinari.hr\/arhiva\/wp-json\/wp\/v2\/posts\/3197","targetHints":{"allow":["GET"]}}],"collection":[{"href":"https:\/\/www.slavonski-planinari.hr\/arhiva\/wp-json\/wp\/v2\/posts"}],"about":[{"href":"https:\/\/www.slavonski-planinari.hr\/arhiva\/wp-json\/wp\/v2\/types\/post"}],"author":[{"embeddable":true,"href":"https:\/\/www.slavonski-planinari.hr\/arhiva\/wp-json\/wp\/v2\/users\/1"}],"replies":[{"embeddable":true,"href":"https:\/\/www.slavonski-planinari.hr\/arhiva\/wp-json\/wp\/v2\/comments?post=3197"}],"version-history":[{"count":0,"href":"https:\/\/www.slavonski-planinari.hr\/arhiva\/wp-json\/wp\/v2\/posts\/3197\/revisions"}],"wp:attachment":[{"href":"https:\/\/www.slavonski-planinari.hr\/arhiva\/wp-json\/wp\/v2\/media?parent=3197"}],"wp:term":[{"taxonomy":"category","embeddable":true,"href":"https:\/\/www.slavonski-planinari.hr\/arhiva\/wp-json\/wp\/v2\/categories?post=3197"},{"taxonomy":"post_tag","embeddable":true,"href":"https:\/\/www.slavonski-planinari.hr\/arhiva\/wp-json\/wp\/v2\/tags?post=3197"}],"curies":[{"name":"wp","href":"https:\/\/api.w.org\/{rel}","templated":true}]}}