{"id":3185,"date":"2016-11-23T11:54:00","date_gmt":"2016-11-23T10:54:00","guid":{"rendered":"https:\/\/www.slavonski-planinari.hr\/arhiva\/?p=3185"},"modified":"2023-01-13T11:57:34","modified_gmt":"2023-01-13T10:57:34","slug":"jesen-na-dilju-foto","status":"publish","type":"post","link":"https:\/\/www.slavonski-planinari.hr\/arhiva\/jesen-na-dilju-foto\/","title":{"rendered":"Jesen na Dilju [FOTO]"},"content":{"rendered":"<p>[et_pb_section fb_built=&#8221;1&#8243; theme_builder_area=&#8221;post_content&#8221; _builder_version=&#8221;4.19.4&#8243; _module_preset=&#8221;default&#8221;][et_pb_row _builder_version=&#8221;4.19.4&#8243; _module_preset=&#8221;default&#8221; theme_builder_area=&#8221;post_content&#8221;][et_pb_column _builder_version=&#8221;4.19.4&#8243; _module_preset=&#8221;default&#8221; type=&#8221;4_4&#8243; theme_builder_area=&#8221;post_content&#8221;][et_pb_text _builder_version=&#8221;4.19.4&#8243; _module_preset=&#8221;default&#8221; theme_builder_area=&#8221;post_content&#8221; hover_enabled=&#8221;0&#8243; sticky_enabled=&#8221;0&#8243;]<\/p>\n<div class=\"itemIntroText\">\n<p>Ve\u0107 je dvadesetu godinu za redom HPD Tikvica iz \u017dupanje doma\u0107in okupljanja na Dilju u studenom.<\/p>\n<p>Mijenjali su se nazivi ali smisao i termin ostao do dana\u0161njeg pohoda &#8220;Jesen na Dilju&#8221;.<\/p>\n<\/div>\n<div class=\"itemFullText\">\n<p>Za one koji vole uspomene, sada je izdan i Spomen dnevnik Pohoda.<\/p>\n<p>Po lijepom jesenskom danu, 20. studenog 2016., na Prezdanku se okupilo oko 150 planinara iz Slavonije, Zagreba, Od\u017eaka, Tuzle, Ora\u0161ja, Senja &#8230;<\/p>\n<p>Pohodili su Diljem do geodetske piramide na vrhu \u010cardak i drugim putem nazad.<\/p>\n<p>Ugodno razgibavanje, taman da se otvori apetit za pe\u010denu prasetinu koja je \u010dekala na povratku &#8230; pa jo\u0161 malo gu\u017evare, tambura\u0161i &#8230;<\/p>\n<\/div>\n<p>[\/et_pb_text][\/et_pb_column][\/et_pb_row][et_pb_row _builder_version=&#8221;4.19.4&#8243; _module_preset=&#8221;default&#8221; theme_builder_area=&#8221;post_content&#8221;][et_pb_column _builder_version=&#8221;4.19.4&#8243; _module_preset=&#8221;default&#8221; type=&#8221;4_4&#8243; theme_builder_area=&#8221;post_content&#8221;][et_pb_gallery _builder_version=&#8221;4.19.4&#8243; _module_preset=&#8221;default&#8221; theme_builder_area=&#8221;post_content&#8221; gallery_ids=&#8221;3187,3188,3189,3190,3191,3192,3193,3194,3195&#8243; posts_number=&#8221;9&#8243; show_title_and_caption=&#8221;off&#8221; hover_enabled=&#8221;0&#8243; sticky_enabled=&#8221;0&#8243;][\/et_pb_gallery][\/et_pb_column][\/et_pb_row][\/et_pb_section]<\/p>\n","protected":false},"excerpt":{"rendered":"<p>Ve\u0107 je dvadesetu godinu za redom HPD Tikvica iz \u017dupanje doma\u0107in okupljanja na Dilju u studenom. Mijenjali su se nazivi ali smisao i termin ostao do dana\u0161njeg pohoda &#8220;Jesen na Dilju&#8221;. Za one koji vole uspomene, sada je izdan i Spomen dnevnik Pohoda. Po lijepom jesenskom danu, 20. studenog 2016., na Prezdanku se okupilo oko [&hellip;]<\/p>\n","protected":false},"author":1,"featured_media":0,"comment_status":"closed","ping_status":"open","sticky":false,"template":"","format":"standard","meta":{"_et_pb_use_builder":"on","_et_pb_old_content":"","_et_gb_content_width":"1080","footnotes":""},"categories":[30],"tags":[],"class_list":["post-3185","post","type-post","status-publish","format-standard","hentry","category-30"],"_links":{"self":[{"href":"https:\/\/www.slavonski-planinari.hr\/arhiva\/wp-json\/wp\/v2\/posts\/3185","targetHints":{"allow":["GET"]}}],"collection":[{"href":"https:\/\/www.slavonski-planinari.hr\/arhiva\/wp-json\/wp\/v2\/posts"}],"about":[{"href":"https:\/\/www.slavonski-planinari.hr\/arhiva\/wp-json\/wp\/v2\/types\/post"}],"author":[{"embeddable":true,"href":"https:\/\/www.slavonski-planinari.hr\/arhiva\/wp-json\/wp\/v2\/users\/1"}],"replies":[{"embeddable":true,"href":"https:\/\/www.slavonski-planinari.hr\/arhiva\/wp-json\/wp\/v2\/comments?post=3185"}],"version-history":[{"count":0,"href":"https:\/\/www.slavonski-planinari.hr\/arhiva\/wp-json\/wp\/v2\/posts\/3185\/revisions"}],"wp:attachment":[{"href":"https:\/\/www.slavonski-planinari.hr\/arhiva\/wp-json\/wp\/v2\/media?parent=3185"}],"wp:term":[{"taxonomy":"category","embeddable":true,"href":"https:\/\/www.slavonski-planinari.hr\/arhiva\/wp-json\/wp\/v2\/categories?post=3185"},{"taxonomy":"post_tag","embeddable":true,"href":"https:\/\/www.slavonski-planinari.hr\/arhiva\/wp-json\/wp\/v2\/tags?post=3185"}],"curies":[{"name":"wp","href":"https:\/\/api.w.org\/{rel}","templated":true}]}}