{"id":3176,"date":"2016-11-16T11:50:00","date_gmt":"2016-11-16T10:50:00","guid":{"rendered":"https:\/\/www.slavonski-planinari.hr\/arhiva\/?p=3176"},"modified":"2023-01-13T11:53:10","modified_gmt":"2023-01-13T10:53:10","slug":"stipe-bozic-osvojio-nasice","status":"publish","type":"post","link":"https:\/\/www.slavonski-planinari.hr\/arhiva\/stipe-bozic-osvojio-nasice\/","title":{"rendered":"Stipe Bo\u017ei\u0107 \u201eosvojio\u201c Na\u0161ice"},"content":{"rendered":"<p>[et_pb_section fb_built=&#8221;1&#8243; theme_builder_area=&#8221;post_content&#8221; _builder_version=&#8221;4.19.4&#8243; _module_preset=&#8221;default&#8221;][et_pb_row _builder_version=&#8221;4.19.4&#8243; _module_preset=&#8221;default&#8221; theme_builder_area=&#8221;post_content&#8221;][et_pb_column _builder_version=&#8221;4.19.4&#8243; _module_preset=&#8221;default&#8221; type=&#8221;4_4&#8243; theme_builder_area=&#8221;post_content&#8221;][et_pb_text _builder_version=&#8221;4.19.4&#8243; _module_preset=&#8221;default&#8221; theme_builder_area=&#8221;post_content&#8221; hover_enabled=&#8221;0&#8243; sticky_enabled=&#8221;0&#8243;]<\/p>\n<div class=\"itemIntroText\">\n<p style=\"text-align: justify;\"><img loading=\"lazy\" decoding=\"async\" src=\"https:\/\/www.slavonski-planinari.hr\/arhiva\/wp-content\/uploads\/2023\/01\/stipe.jpg\" width=\"106\" height=\"72\" alt=\"\" class=\"wp-image-3178 alignleft size-full\" \/>U nedjelju 13. studenoga, u 18 sati, zbio se zavr\u0161ni doga\u0111aj &#8220;Planinarskog tjedna&#8221; PD &#8220;Krndija&#8221; Na\u0161ice.<\/p>\n<p style=\"text-align: justify;\">\n<p style=\"text-align: justify;\">Pred punom dvoranom Doma kulture u Na\u0161icama, predavanje o usponu na K2 je odr\u017eao poznati hrvatski alpinist Stipe Bo\u017ei\u0107.<\/p>\n<p style=\"text-align: justify;\">\n<\/div>\n<div class=\"itemFullText\">\n<p style=\"text-align: justify;\">Ujedno je time promovirana knjiga o istom doga\u0111aju. Osim doma\u0107ih planinara i zainteresiranih gra\u0111ana, u dvorani je bilo puno planinara i gorskih spa\u0161avatelja iz drugih slavonskih mjesta.<\/p>\n<p style=\"text-align: justify;\"><img loading=\"lazy\" decoding=\"async\" src=\"https:\/\/www.slavonski-planinari.hr\/arhiva\/wp-content\/uploads\/2023\/01\/stipe_bozic_nasice.jpg\" width=\"600\" height=\"416\" alt=\"\" class=\"wp-image-3179 aligncenter size-full\" srcset=\"https:\/\/www.slavonski-planinari.hr\/arhiva\/wp-content\/uploads\/2023\/01\/stipe_bozic_nasice.jpg 600w, https:\/\/www.slavonski-planinari.hr\/arhiva\/wp-content\/uploads\/2023\/01\/stipe_bozic_nasice-480x333.jpg 480w\" sizes=\"(min-width: 0px) and (max-width: 480px) 480px, (min-width: 481px) 600px, 100vw\" \/><\/p>\n<p style=\"text-align: justify;\">Mnogi su ovamo do\u0161li direktno iz Kutjeva.<\/p>\n<p style=\"text-align: justify;\"><img loading=\"lazy\" decoding=\"async\" src=\"https:\/\/www.slavonski-planinari.hr\/arhiva\/wp-content\/uploads\/2023\/01\/stipe_bozic_nasice2.jpg\" width=\"600\" height=\"403\" alt=\"\" class=\"wp-image-3180 aligncenter size-full\" srcset=\"https:\/\/www.slavonski-planinari.hr\/arhiva\/wp-content\/uploads\/2023\/01\/stipe_bozic_nasice2.jpg 600w, https:\/\/www.slavonski-planinari.hr\/arhiva\/wp-content\/uploads\/2023\/01\/stipe_bozic_nasice2-480x322.jpg 480w\" sizes=\"(min-width: 0px) and (max-width: 480px) 480px, (min-width: 481px) 600px, 100vw\" \/><\/p>\n<p style=\"text-align: justify;\">Vi\u0161e o planinarskom tjednu i ovom predavanju pro\u010ditajte na<span>\u00a0<\/span><a href=\"http:\/\/www.nasice.com\/index.php\/tree\/244-udruge\/planinari\/5883-pred-prepunom-dvoranom-doma-kulture-alpinist-stipe-bozic-osvojio-i-nasice\" rel=\"alternate\">Na\u0161ice.com<\/a>.<\/p>\n<\/div>\n<p>[\/et_pb_text][\/et_pb_column][\/et_pb_row][\/et_pb_section]<\/p>\n","protected":false},"excerpt":{"rendered":"<p>U nedjelju 13. studenoga, u 18 sati, zbio se zavr\u0161ni doga\u0111aj &#8220;Planinarskog tjedna&#8221; PD &#8220;Krndija&#8221; Na\u0161ice. Pred punom dvoranom Doma kulture u Na\u0161icama, predavanje o usponu na K2 je odr\u017eao poznati hrvatski alpinist Stipe Bo\u017ei\u0107. Ujedno je time promovirana knjiga o istom doga\u0111aju. Osim doma\u0107ih planinara i zainteresiranih gra\u0111ana, u dvorani je bilo puno planinara [&hellip;]<\/p>\n","protected":false},"author":1,"featured_media":0,"comment_status":"closed","ping_status":"open","sticky":false,"template":"","format":"standard","meta":{"_et_pb_use_builder":"on","_et_pb_old_content":"","_et_gb_content_width":"1080","footnotes":""},"categories":[30],"tags":[],"class_list":["post-3176","post","type-post","status-publish","format-standard","hentry","category-30"],"_links":{"self":[{"href":"https:\/\/www.slavonski-planinari.hr\/arhiva\/wp-json\/wp\/v2\/posts\/3176","targetHints":{"allow":["GET"]}}],"collection":[{"href":"https:\/\/www.slavonski-planinari.hr\/arhiva\/wp-json\/wp\/v2\/posts"}],"about":[{"href":"https:\/\/www.slavonski-planinari.hr\/arhiva\/wp-json\/wp\/v2\/types\/post"}],"author":[{"embeddable":true,"href":"https:\/\/www.slavonski-planinari.hr\/arhiva\/wp-json\/wp\/v2\/users\/1"}],"replies":[{"embeddable":true,"href":"https:\/\/www.slavonski-planinari.hr\/arhiva\/wp-json\/wp\/v2\/comments?post=3176"}],"version-history":[{"count":0,"href":"https:\/\/www.slavonski-planinari.hr\/arhiva\/wp-json\/wp\/v2\/posts\/3176\/revisions"}],"wp:attachment":[{"href":"https:\/\/www.slavonski-planinari.hr\/arhiva\/wp-json\/wp\/v2\/media?parent=3176"}],"wp:term":[{"taxonomy":"category","embeddable":true,"href":"https:\/\/www.slavonski-planinari.hr\/arhiva\/wp-json\/wp\/v2\/categories?post=3176"},{"taxonomy":"post_tag","embeddable":true,"href":"https:\/\/www.slavonski-planinari.hr\/arhiva\/wp-json\/wp\/v2\/tags?post=3176"}],"curies":[{"name":"wp","href":"https:\/\/api.w.org\/{rel}","templated":true}]}}