{"id":3166,"date":"2016-11-16T11:48:00","date_gmt":"2016-11-16T10:48:00","guid":{"rendered":"https:\/\/www.slavonski-planinari.hr\/arhiva\/?p=3166"},"modified":"2023-01-13T11:50:19","modified_gmt":"2023-01-13T10:50:19","slug":"kutjevacko-martinje-okupilo-vise-od-2100-planinara-foto","status":"publish","type":"post","link":"https:\/\/www.slavonski-planinari.hr\/arhiva\/kutjevacko-martinje-okupilo-vise-od-2100-planinara-foto\/","title":{"rendered":"Kutjeva\u010dko Martinje okupilo vi\u0161e od 2100 planinara [FOTO]"},"content":{"rendered":"<p>[et_pb_section fb_built=&#8221;1&#8243; theme_builder_area=&#8221;post_content&#8221; _builder_version=&#8221;4.19.4&#8243; _module_preset=&#8221;default&#8221;][et_pb_row _builder_version=&#8221;4.19.4&#8243; _module_preset=&#8221;default&#8221; theme_builder_area=&#8221;post_content&#8221;][et_pb_column _builder_version=&#8221;4.19.4&#8243; _module_preset=&#8221;default&#8221; type=&#8221;4_4&#8243; theme_builder_area=&#8221;post_content&#8221;][et_pb_text _builder_version=&#8221;4.19.4&#8243; _module_preset=&#8221;default&#8221; theme_builder_area=&#8221;post_content&#8221; hover_enabled=&#8221;0&#8243; sticky_enabled=&#8221;0&#8243;]<\/p>\n<div class=\"itemIntroText\">\n<p style=\"text-align: justify;\">Najve\u0107e dvodnevno tradicionalno planinarsko doga\u0111anje u Slavoniji (i puno \u0161ire) &#8211; Kutjeva\u010dko Martinje, kulminiralo je u nedjelju, 13. studenoga,\u00a0okupljanjem preko 2100 planinara iz cijele Hrvatske, BiH i Srbije.<\/p>\n<\/div>\n<div class=\"itemFullText\">\n<p style=\"text-align: justify;\">Olujno nevrijeme s jakim vjetrom i snijegom, koje je dan ranije bjesnilo ovim krajem, nije pokolebalo prave ljubitelje boravka u prirodi, dru\u017eenja i proizvoda koje vrijedni ljudi stvaraju u suradnji s prirodom. Doma\u0107in, HPD Vidim, do\u010dekao je goste ve\u0107 uobi\u010dajenim besplatnim doma\u0107im doru\u010dkom a po tom su vodi\u010di poveli na hodanje kra\u0107im i du\u017eim stazama.<\/p>\n<p style=\"text-align: justify;\">Po vedrom i hladnom vremenu ra\u0161irile su se grupe planinara po okolnim padinama Krndije. Gazilo se dobrih desetak centimetara svje\u017eeg snijega, \u0161to se jo\u0161 nikada nije dogodilo na ovoj manifestaciji.<\/p>\n<p style=\"text-align: justify;\">Tambura\u0161i su se smjenjivali na pozornici a na Trg gra\u0161evine svakolika ponuda hrane i drugih proizvoda OPGa a nadasve, velik izbor starog i mladog vina za ku\u0161anje i kupovinu. Podrumi \u010dlanova Udruge kutjeva\u010dkih vinara bili su tom prigodom tako\u0111er otvoreni za posjetu.<\/p>\n<p style=\"text-align: justify;\">Kad su se svi vratili sa hodanja, uslijedio je &#8220;obred&#8221; kr\u0161tenja mladog vina pri kojemu su vinskom biskupu Fiji asistirali \u010dlanovi HPD &#8220;Br\u0161ljan-Jankovac&#8221; &#8211; najbrojnijeg dru\u0161tva na manifestaciji.<\/p>\n<p style=\"text-align: justify;\">\u0160e\u0107er na kraju je bio nastup Krunoslava Ki\u0107e Slabinca.<\/p>\n<\/div>\n<p>[\/et_pb_text][\/et_pb_column][\/et_pb_row][et_pb_row _builder_version=&#8221;4.19.4&#8243; _module_preset=&#8221;default&#8221; theme_builder_area=&#8221;post_content&#8221;][et_pb_column _builder_version=&#8221;4.19.4&#8243; _module_preset=&#8221;default&#8221; type=&#8221;4_4&#8243; theme_builder_area=&#8221;post_content&#8221;][et_pb_gallery _builder_version=&#8221;4.19.4&#8243; _module_preset=&#8221;default&#8221; theme_builder_area=&#8221;post_content&#8221; gallery_ids=&#8221;3168,3169,3170,3171,3172,3173,3174&#8243; posts_number=&#8221;7&#8243; show_title_and_caption=&#8221;off&#8221; hover_enabled=&#8221;0&#8243; sticky_enabled=&#8221;0&#8243;][\/et_pb_gallery][\/et_pb_column][\/et_pb_row][\/et_pb_section]<\/p>\n","protected":false},"excerpt":{"rendered":"<p>Najve\u0107e dvodnevno tradicionalno planinarsko doga\u0111anje u Slavoniji (i puno \u0161ire) &#8211; Kutjeva\u010dko Martinje, kulminiralo je u nedjelju, 13. studenoga,\u00a0okupljanjem preko 2100 planinara iz cijele Hrvatske, BiH i Srbije. Olujno nevrijeme s jakim vjetrom i snijegom, koje je dan ranije bjesnilo ovim krajem, nije pokolebalo prave ljubitelje boravka u prirodi, dru\u017eenja i proizvoda koje vrijedni ljudi [&hellip;]<\/p>\n","protected":false},"author":1,"featured_media":0,"comment_status":"closed","ping_status":"open","sticky":false,"template":"","format":"standard","meta":{"_et_pb_use_builder":"on","_et_pb_old_content":"","_et_gb_content_width":"1080","footnotes":""},"categories":[30],"tags":[],"class_list":["post-3166","post","type-post","status-publish","format-standard","hentry","category-30"],"_links":{"self":[{"href":"https:\/\/www.slavonski-planinari.hr\/arhiva\/wp-json\/wp\/v2\/posts\/3166","targetHints":{"allow":["GET"]}}],"collection":[{"href":"https:\/\/www.slavonski-planinari.hr\/arhiva\/wp-json\/wp\/v2\/posts"}],"about":[{"href":"https:\/\/www.slavonski-planinari.hr\/arhiva\/wp-json\/wp\/v2\/types\/post"}],"author":[{"embeddable":true,"href":"https:\/\/www.slavonski-planinari.hr\/arhiva\/wp-json\/wp\/v2\/users\/1"}],"replies":[{"embeddable":true,"href":"https:\/\/www.slavonski-planinari.hr\/arhiva\/wp-json\/wp\/v2\/comments?post=3166"}],"version-history":[{"count":0,"href":"https:\/\/www.slavonski-planinari.hr\/arhiva\/wp-json\/wp\/v2\/posts\/3166\/revisions"}],"wp:attachment":[{"href":"https:\/\/www.slavonski-planinari.hr\/arhiva\/wp-json\/wp\/v2\/media?parent=3166"}],"wp:term":[{"taxonomy":"category","embeddable":true,"href":"https:\/\/www.slavonski-planinari.hr\/arhiva\/wp-json\/wp\/v2\/categories?post=3166"},{"taxonomy":"post_tag","embeddable":true,"href":"https:\/\/www.slavonski-planinari.hr\/arhiva\/wp-json\/wp\/v2\/tags?post=3166"}],"curies":[{"name":"wp","href":"https:\/\/api.w.org\/{rel}","templated":true}]}}