{"id":3110,"date":"2016-11-05T11:35:00","date_gmt":"2016-11-05T10:35:00","guid":{"rendered":"https:\/\/www.slavonski-planinari.hr\/arhiva\/?p=3110"},"modified":"2023-01-13T11:40:06","modified_gmt":"2023-01-13T10:40:06","slug":"dr-schwarz-vodi-na-jankovac-retro-planinarski-izlet-foto","status":"publish","type":"post","link":"https:\/\/www.slavonski-planinari.hr\/arhiva\/dr-schwarz-vodi-na-jankovac-retro-planinarski-izlet-foto\/","title":{"rendered":"Dr. Schwarz vodi na Jankovac &#8211; retro planinarski izlet [FOTO]"},"content":{"rendered":"<p>[et_pb_section fb_built=&#8221;1&#8243; theme_builder_area=&#8221;post_content&#8221; _builder_version=&#8221;4.19.4&#8243; _module_preset=&#8221;default&#8221;][et_pb_row _builder_version=&#8221;4.19.4&#8243; _module_preset=&#8221;default&#8221; theme_builder_area=&#8221;post_content&#8221;][et_pb_column _builder_version=&#8221;4.19.4&#8243; _module_preset=&#8221;default&#8221; type=&#8221;4_4&#8243; theme_builder_area=&#8221;post_content&#8221;][et_pb_text _builder_version=&#8221;4.19.4&#8243; _module_preset=&#8221;default&#8221; theme_builder_area=&#8221;post_content&#8221; hover_enabled=&#8221;0&#8243; sticky_enabled=&#8221;0&#8243;]<\/p>\n<div class=\"itemIntroText\">\n<p style=\"text-align: justify;\">Jo\u0161 jedan predivan izlet je zavr\u0161en\u2026 putovanje kroz vrijeme u aran\u017emanu \u0110or\u0111a Bali\u0107a.<\/p>\n<p style=\"text-align: justify;\">\u0160to re\u0107i \u2026 bilo je predivno. Sve se poslo\u017eilo kako ni zamisliti nismo mogli kada se krenulo u realizaciju izleta.<\/p>\n<\/div>\n<div class=\"itemFullText\">\n<p style=\"text-align: justify;\">Svi suradnici, a bilo ih je podosta, dali su sve od sebe da sve bude kako je \u0110or\u0111e zamislio \u2026 odje\u0107a, stari bicikli, ko\u010dije s konjima, kontrolor, prometnik, glazba, vlak, \u017eelj. karte, izlo\u017eba\u2026<\/p>\n<p style=\"text-align: justify;\">Putovanje kroz vrijeme u okru\u017eenju predivnog Jankovca obojanog bojama jeseni koje se ne mogu opisati, ve\u0107 treba do\u017eivjeti.<\/p>\n<p style=\"text-align: justify;\">Bilo je \u010darobno.<\/p>\n<p style=\"text-align: justify;\">U Po\u017eegi su nas do\u010dekali i ugostili planinari i predsjednik PD \u201cSokolovac\u201d, a u Velikoj predsjednik PD \u201cMali\u0161\u0107ak\u201d tako\u0111er uz dobrodo\u0161licu i starinski doru\u010dak \u2013 kruh s masti i crvenom paprikom.<\/p>\n<p style=\"text-align: justify;\">Uz vo\u017enju ko\u010dijom, starim biciklima te opu\u0161taju\u0107om \u0161etnjom do Jankovca nije se bilo te\u0161ko vratiti u pro\u0161lost. Svi smo se lijepo proveli, saznali mnogo novoga o \u017eeljeznicama, Veli\u010dkoj crkvi i onda\u0161njem na\u010dinu \u017eivljenja.<\/p>\n<p style=\"text-align: justify;\">Povratak u stvarnost nas je rastu\u017eila, no sretni smo \u0161to smo udahnuli i \u017eivjeli malo pro\u0161losti.<\/p>\n<p style=\"text-align: justify;\">Mislim da smo svi jedinstveni u \u017eelji da takav izlet ponovimo. Hvala svim putnicima \u201cvremenskog vlaka\u201d koji su omogu\u0107ili da Retro izlet \u201cugleda svjetlo dana\u201d.<\/p>\n<p style=\"text-align: justify;\">\u017deljka Pavli\u0107, vo\u0111a izleta<\/p>\n<p style=\"text-align: justify;\"><em>tekst preuzet sa web stranice HPD Br\u0161ljan-Jankovac<\/em><br \/><em>Foto: Marija Bokun i Milijan \u017dulj<\/em><\/p>\n<p style=\"text-align: justify;\">&#8230;&#8230;&#8230;&#8230;&#8230;&#8230;&#8230;&#8230;&#8230;&#8230;&#8230;&#8230;&#8230;&#8230;&#8230;&#8230;&#8230;&#8230;.<\/p>\n<h3 style=\"text-align: justify;\">Analiza ostvarene ideje: Dr Schwarz vodi na Jankovac<\/h3>\n<p style=\"text-align: justify;\">U nedjelju 30. listopada 2016. HPD \u201eBr\u0161ljan \u2013 Jankovac\u201c je organizirao retro (nakon 120 godina) izlet: Dr Schwarz vodi na Jankovac. Ideja za izlet (autoru \u0110or\u0111u Bali\u0107u) je bila \u010dlanak \u201eIdemo u Veliku!\u201c objavljen u listu \u201eDie Drau\u201c od 7. srpnja 1985. u kome je mlada, kasnije poznata knji\u017eevnica Vilma Vukeli\u0107 opisala izlet na Jankovac koji je organizirao (za Duhove te godine) ravnatelj Zakladne bolnice u Osijeku Dr. Vatroslav Schwarz. Odu\u0161evljeni u\u010desnici su donijeli odluku o osnivanju prvog osje\u010dkog i slavonskog dru\u0161tva \u201eBr\u0161ljan\u201c.<\/p>\n<p style=\"text-align: justify;\"><strong>U realizaciji ideje se je poku\u0161avalo \u0161to bli\u017ee prima\u0107i \u201eizvorniku\u201c:<\/strong><\/p>\n<ul style=\"text-align: justify;\">\n<li>kretanje sa Gutmannove \u017eeljezni\u010dke stanice, \u201evlakom\u201c \u2013 BUS-om \u010diji je polazak odobrio prometnik u original uniformi sa svom prometni\u010dkom opremom,<\/li>\n<li>putnicima je kondukter cvikao originalne \u017eeljezni\u010dke karte,<\/li>\n<li>putnici su od Trenkova (retro:iz Po\u017eege) se vozili na zapre\u017enim kolima i biciklima (kontra\u0161ima),<\/li>\n<li>u Velikoj je sa vodi\u010dem bila i Vilma Vukeli\u0107,,<\/li>\n<li>na Jankovcu je svirala glasovira\u010dica iz Jankovi\u0107eve kurije,<\/li>\n<li>u\u010desnici i drugi posjetitelji su mogli vidjeti izlo\u017ebu o Gutmannovoj \u017eeljeznici,<\/li>\n<li>za vrijeme vo\u017enje vlakom u\u010desnici su se upoznali sa Jankovcem, \u017eeljeznicom, planinarskom pro\u0161losti,<\/li>\n<li>Dr. Schwarz je predsjedniku HPD ostavio u amanet da \u010duva ime \u201eBr\u0161ljan\u201c.<\/li>\n<\/ul>\n<p style=\"text-align: justify;\"><strong>Ovaj izlet predstavlja i doprinos razvitku teorije i prakse planinarskog izleta, prototip izleta koji \u0107e u planinu povesti i neke nove ljude, a sada\u0161nje \u010dlanove u\u010diniti zadovoljnijima:<\/strong><\/p>\n<ul style=\"text-align: justify;\">\n<li>u organizaciji je aktivno u\u010destvovao ve\u0107i broj ljudi, i to uspje\u0161no,<\/li>\n<li>pasivno je u\u010destvovala ve\u0107ina u\u010desnika (odje\u0107a i sl.),<\/li>\n<li>pomo\u0107 su pru\u017eili prijatelji izvan planinarske organizacije (\u0106urak, Brusa\u010d, Gribl, Krupi\u0107),<\/li>\n<li>pomo\u0107 drugih planinarskih dru\u0161tava, planinara i lokalne zajednice (Tosenberger, Po\u017eega, Velika, TZ &#8211; Velika),<\/li>\n<li>tema &#8211; planinarska i dru\u0161tvena pro\u0161lost (\u017eeljeznica, moda, glazba, ..),<\/li>\n<li>izlet u kome je primljeno puno informacija, a nije zapostavljen osnovni smisao planinarenja &#8211; kretanje,<\/li>\n<li>i drugo.<\/li>\n<\/ul>\n<p style=\"text-align: justify;\">Poruka &#8211; implementirati ideju u druge izlete koji mogu okupiti ve\u0107i broj planinara.<\/p>\n<p style=\"text-align: justify;\">Autor i organizatori izleta su zadovoljni uspje\u0161no\u0161\u0107u realizacije postavljenih ciljeva, a u\u010desnici sadr\u017eajem i na\u010dinom realizacije.<\/p>\n<p style=\"text-align: right;\">\u0110or\u0111e Bali\u0107<\/p>\n<\/div>\n<p>[\/et_pb_text][\/et_pb_column][\/et_pb_row][et_pb_row _builder_version=&#8221;4.19.4&#8243; _module_preset=&#8221;default&#8221; theme_builder_area=&#8221;post_content&#8221;][et_pb_column _builder_version=&#8221;4.19.4&#8243; _module_preset=&#8221;default&#8221; type=&#8221;4_4&#8243; theme_builder_area=&#8221;post_content&#8221;][et_pb_gallery _builder_version=&#8221;4.19.4&#8243; _module_preset=&#8221;default&#8221; theme_builder_area=&#8221;post_content&#8221; gallery_ids=&#8221;3112,3113,3114,3115,3116,3117,3118,3119,3120,3121,3122,3123,3124,3125,3126,3127,3128,3129,3130,3131,3132,3133,3134,3135,3136&#8243; posts_number=&#8221;25&#8243; show_title_and_caption=&#8221;off&#8221; hover_enabled=&#8221;0&#8243; sticky_enabled=&#8221;0&#8243;][\/et_pb_gallery][\/et_pb_column][\/et_pb_row][\/et_pb_section]<\/p>\n","protected":false},"excerpt":{"rendered":"<p>Jo\u0161 jedan predivan izlet je zavr\u0161en\u2026 putovanje kroz vrijeme u aran\u017emanu \u0110or\u0111a Bali\u0107a. \u0160to re\u0107i \u2026 bilo je predivno. Sve se poslo\u017eilo kako ni zamisliti nismo mogli kada se krenulo u realizaciju izleta. Svi suradnici, a bilo ih je podosta, dali su sve od sebe da sve bude kako je \u0110or\u0111e zamislio \u2026 odje\u0107a, stari [&hellip;]<\/p>\n","protected":false},"author":1,"featured_media":0,"comment_status":"closed","ping_status":"open","sticky":false,"template":"","format":"standard","meta":{"_et_pb_use_builder":"on","_et_pb_old_content":"","_et_gb_content_width":"1080","footnotes":""},"categories":[30],"tags":[],"class_list":["post-3110","post","type-post","status-publish","format-standard","hentry","category-30"],"_links":{"self":[{"href":"https:\/\/www.slavonski-planinari.hr\/arhiva\/wp-json\/wp\/v2\/posts\/3110","targetHints":{"allow":["GET"]}}],"collection":[{"href":"https:\/\/www.slavonski-planinari.hr\/arhiva\/wp-json\/wp\/v2\/posts"}],"about":[{"href":"https:\/\/www.slavonski-planinari.hr\/arhiva\/wp-json\/wp\/v2\/types\/post"}],"author":[{"embeddable":true,"href":"https:\/\/www.slavonski-planinari.hr\/arhiva\/wp-json\/wp\/v2\/users\/1"}],"replies":[{"embeddable":true,"href":"https:\/\/www.slavonski-planinari.hr\/arhiva\/wp-json\/wp\/v2\/comments?post=3110"}],"version-history":[{"count":0,"href":"https:\/\/www.slavonski-planinari.hr\/arhiva\/wp-json\/wp\/v2\/posts\/3110\/revisions"}],"wp:attachment":[{"href":"https:\/\/www.slavonski-planinari.hr\/arhiva\/wp-json\/wp\/v2\/media?parent=3110"}],"wp:term":[{"taxonomy":"category","embeddable":true,"href":"https:\/\/www.slavonski-planinari.hr\/arhiva\/wp-json\/wp\/v2\/categories?post=3110"},{"taxonomy":"post_tag","embeddable":true,"href":"https:\/\/www.slavonski-planinari.hr\/arhiva\/wp-json\/wp\/v2\/tags?post=3110"}],"curies":[{"name":"wp","href":"https:\/\/api.w.org\/{rel}","templated":true}]}}