{"id":3106,"date":"2016-11-04T11:32:00","date_gmt":"2016-11-04T10:32:00","guid":{"rendered":"https:\/\/www.slavonski-planinari.hr\/arhiva\/?p=3106"},"modified":"2023-01-13T11:35:19","modified_gmt":"2023-01-13T10:35:19","slug":"planinarski-tjedan-u-nasicama-2","status":"publish","type":"post","link":"https:\/\/www.slavonski-planinari.hr\/arhiva\/planinarski-tjedan-u-nasicama-2\/","title":{"rendered":"Planinarski tjedan u Na\u0161icama"},"content":{"rendered":"<p>[et_pb_section fb_built=&#8221;1&#8243; theme_builder_area=&#8221;post_content&#8221; _builder_version=&#8221;4.19.4&#8243; _module_preset=&#8221;default&#8221;][et_pb_row _builder_version=&#8221;4.19.4&#8243; _module_preset=&#8221;default&#8221; theme_builder_area=&#8221;post_content&#8221;][et_pb_column _builder_version=&#8221;4.19.4&#8243; _module_preset=&#8221;default&#8221; type=&#8221;4_4&#8243; theme_builder_area=&#8221;post_content&#8221;][et_pb_text _builder_version=&#8221;4.19.4&#8243; _module_preset=&#8221;default&#8221; theme_builder_area=&#8221;post_content&#8221; hover_enabled=&#8221;0&#8243; sticky_enabled=&#8221;0&#8243;]<\/p>\n<div class=\"itemIntroText\">\n<p><img loading=\"lazy\" decoding=\"async\" src=\"https:\/\/www.slavonski-planinari.hr\/arhiva\/wp-content\/uploads\/2023\/01\/stipe-bozic.jpg\" width=\"170\" height=\"113\" alt=\"\" class=\"wp-image-3108 alignleft size-full\" \/>PD &#8220;Krndija&#8221; Na\u0161ice ve\u0107 petnaestu u godinu organizira<span>\u00a0<\/span><strong>Planinarski tjedan<\/strong><span>\u00a0<\/span>u svrhu popularizacije planinarstva i predstavljanja aktivnosti.<\/p>\n<p>Ove godine pod pokroviteljstvom grada Na\u0161ica i u suradnji sa Zavi\u010dajnim muzejom i Gradskom knji\u017enicom i \u010ditaonicom interaktivno predavanje \u0107e odr\u017eati Stipe Bo\u017ei\u0107.<\/p>\n<p>&nbsp;<\/p>\n<\/div>\n<div class=\"itemFullText\">\n<p>Stipe Bo\u017ei\u010d je najuspje\u0161niji hrvatski i jedan od najuspje\u0161nijih svjetskih alpinista, dvostruki penja\u010d na Mount Everest i uspje\u0161ni penja\u010d na najvi\u0161e vrhove svih kontinenata. planinar, speleolog, \u010dlan HGSS-a, avanturist, snimatelj, istra\u017eiva\u010d podzemlja i morskih dubina.<\/p>\n<p>Predavanje i ujedno predstavljanje knjige &#8220;K2- Trijumf i tragedija&#8221; odr\u017eat \u0107e se u Domu kulture u Na\u0161icama (kino dvorana) u nedjelju, 13. studenoga u 18, 00 h.<\/p>\n<p>Knjiga \u0107e se mo\u0107i kupiti po promotivnim cijenama.<\/p>\n<p>&nbsp;<\/p>\n<h3 style=\"text-align: center;\">XV. Planinarski tjedan<br \/>(7.- 13. studenoga 2016.)<\/h3>\n<p><strong>\u010detvrtak, 10. studenog 2016.<\/strong><\/p>\n<ul>\n<li><strong>19.00 h<\/strong>, crkva sv. Antuna Padovanskog<br \/>otvorenje izlo\u017ebe \u201ePUTOPISI PLANINARA KROZ SLIKU\u201c Dragutina Kepi\u0107a, \u010dlana HPD-a \u201eKlikun\u201c Pleternica u organizaciji Sekcije sv. Bernarda<\/li>\n<\/ul>\n<p>&nbsp;<\/p>\n<p><strong>nedjelja, 13. studenog 2016<\/strong>.<\/p>\n<ul>\n<li><strong>8,00 h<\/strong><span>\u00a0<\/span>&#8211; polazak s parkirali\u0161ta u centru ispred crkve<br \/>zajedni\u010dki izlet \u010dlanova PD \u201eKrndija\u201c i prijatelja na \u201eMARTINJE U KUTJEVU\u201c<\/li>\n<li><strong>18, 00 h<\/strong><span>\u00a0<\/span>dom kulture (kino dvorana)<br \/>interaktivno predavanje i predstavljanje knjige \u201eK2- TRIJUMF I TRAGEDIJA\u201c Stipe Bo\u017ei\u0107a, proslavljenog alpiniste, planinara, speleologa, snimatelja i dvostrukog penja\u010da na Mount Everest i najvi\u0161e vrhove svih sedam kontinenata u suradnji sa Zavi\u010dajnim muzejom i Gradskom knji\u017enicom i \u010ditaonicom<\/li>\n<\/ul>\n<p style=\"text-align: right;\">Glavni pokrovitelj: Grad Na\u0161ice<br \/>Medijski pokrovitelji: Radio Na\u0161ice<br \/>Tv Na\u0161ice.com<br \/>Glas Slavonije<\/p>\n<p>&nbsp;<\/p>\n<p style=\"text-align: center;\"><em><strong>Radujemo se va\u0161em dolasku!<\/strong><\/em><\/p>\n<\/div>\n<p>[\/et_pb_text][\/et_pb_column][\/et_pb_row][\/et_pb_section]<\/p>\n","protected":false},"excerpt":{"rendered":"<p>PD &#8220;Krndija&#8221; Na\u0161ice ve\u0107 petnaestu u godinu organizira\u00a0Planinarski tjedan\u00a0u svrhu popularizacije planinarstva i predstavljanja aktivnosti. Ove godine pod pokroviteljstvom grada Na\u0161ica i u suradnji sa Zavi\u010dajnim muzejom i Gradskom knji\u017enicom i \u010ditaonicom interaktivno predavanje \u0107e odr\u017eati Stipe Bo\u017ei\u0107. &nbsp; Stipe Bo\u017ei\u010d je najuspje\u0161niji hrvatski i jedan od najuspje\u0161nijih svjetskih alpinista, dvostruki penja\u010d na Mount Everest [&hellip;]<\/p>\n","protected":false},"author":1,"featured_media":0,"comment_status":"closed","ping_status":"open","sticky":false,"template":"","format":"standard","meta":{"_et_pb_use_builder":"on","_et_pb_old_content":"","_et_gb_content_width":"1080","footnotes":""},"categories":[30],"tags":[],"class_list":["post-3106","post","type-post","status-publish","format-standard","hentry","category-30"],"_links":{"self":[{"href":"https:\/\/www.slavonski-planinari.hr\/arhiva\/wp-json\/wp\/v2\/posts\/3106","targetHints":{"allow":["GET"]}}],"collection":[{"href":"https:\/\/www.slavonski-planinari.hr\/arhiva\/wp-json\/wp\/v2\/posts"}],"about":[{"href":"https:\/\/www.slavonski-planinari.hr\/arhiva\/wp-json\/wp\/v2\/types\/post"}],"author":[{"embeddable":true,"href":"https:\/\/www.slavonski-planinari.hr\/arhiva\/wp-json\/wp\/v2\/users\/1"}],"replies":[{"embeddable":true,"href":"https:\/\/www.slavonski-planinari.hr\/arhiva\/wp-json\/wp\/v2\/comments?post=3106"}],"version-history":[{"count":0,"href":"https:\/\/www.slavonski-planinari.hr\/arhiva\/wp-json\/wp\/v2\/posts\/3106\/revisions"}],"wp:attachment":[{"href":"https:\/\/www.slavonski-planinari.hr\/arhiva\/wp-json\/wp\/v2\/media?parent=3106"}],"wp:term":[{"taxonomy":"category","embeddable":true,"href":"https:\/\/www.slavonski-planinari.hr\/arhiva\/wp-json\/wp\/v2\/categories?post=3106"},{"taxonomy":"post_tag","embeddable":true,"href":"https:\/\/www.slavonski-planinari.hr\/arhiva\/wp-json\/wp\/v2\/tags?post=3106"}],"curies":[{"name":"wp","href":"https:\/\/api.w.org\/{rel}","templated":true}]}}