{"id":3102,"date":"2016-10-05T11:30:00","date_gmt":"2016-10-05T10:30:00","guid":{"rendered":"https:\/\/www.slavonski-planinari.hr\/arhiva\/?p=3102"},"modified":"2023-01-13T11:32:34","modified_gmt":"2023-01-13T10:32:34","slug":"17-12-2016-21-memorijalni-pohod-fokinom-stazom-1991","status":"publish","type":"post","link":"https:\/\/www.slavonski-planinari.hr\/arhiva\/17-12-2016-21-memorijalni-pohod-fokinom-stazom-1991\/","title":{"rendered":"17.12.2016. &#8211; 21. Memorijalni pohod &#8220;Fokinom stazom 1991.&#8221;"},"content":{"rendered":"<p>[et_pb_section fb_built=&#8221;1&#8243; theme_builder_area=&#8221;post_content&#8221; _builder_version=&#8221;4.19.4&#8243; _module_preset=&#8221;default&#8221;][et_pb_row _builder_version=&#8221;4.19.4&#8243; _module_preset=&#8221;default&#8221; theme_builder_area=&#8221;post_content&#8221;][et_pb_column _builder_version=&#8221;4.19.4&#8243; _module_preset=&#8221;default&#8221; type=&#8221;4_4&#8243; theme_builder_area=&#8221;post_content&#8221;][et_pb_text _builder_version=&#8221;4.19.4&#8243; _module_preset=&#8221;default&#8221; theme_builder_area=&#8221;post_content&#8221; hover_enabled=&#8221;0&#8243; sticky_enabled=&#8221;0&#8243;]<\/p>\n<ul>\n<li style=\"text-align: justify;\"><strong>17.12.<span>\u00a0<\/span><em>subota<\/em><\/strong><span>\u00a0<\/span>&#8211; 21. Memorijalni pohod &#8220;Fokinom stazom 1991.&#8221;, PD Psunj Pakrac<br \/>(Kre\u0161o \u010cehuli\u0107 &#8211; 098 185 01 31,\u00a0 e- mail:<span>\u00a0<\/span><span id=\"cloak725b4516719a2ae595881899172a9b34\"><span id=\"cloak4f50c028fb6fbdf3ac19fe04a53983fa\"><a href=\"mailto:pakrac@pdpsunj.hr\">pakrac@pdpsunj.hr<\/a><\/span><\/span>.)<\/li>\n<\/ul>\n<p style=\"text-align: justify;\"><img loading=\"lazy\" decoding=\"async\" src=\"https:\/\/www.slavonski-planinari.hr\/arhiva\/wp-content\/uploads\/2023\/01\/sps.png\" width=\"113\" height=\"125\" alt=\"\" class=\"wp-image-2293 alignleft size-full\" \/>Tradicionalni memorijalni planinarski pohod &#8220;Fokinom stazom 1991. organiziramo u subptu, 17. prosinca 2016. godine. Pohod se odr\u017eava u znak sje\u0107anja na Domovinski rat i pogibije na\u0161ih branitelja: Ivana Bedekovi\u0107a, Antu \u0106uri\u0107a, Franju Ga\u0161para, Marijana Kulhavog Foku, Dra\u017eena Hudeca, \u017deljka Novosela i Darka Pero\u0161a.<\/p>\n<p style=\"text-align: justify;\">Kao i ranijih godina, prije samog polaska na pohod, ujutro od 9 do 10 sati, u\u010desnici mogu besplatno pogledati stalni izlo\u017ebeni postav Vojne i ratne povijesti, koji je uspostavljen velikim trudom na\u0161eg pakra\u010dkog profesora Marija Tu\u0161eka i \u010dlanov aKluba ratni\u010dkih vje\u0161tina Pakrac. Izlo\u017eba je na adresi Hrvatskih velikana 3 i nalazi se u biv\u0161oj zgradi stare Varo\u0161ke ku\u0107e, tj. iznad sada\u0161nje prostorije Turisti\u010dke zajednice Pakrac, bo\u010dni ulaz desno, 1. kat, u neposrednoj blizini Trga bana Josipa Jela\u010di\u0107a.<\/p>\n<p style=\"text-align: justify;\"><strong>Polazak na pohod je u 10 sati s mjesta okupljanja na Trgu bana Josipa Jela\u010di\u0107a u Pakracu.<\/strong><\/p>\n<p style=\"text-align: justify;\"><strong>Napominjemo<\/strong><span>\u00a0<\/span>da se parkirna mjesta u gradu napla\u0107uju, pa prema tome valja voditi ra\u010duna. U neposrednoj blizini Trga kod kojeg se okupljamo, nalaze se i lokacije bez naplate parkinga.<\/p>\n<p style=\"text-align: justify;\">Iz Pakraca polazimo u organiziranoj koloni uhodanom trasom pohoda. Iznad crkve Svetog Roka simpazizer planinara, na\u0161 sugra\u0111anin Sre\u0107ko Brus sa svojim prijateljima i ove \u0107e godine pod trijemom svoje ku\u0107e, u\u010desnike pohoda po\u010dastiti toplim okrepljuju\u0107im napitcima i slavonskim mesnatim prera\u0111evinama.\u00a0<\/p>\n<p style=\"text-align: justify;\">Na kraju ulice Sveti Rok, kod spomen\u2013obilje\u017eja na\u0161im braniteljima, polo\u017eit \u0107emo vijence, zapaliti svije\u0107e i odati po\u010dast uz prisje\u0107anje na Domovinski rat.<\/p>\n<p style=\"text-align: justify;\">Kosom iznad sela Kraguj i preko planinarskog odmori\u0161ta Trome\u0111a uobi\u010dajenim markiranim planinarskim pravcima nastavit \u0107emo pje\u0161a\u010denje do planinarskog doma Omanovac.<br \/>Ovim putem \u017eelimo napomenuti i skrenuti pozornost da dio trase sporedne planinarske staze od planinarskog odmori\u0161ta Trome\u0111a za pl.dom Omanovac, sada prolazi kroz visoku \u0161umu podru\u010djem Kre\u0161evina, a ne vi\u0161e dolinom po obraslom poljsko-\u0161umskom putu preko polu \u010distina. Tako\u0111er napominjemo da je zbog devastacije \u0161umskog terena i sje\u010de \u0161ume na Omanovcu ukinut spojni odvojak od Fokine staze od podno\u017eja skija\u0161ke staze za planinarski dom.<\/p>\n<p style=\"text-align: justify;\">U domu \u0107e biti prire\u0111en<span>\u00a0<\/span><strong>topli \u010daj dobrodo\u0161lice i planinarski grah<\/strong><span>\u00a0<\/span>po cijeni od 20,00 kn. Nakon ru\u010dka, planinarsko dru\u017eenje nastavljamo uz \u017eivu muziku.<\/p>\n<p style=\"text-align: justify;\">U propagandnoj ponudi na\u0161eg dru\u0161tva planiramo imati prigodne suvenire, novu naljepnicu i novi pe\u010dat planinarskog pohoda, majice, kape, ambleme, knjigu o povijesti pakra\u010dkog planinarstva autora Rudolfa Ci\u0161pera, letak o povijesti Fokine staze, dnevnik Fokine planinarske obilaznice, na\u0161 novi dnevnik planinarske obilaznice Planinarski put Psunjem, te druge propagandne materijale.<\/p>\n<p style=\"text-align: justify;\"><strong>Organizirani pje\u0161a\u010dki povratak u Pakrac je u 17 sati, a okupljanje je kod putokaznog stupa na velikoj livadi kod planinarskog doma Omanovac.<\/strong><\/p>\n<p style=\"text-align: justify;\">Za planinarski pohod obucite se primjereno vremenskim prilikama. Pohodu pristupate na vlastitu odgovornost uz po\u0161tivanje pravila sigurnog boravka u planinama i treba slu\u0161ati upute vodi\u010da. Zbog bolje organiziranosti pohoda najavite nam nekoliko dana ranije svoj dolazak sa ukupnim brojnim sudionika.<\/p>\n<p style=\"text-align: justify;\">\n<p style=\"text-align: justify;\">Na\u0161i kontakti su:<\/p>\n<ul style=\"text-align: justify;\">\n<li>Stevo 098 482 875,<span>\u00a0<\/span><span id=\"cloakbc6ab64535431b5273a5354ec784da53\"><a href=\"mailto:nagy.stevo@gmail.com\">nagy.stevo@gmail.com<\/a><\/span><\/li>\n<li>Boro 098 325 508,<span>\u00a0<\/span><span id=\"cloakb1e765362fee2e6fc511947210475b61\"><a href=\"mailto:borocerni@gmail.com\">borocerni@gmail.com<\/a><\/span>,<\/li>\n<\/ul>\n<p style=\"text-align: justify;\">ili nam se javite na gore navedenu dru\u0161tvenu mail adresu.<\/p>\n<p style=\"text-align: center;\"><strong>Radujemo se Va\u0161em dolasku.<\/strong><\/p>\n<p>[\/et_pb_text][\/et_pb_column][\/et_pb_row][\/et_pb_section]<\/p>\n","protected":false},"excerpt":{"rendered":"<p>17.12.\u00a0subota\u00a0&#8211; 21. Memorijalni pohod &#8220;Fokinom stazom 1991.&#8221;, PD Psunj Pakrac(Kre\u0161o \u010cehuli\u0107 &#8211; 098 185 01 31,\u00a0 e- mail:\u00a0pakrac@pdpsunj.hr.) Tradicionalni memorijalni planinarski pohod &#8220;Fokinom stazom 1991. organiziramo u subptu, 17. prosinca 2016. godine. Pohod se odr\u017eava u znak sje\u0107anja na Domovinski rat i pogibije na\u0161ih branitelja: Ivana Bedekovi\u0107a, Antu \u0106uri\u0107a, Franju Ga\u0161para, Marijana Kulhavog Foku, Dra\u017eena [&hellip;]<\/p>\n","protected":false},"author":1,"featured_media":0,"comment_status":"closed","ping_status":"open","sticky":false,"template":"","format":"standard","meta":{"_et_pb_use_builder":"on","_et_pb_old_content":"","_et_gb_content_width":"1080","footnotes":""},"categories":[30],"tags":[],"class_list":["post-3102","post","type-post","status-publish","format-standard","hentry","category-30"],"_links":{"self":[{"href":"https:\/\/www.slavonski-planinari.hr\/arhiva\/wp-json\/wp\/v2\/posts\/3102","targetHints":{"allow":["GET"]}}],"collection":[{"href":"https:\/\/www.slavonski-planinari.hr\/arhiva\/wp-json\/wp\/v2\/posts"}],"about":[{"href":"https:\/\/www.slavonski-planinari.hr\/arhiva\/wp-json\/wp\/v2\/types\/post"}],"author":[{"embeddable":true,"href":"https:\/\/www.slavonski-planinari.hr\/arhiva\/wp-json\/wp\/v2\/users\/1"}],"replies":[{"embeddable":true,"href":"https:\/\/www.slavonski-planinari.hr\/arhiva\/wp-json\/wp\/v2\/comments?post=3102"}],"version-history":[{"count":0,"href":"https:\/\/www.slavonski-planinari.hr\/arhiva\/wp-json\/wp\/v2\/posts\/3102\/revisions"}],"wp:attachment":[{"href":"https:\/\/www.slavonski-planinari.hr\/arhiva\/wp-json\/wp\/v2\/media?parent=3102"}],"wp:term":[{"taxonomy":"category","embeddable":true,"href":"https:\/\/www.slavonski-planinari.hr\/arhiva\/wp-json\/wp\/v2\/categories?post=3102"},{"taxonomy":"post_tag","embeddable":true,"href":"https:\/\/www.slavonski-planinari.hr\/arhiva\/wp-json\/wp\/v2\/tags?post=3102"}],"curies":[{"name":"wp","href":"https:\/\/api.w.org\/{rel}","templated":true}]}}